{"id":11,"date":"2013-04-02T09:31:00","date_gmt":"2013-04-02T08:31:00","guid":{"rendered":""},"modified":"2018-11-19T18:32:30","modified_gmt":"2018-11-19T17:32:30","slug":"empezando-la-primavera","status":"publish","type":"post","link":"https:\/\/www.fotografiassinpalabras.com\/blog\/empezando-la-primavera\/","title":{"rendered":"Empezando la primavera"},"content":{"rendered":"<p><!--more--><\/p>\n<p><div style=\"width: 510px\" class=\"wp-caption aligncenter\"><a title=\"Tras la tormenta\" href=\"\/blog\/wp-content\/uploads\/2013\/04\/8607193418_8a7d411bdb.jpg\" target=\"_blank\" rel=\"noopener\"><img loading=\"lazy\" decoding=\"async\" title=\"Tras la tormenta\" src=\"\/blog\/wp-content\/uploads\/2013\/04\/8607193418_8a7d411bdb.jpg\" alt=\"Tras la tormenta\" width=\"500\" height=\"375\" \/><\/a><p class=\"wp-caption-text\"><a href=\"\/blog\/wp-content\/uploads\/2013\/04\/8607193418_8a7d411bdb.jpg\" target=\"_blank\" rel=\"noopener\">Tras la tormenta<\/a><\/p><\/div><br \/>\n<div style=\"width: 510px\" class=\"wp-caption aligncenter\"><a title=\"Sembrado\" href=\"\/blog\/wp-content\/uploads\/2013\/04\/8606072443_05e66dc606.jpg\" target=\"_blank\" rel=\"noopener\"><img loading=\"lazy\" decoding=\"async\" title=\"Sembrado\" src=\"\/blog\/wp-content\/uploads\/2013\/04\/8606072443_05e66dc606.jpg\" alt=\"Sembrado\" width=\"500\" height=\"375\" \/><\/a><p class=\"wp-caption-text\"><a href=\"\/blog\/wp-content\/uploads\/2013\/04\/8606072443_05e66dc606.jpg\" target=\"_blank\" rel=\"noopener\">Sembrado<\/a><\/p><\/div><br \/>\n<div style=\"width: 510px\" class=\"wp-caption aligncenter\"><a title=\"Puertas al campo\" href=\"\/blog\/wp-content\/uploads\/2013\/04\/8606069977_e967a36cc4.jpg\" target=\"_blank\" rel=\"noopener\"><img loading=\"lazy\" decoding=\"async\" title=\"Puertas al campo\" src=\"\/blog\/wp-content\/uploads\/2013\/04\/8606069977_e967a36cc4.jpg\" alt=\"Puertas al campo\" width=\"500\" height=\"375\" \/><\/a><p class=\"wp-caption-text\"><a href=\"\/blog\/wp-content\/uploads\/2013\/04\/8606069977_e967a36cc4.jpg\" target=\"_blank\" rel=\"noopener\">Puertas al campo<\/a><\/p><\/div><br \/>\n<div style=\"width: 510px\" class=\"wp-caption aligncenter\"><a title=\"\u00c1rbol solitario\" href=\"\/blog\/wp-content\/uploads\/2013\/04\/8607180458_f83fb36b6e.jpg\" target=\"_blank\" rel=\"noopener\"><img loading=\"lazy\" decoding=\"async\" title=\"\u00c1rbol solitario\" src=\"\/blog\/wp-content\/uploads\/2013\/04\/8607180458_f83fb36b6e.jpg\" alt=\"\u00c1rbol solitario\" width=\"500\" height=\"375\" \/><\/a><p class=\"wp-caption-text\"><a href=\"\/blog\/wp-content\/uploads\/2013\/04\/8607180458_f83fb36b6e.jpg\" target=\"_blank\" rel=\"noopener\">\u00c1rbol solitario<\/a><\/p><\/div><br \/>\n<div style=\"width: 510px\" class=\"wp-caption aligncenter\"><a title=\"Pinares de Castilla\" href=\"\/blog\/wp-content\/uploads\/2013\/04\/8606077777_22d809e03f.jpg\" target=\"_blank\" rel=\"noopener\"><img loading=\"lazy\" decoding=\"async\" title=\"Pinares de Castilla\" src=\"\/blog\/wp-content\/uploads\/2013\/04\/8606077777_22d809e03f.jpg\" alt=\"Pinares de Castilla\" width=\"500\" height=\"375\" \/><\/a><p class=\"wp-caption-text\"><a href=\"\/blog\/wp-content\/uploads\/2013\/04\/8606077777_22d809e03f.jpg\" target=\"_blank\" rel=\"noopener\">Pinares de Castilla<\/a><\/p><\/div><br \/>\n<div style=\"width: 510px\" class=\"wp-caption aligncenter\"><a title=\"Estaci\u00f3n meteorol\u00f3gica\" href=\"\/blog\/wp-content\/uploads\/2013\/04\/8607193350_9f3aa03262.jpg\" target=\"_blank\" rel=\"noopener\"><img loading=\"lazy\" decoding=\"async\" title=\"Estaci\u00f3n meteorol\u00f3gica\" src=\"\/blog\/wp-content\/uploads\/2013\/04\/8607193350_9f3aa03262.jpg\" alt=\"Estaci\u00f3n meteorol\u00f3gica\" width=\"500\" height=\"375\" \/><\/a><p class=\"wp-caption-text\"><a href=\"\/blog\/wp-content\/uploads\/2013\/04\/8607193350_9f3aa03262.jpg\" target=\"_blank\" rel=\"noopener\">Estaci\u00f3n meteorol\u00f3gica<\/a><\/p><\/div><\/p>\n","protected":false},"excerpt":{"rendered":"","protected":false},"author":1,"featured_media":64,"comment_status":"open","ping_status":"open","sticky":false,"template":"","format":"standard","meta":{"_exactmetrics_skip_tracking":false,"_exactmetrics_sitenote_active":false,"_exactmetrics_sitenote_note":"","_exactmetrics_sitenote_category":0,"footnotes":""},"categories":[1],"tags":[325,293,326,327,328,329,330,249,331,332,270,333,316,272,334,335,336,337],"class_list":["post-11","post","type-post","status-publish","format-standard","has-post-thumbnail","hentry","category-sin-categoria","tag-arbol","tag-atardecer","tag-autilla","tag-boveda-de-toro","tag-campos","tag-degradado","tag-estacion","tag-fotografia","tag-meteorologica","tag-molinos","tag-nocturna","tag-nubes","tag-paisaje","tag-palencia","tag-pinar","tag-puerta","tag-sembrado","tag-solitario"],"yoast_head":"<!-- This site is optimized with the Yoast SEO plugin v25.9 - https:\/\/yoast.com\/wordpress\/plugins\/seo\/ -->\n<title>Empezando la primavera - Disfrute de la fotograf\u00eda sin palabras<\/title>\n<meta name=\"description\" content=\"Fotograf\u00edas realizadas por Iv\u00e1n Ramos Mu\u00f1oz en la primavera del 2013. En todas las fotograf\u00edas se utiliz\u00f3 la t\u00e9cnica de filtros degradados\" \/>\n<meta name=\"robots\" content=\"index, follow, max-snippet:-1, max-image-preview:large, max-video-preview:-1\" \/>\n<link rel=\"canonical\" href=\"https:\/\/www.fotografiassinpalabras.com\/blog\/empezando-la-primavera\/\" \/>\n<meta property=\"og:locale\" content=\"es_ES\" \/>\n<meta property=\"og:type\" content=\"article\" \/>\n<meta property=\"og:title\" content=\"Empezando la primavera - Disfrute de la fotograf\u00eda sin palabras\" \/>\n<meta property=\"og:description\" content=\"Fotograf\u00edas realizadas por Iv\u00e1n Ramos Mu\u00f1oz en la primavera del 2013. En todas las fotograf\u00edas se utiliz\u00f3 la t\u00e9cnica de filtros degradados\" \/>\n<meta property=\"og:url\" content=\"https:\/\/www.fotografiassinpalabras.com\/blog\/empezando-la-primavera\/\" \/>\n<meta property=\"og:site_name\" content=\"Disfrute de la fotograf\u00eda sin palabras\" \/>\n<meta property=\"article:published_time\" content=\"2013-04-02T08:31:00+00:00\" \/>\n<meta property=\"article:modified_time\" content=\"2018-11-19T17:32:30+00:00\" \/>\n<meta property=\"og:image\" content=\"https:\/\/www.fotografiassinpalabras.com\/blog\/wp-content\/uploads\/2013\/04\/8607193418_8a7d411bdb.jpg\" \/>\n\t<meta property=\"og:image:width\" content=\"1024\" \/>\n\t<meta property=\"og:image:height\" content=\"768\" \/>\n\t<meta property=\"og:image:type\" content=\"image\/jpeg\" \/>\n<meta name=\"author\" content=\"Iv\u00e1n Ramos Mu\u00f1oz\" \/>\n<meta name=\"twitter:card\" content=\"summary_large_image\" \/>\n<meta name=\"twitter:creator\" content=\"@ivanuski9\" \/>\n<meta name=\"twitter:site\" content=\"@ivanuski9\" \/>\n<meta name=\"twitter:label1\" content=\"Escrito por\" \/>\n\t<meta name=\"twitter:data1\" content=\"Iv\u00e1n Ramos Mu\u00f1oz\" \/>\n<script type=\"application\/ld+json\" class=\"yoast-schema-graph\">{\"@context\":\"https:\/\/schema.org\",\"@graph\":[{\"@type\":\"Article\",\"@id\":\"https:\/\/www.fotografiassinpalabras.com\/blog\/empezando-la-primavera\/#article\",\"isPartOf\":{\"@id\":\"https:\/\/www.fotografiassinpalabras.com\/blog\/empezando-la-primavera\/\"},\"author\":{\"name\":\"Iv\u00e1n Ramos Mu\u00f1oz\",\"@id\":\"https:\/\/www.fotografiassinpalabras.com\/blog\/#\/schema\/person\/570c06dfae5d1ac88c889586f451770e\"},\"headline\":\"Empezando la primavera\",\"datePublished\":\"2013-04-02T08:31:00+00:00\",\"dateModified\":\"2018-11-19T17:32:30+00:00\",\"mainEntityOfPage\":{\"@id\":\"https:\/\/www.fotografiassinpalabras.com\/blog\/empezando-la-primavera\/\"},\"wordCount\":55,\"commentCount\":0,\"publisher\":{\"@id\":\"https:\/\/www.fotografiassinpalabras.com\/blog\/#\/schema\/person\/570c06dfae5d1ac88c889586f451770e\"},\"image\":{\"@id\":\"https:\/\/www.fotografiassinpalabras.com\/blog\/empezando-la-primavera\/#primaryimage\"},\"thumbnailUrl\":\"https:\/\/www.fotografiassinpalabras.com\/blog\/wp-content\/uploads\/2013\/04\/8607193418_8a7d411bdb.jpg\",\"keywords\":[\"\u00e1rbol\",\"atardecer\",\"Autilla\",\"Boveda de Toro\",\"campos\",\"degradado\",\"estaci\u00f3n\",\"fotografia\",\"meteorol\u00f3gica\",\"molinos\",\"nocturna\",\"nubes\",\"Paisaje\",\"Palencia\",\"pinar\",\"puerta\",\"sembrado\",\"solitario\"],\"inLanguage\":\"es\",\"potentialAction\":[{\"@type\":\"CommentAction\",\"name\":\"Comment\",\"target\":[\"https:\/\/www.fotografiassinpalabras.com\/blog\/empezando-la-primavera\/#respond\"]}]},{\"@type\":\"WebPage\",\"@id\":\"https:\/\/www.fotografiassinpalabras.com\/blog\/empezando-la-primavera\/\",\"url\":\"https:\/\/www.fotografiassinpalabras.com\/blog\/empezando-la-primavera\/\",\"name\":\"Empezando la primavera - Disfrute de la fotograf\u00eda sin palabras\",\"isPartOf\":{\"@id\":\"https:\/\/www.fotografiassinpalabras.com\/blog\/#website\"},\"primaryImageOfPage\":{\"@id\":\"https:\/\/www.fotografiassinpalabras.com\/blog\/empezando-la-primavera\/#primaryimage\"},\"image\":{\"@id\":\"https:\/\/www.fotografiassinpalabras.com\/blog\/empezando-la-primavera\/#primaryimage\"},\"thumbnailUrl\":\"https:\/\/www.fotografiassinpalabras.com\/blog\/wp-content\/uploads\/2013\/04\/8607193418_8a7d411bdb.jpg\",\"datePublished\":\"2013-04-02T08:31:00+00:00\",\"dateModified\":\"2018-11-19T17:32:30+00:00\",\"description\":\"Fotograf\u00edas realizadas por Iv\u00e1n Ramos Mu\u00f1oz en la primavera del 2013. En todas las fotograf\u00edas se utiliz\u00f3 la t\u00e9cnica de filtros degradados\",\"breadcrumb\":{\"@id\":\"https:\/\/www.fotografiassinpalabras.com\/blog\/empezando-la-primavera\/#breadcrumb\"},\"inLanguage\":\"es\",\"potentialAction\":[{\"@type\":\"ReadAction\",\"target\":[\"https:\/\/www.fotografiassinpalabras.com\/blog\/empezando-la-primavera\/\"]}]},{\"@type\":\"ImageObject\",\"inLanguage\":\"es\",\"@id\":\"https:\/\/www.fotografiassinpalabras.com\/blog\/empezando-la-primavera\/#primaryimage\",\"url\":\"https:\/\/www.fotografiassinpalabras.com\/blog\/wp-content\/uploads\/2013\/04\/8607193418_8a7d411bdb.jpg\",\"contentUrl\":\"https:\/\/www.fotografiassinpalabras.com\/blog\/wp-content\/uploads\/2013\/04\/8607193418_8a7d411bdb.jpg\",\"width\":1024,\"height\":768},{\"@type\":\"BreadcrumbList\",\"@id\":\"https:\/\/www.fotografiassinpalabras.com\/blog\/empezando-la-primavera\/#breadcrumb\",\"itemListElement\":[{\"@type\":\"ListItem\",\"position\":1,\"name\":\"Portada\",\"item\":\"https:\/\/www.fotografiassinpalabras.com\/blog\/\"},{\"@type\":\"ListItem\",\"position\":2,\"name\":\"Empezando la primavera\"}]},{\"@type\":\"WebSite\",\"@id\":\"https:\/\/www.fotografiassinpalabras.com\/blog\/#website\",\"url\":\"https:\/\/www.fotografiassinpalabras.com\/blog\/\",\"name\":\"Disfrute de la fotograf\u00eda sin palabras\",\"description\":\"Este blog pretende abrir una ventana a mis fotograf\u00edas. En \u00e9l ir\u00e9 colgando las fotograf\u00edas que voy haciendo sin ning\u00fan tipo de explicaci\u00f3n, simplemente im\u00e1genes que intentar\u00e1n mostrar una historia, un lugar o simplemente instant\u00e1neas sueltas del mundo que nos rodea. #fotografiassinpalabras\",\"publisher\":{\"@id\":\"https:\/\/www.fotografiassinpalabras.com\/blog\/#\/schema\/person\/570c06dfae5d1ac88c889586f451770e\"},\"potentialAction\":[{\"@type\":\"SearchAction\",\"target\":{\"@type\":\"EntryPoint\",\"urlTemplate\":\"https:\/\/www.fotografiassinpalabras.com\/blog\/?s={search_term_string}\"},\"query-input\":{\"@type\":\"PropertyValueSpecification\",\"valueRequired\":true,\"valueName\":\"search_term_string\"}}],\"inLanguage\":\"es\"},{\"@type\":[\"Person\",\"Organization\"],\"@id\":\"https:\/\/www.fotografiassinpalabras.com\/blog\/#\/schema\/person\/570c06dfae5d1ac88c889586f451770e\",\"name\":\"Iv\u00e1n Ramos Mu\u00f1oz\",\"image\":{\"@type\":\"ImageObject\",\"inLanguage\":\"es\",\"@id\":\"https:\/\/www.fotografiassinpalabras.com\/blog\/#\/schema\/person\/image\/\",\"url\":\"https:\/\/www.fotografiassinpalabras.com\/blog\/wp-content\/uploads\/2017\/11\/3064514_1024px.jpg\",\"contentUrl\":\"https:\/\/www.fotografiassinpalabras.com\/blog\/wp-content\/uploads\/2017\/11\/3064514_1024px.jpg\",\"width\":1024,\"height\":1024,\"caption\":\"Iv\u00e1n Ramos Mu\u00f1oz\"},\"logo\":{\"@id\":\"https:\/\/www.fotografiassinpalabras.com\/blog\/#\/schema\/person\/image\/\"},\"sameAs\":[\"https:\/\/www.fotografiassinpalabras.com\/blog\",\"https:\/\/x.com\/ivanuski9\"]}]}<\/script>\n<!-- \/ Yoast SEO plugin. -->","yoast_head_json":{"title":"Empezando la primavera - Disfrute de la fotograf\u00eda sin palabras","description":"Fotograf\u00edas realizadas por Iv\u00e1n Ramos Mu\u00f1oz en la primavera del 2013. En todas las fotograf\u00edas se utiliz\u00f3 la t\u00e9cnica de filtros degradados","robots":{"index":"index","follow":"follow","max-snippet":"max-snippet:-1","max-image-preview":"max-image-preview:large","max-video-preview":"max-video-preview:-1"},"canonical":"https:\/\/www.fotografiassinpalabras.com\/blog\/empezando-la-primavera\/","og_locale":"es_ES","og_type":"article","og_title":"Empezando la primavera - Disfrute de la fotograf\u00eda sin palabras","og_description":"Fotograf\u00edas realizadas por Iv\u00e1n Ramos Mu\u00f1oz en la primavera del 2013. En todas las fotograf\u00edas se utiliz\u00f3 la t\u00e9cnica de filtros degradados","og_url":"https:\/\/www.fotografiassinpalabras.com\/blog\/empezando-la-primavera\/","og_site_name":"Disfrute de la fotograf\u00eda sin palabras","article_published_time":"2013-04-02T08:31:00+00:00","article_modified_time":"2018-11-19T17:32:30+00:00","og_image":[{"width":1024,"height":768,"url":"https:\/\/www.fotografiassinpalabras.com\/blog\/wp-content\/uploads\/2013\/04\/8607193418_8a7d411bdb.jpg","type":"image\/jpeg"}],"author":"Iv\u00e1n Ramos Mu\u00f1oz","twitter_card":"summary_large_image","twitter_creator":"@ivanuski9","twitter_site":"@ivanuski9","twitter_misc":{"Escrito por":"Iv\u00e1n Ramos Mu\u00f1oz"},"schema":{"@context":"https:\/\/schema.org","@graph":[{"@type":"Article","@id":"https:\/\/www.fotografiassinpalabras.com\/blog\/empezando-la-primavera\/#article","isPartOf":{"@id":"https:\/\/www.fotografiassinpalabras.com\/blog\/empezando-la-primavera\/"},"author":{"name":"Iv\u00e1n Ramos Mu\u00f1oz","@id":"https:\/\/www.fotografiassinpalabras.com\/blog\/#\/schema\/person\/570c06dfae5d1ac88c889586f451770e"},"headline":"Empezando la primavera","datePublished":"2013-04-02T08:31:00+00:00","dateModified":"2018-11-19T17:32:30+00:00","mainEntityOfPage":{"@id":"https:\/\/www.fotografiassinpalabras.com\/blog\/empezando-la-primavera\/"},"wordCount":55,"commentCount":0,"publisher":{"@id":"https:\/\/www.fotografiassinpalabras.com\/blog\/#\/schema\/person\/570c06dfae5d1ac88c889586f451770e"},"image":{"@id":"https:\/\/www.fotografiassinpalabras.com\/blog\/empezando-la-primavera\/#primaryimage"},"thumbnailUrl":"https:\/\/www.fotografiassinpalabras.com\/blog\/wp-content\/uploads\/2013\/04\/8607193418_8a7d411bdb.jpg","keywords":["\u00e1rbol","atardecer","Autilla","Boveda de Toro","campos","degradado","estaci\u00f3n","fotografia","meteorol\u00f3gica","molinos","nocturna","nubes","Paisaje","Palencia","pinar","puerta","sembrado","solitario"],"inLanguage":"es","potentialAction":[{"@type":"CommentAction","name":"Comment","target":["https:\/\/www.fotografiassinpalabras.com\/blog\/empezando-la-primavera\/#respond"]}]},{"@type":"WebPage","@id":"https:\/\/www.fotografiassinpalabras.com\/blog\/empezando-la-primavera\/","url":"https:\/\/www.fotografiassinpalabras.com\/blog\/empezando-la-primavera\/","name":"Empezando la primavera - Disfrute de la fotograf\u00eda sin palabras","isPartOf":{"@id":"https:\/\/www.fotografiassinpalabras.com\/blog\/#website"},"primaryImageOfPage":{"@id":"https:\/\/www.fotografiassinpalabras.com\/blog\/empezando-la-primavera\/#primaryimage"},"image":{"@id":"https:\/\/www.fotografiassinpalabras.com\/blog\/empezando-la-primavera\/#primaryimage"},"thumbnailUrl":"https:\/\/www.fotografiassinpalabras.com\/blog\/wp-content\/uploads\/2013\/04\/8607193418_8a7d411bdb.jpg","datePublished":"2013-04-02T08:31:00+00:00","dateModified":"2018-11-19T17:32:30+00:00","description":"Fotograf\u00edas realizadas por Iv\u00e1n Ramos Mu\u00f1oz en la primavera del 2013. En todas las fotograf\u00edas se utiliz\u00f3 la t\u00e9cnica de filtros degradados","breadcrumb":{"@id":"https:\/\/www.fotografiassinpalabras.com\/blog\/empezando-la-primavera\/#breadcrumb"},"inLanguage":"es","potentialAction":[{"@type":"ReadAction","target":["https:\/\/www.fotografiassinpalabras.com\/blog\/empezando-la-primavera\/"]}]},{"@type":"ImageObject","inLanguage":"es","@id":"https:\/\/www.fotografiassinpalabras.com\/blog\/empezando-la-primavera\/#primaryimage","url":"https:\/\/www.fotografiassinpalabras.com\/blog\/wp-content\/uploads\/2013\/04\/8607193418_8a7d411bdb.jpg","contentUrl":"https:\/\/www.fotografiassinpalabras.com\/blog\/wp-content\/uploads\/2013\/04\/8607193418_8a7d411bdb.jpg","width":1024,"height":768},{"@type":"BreadcrumbList","@id":"https:\/\/www.fotografiassinpalabras.com\/blog\/empezando-la-primavera\/#breadcrumb","itemListElement":[{"@type":"ListItem","position":1,"name":"Portada","item":"https:\/\/www.fotografiassinpalabras.com\/blog\/"},{"@type":"ListItem","position":2,"name":"Empezando la primavera"}]},{"@type":"WebSite","@id":"https:\/\/www.fotografiassinpalabras.com\/blog\/#website","url":"https:\/\/www.fotografiassinpalabras.com\/blog\/","name":"Disfrute de la fotograf\u00eda sin palabras","description":"Este blog pretende abrir una ventana a mis fotograf\u00edas. En \u00e9l ir\u00e9 colgando las fotograf\u00edas que voy haciendo sin ning\u00fan tipo de explicaci\u00f3n, simplemente im\u00e1genes que intentar\u00e1n mostrar una historia, un lugar o simplemente instant\u00e1neas sueltas del mundo que nos rodea. #fotografiassinpalabras","publisher":{"@id":"https:\/\/www.fotografiassinpalabras.com\/blog\/#\/schema\/person\/570c06dfae5d1ac88c889586f451770e"},"potentialAction":[{"@type":"SearchAction","target":{"@type":"EntryPoint","urlTemplate":"https:\/\/www.fotografiassinpalabras.com\/blog\/?s={search_term_string}"},"query-input":{"@type":"PropertyValueSpecification","valueRequired":true,"valueName":"search_term_string"}}],"inLanguage":"es"},{"@type":["Person","Organization"],"@id":"https:\/\/www.fotografiassinpalabras.com\/blog\/#\/schema\/person\/570c06dfae5d1ac88c889586f451770e","name":"Iv\u00e1n Ramos Mu\u00f1oz","image":{"@type":"ImageObject","inLanguage":"es","@id":"https:\/\/www.fotografiassinpalabras.com\/blog\/#\/schema\/person\/image\/","url":"https:\/\/www.fotografiassinpalabras.com\/blog\/wp-content\/uploads\/2017\/11\/3064514_1024px.jpg","contentUrl":"https:\/\/www.fotografiassinpalabras.com\/blog\/wp-content\/uploads\/2017\/11\/3064514_1024px.jpg","width":1024,"height":1024,"caption":"Iv\u00e1n Ramos Mu\u00f1oz"},"logo":{"@id":"https:\/\/www.fotografiassinpalabras.com\/blog\/#\/schema\/person\/image\/"},"sameAs":["https:\/\/www.fotografiassinpalabras.com\/blog","https:\/\/x.com\/ivanuski9"]}]}},"_links":{"self":[{"href":"https:\/\/www.fotografiassinpalabras.com\/blog\/wp-json\/wp\/v2\/posts\/11","targetHints":{"allow":["GET"]}}],"collection":[{"href":"https:\/\/www.fotografiassinpalabras.com\/blog\/wp-json\/wp\/v2\/posts"}],"about":[{"href":"https:\/\/www.fotografiassinpalabras.com\/blog\/wp-json\/wp\/v2\/types\/post"}],"author":[{"embeddable":true,"href":"https:\/\/www.fotografiassinpalabras.com\/blog\/wp-json\/wp\/v2\/users\/1"}],"replies":[{"embeddable":true,"href":"https:\/\/www.fotografiassinpalabras.com\/blog\/wp-json\/wp\/v2\/comments?post=11"}],"version-history":[{"count":8,"href":"https:\/\/www.fotografiassinpalabras.com\/blog\/wp-json\/wp\/v2\/posts\/11\/revisions"}],"predecessor-version":[{"id":739,"href":"https:\/\/www.fotografiassinpalabras.com\/blog\/wp-json\/wp\/v2\/posts\/11\/revisions\/739"}],"wp:featuredmedia":[{"embeddable":true,"href":"https:\/\/www.fotografiassinpalabras.com\/blog\/wp-json\/wp\/v2\/media\/64"}],"wp:attachment":[{"href":"https:\/\/www.fotografiassinpalabras.com\/blog\/wp-json\/wp\/v2\/media?parent=11"}],"wp:term":[{"taxonomy":"category","embeddable":true,"href":"https:\/\/www.fotografiassinpalabras.com\/blog\/wp-json\/wp\/v2\/categories?post=11"},{"taxonomy":"post_tag","embeddable":true,"href":"https:\/\/www.fotografiassinpalabras.com\/blog\/wp-json\/wp\/v2\/tags?post=11"}],"curies":[{"name":"wp","href":"https:\/\/api.w.org\/{rel}","templated":true}]}}