{"id":12,"date":"2013-03-20T09:48:00","date_gmt":"2013-03-20T08:48:00","guid":{"rendered":""},"modified":"2018-11-19T18:31:32","modified_gmt":"2018-11-19T17:31:32","slug":"fabrica-de-harina-en-ruinas","status":"publish","type":"post","link":"https:\/\/www.fotografiassinpalabras.com\/blog\/fabrica-de-harina-en-ruinas\/","title":{"rendered":"Fabrica de harina en ruinas"},"content":{"rendered":"<p>Cuidar el patrimonio es un trabajo que deber\u00edamos exigir todos. Ciertas construcciones pasan de ser algo pr\u00e1ctico a una identidad cultural para una zona, y cuidar este patrimonio puede ser la diferencia entre saber de donde venimos a perder las ra\u00edces.<\/p>\n<p><!--more--><\/p>\n<p><div style=\"width: 510px\" class=\"wp-caption aligncenter\"><a title=\"Fabrica de Harina\" href=\"\/blog\/wp-content\/uploads\/2013\/03\/8567690171_e42fb408ce.jpg\" target=\"_blank\" rel=\"noopener\"><img loading=\"lazy\" decoding=\"async\" title=\"Fabrica de Harina\" src=\"\/blog\/wp-content\/uploads\/2013\/03\/8567690171_e42fb408ce.jpg\" alt=\"Fabrica de Harina\" width=\"500\" height=\"375\" \/><\/a><p class=\"wp-caption-text\"><a href=\"\/blog\/wp-content\/uploads\/2013\/03\/8567690171_e42fb408ce.jpg\" target=\"_blank\" rel=\"noopener\">Fabrica de Harina<\/a><\/p><\/div><br \/>\n<div style=\"width: 510px\" class=\"wp-caption aligncenter\"><a title=\"Fabrica de Harina\" href=\"\/blog\/wp-content\/uploads\/2013\/03\/8567645241_1a31c6d0af.jpg\" target=\"_blank\" rel=\"noopener\"><img loading=\"lazy\" decoding=\"async\" title=\"Fabrica de Harina\" src=\"\/blog\/wp-content\/uploads\/2013\/03\/8567645241_1a31c6d0af.jpg\" alt=\"Fabrica de Harina\" width=\"500\" height=\"375\" \/><\/a><p class=\"wp-caption-text\"><a href=\"\/blog\/wp-content\/uploads\/2013\/03\/8567645241_1a31c6d0af.jpg\" target=\"_blank\" rel=\"noopener\">Fabrica de Harina<\/a><\/p><\/div><br \/>\n<div style=\"width: 510px\" class=\"wp-caption aligncenter\"><a title=\"Fabrica de Harina\" href=\"\/blog\/wp-content\/uploads\/2013\/03\/8567691823_15d4d31bbe.jpg\" target=\"_blank\" rel=\"noopener\"><img loading=\"lazy\" decoding=\"async\" title=\"Fabrica de Harina\" src=\"\/blog\/wp-content\/uploads\/2013\/03\/8567691823_15d4d31bbe.jpg\" alt=\"Fabrica de Harina\" width=\"500\" height=\"375\" \/><\/a><p class=\"wp-caption-text\"><a href=\"\/blog\/wp-content\/uploads\/2013\/03\/8567691823_15d4d31bbe.jpg\" target=\"_blank\" rel=\"noopener\">Fabrica de Harina<\/a><\/p><\/div><br \/>\n<div style=\"width: 510px\" class=\"wp-caption aligncenter\"><a title=\"Fabrica de Harina\" href=\"\/blog\/wp-content\/uploads\/2013\/03\/8567679711_2dee08bc40.jpg\" target=\"_blank\" rel=\"noopener\"><img loading=\"lazy\" decoding=\"async\" title=\"Fabrica de Harina\" src=\"\/blog\/wp-content\/uploads\/2013\/03\/8567679711_2dee08bc40.jpg\" alt=\"Fabrica de Harina\" width=\"500\" height=\"375\" \/><\/a><p class=\"wp-caption-text\"><a href=\"\/blog\/wp-content\/uploads\/2013\/03\/8567679711_2dee08bc40.jpg\" target=\"_blank\" rel=\"noopener\">Fabrica de Harina<\/a><\/p><\/div><br \/>\n<div style=\"width: 510px\" class=\"wp-caption aligncenter\"><a title=\"Nudo met\u00e1lico\" href=\"\/blog\/wp-content\/uploads\/2013\/03\/8568745452_d33e0366d2.jpg\" target=\"_blank\" rel=\"noopener\"><img loading=\"lazy\" decoding=\"async\" title=\"Nudo met\u00e1lico\" src=\"\/blog\/wp-content\/uploads\/2013\/03\/8568745452_d33e0366d2.jpg\" alt=\"Nudo met\u00e1lico\" width=\"500\" height=\"375\" \/><\/a><p class=\"wp-caption-text\"><a href=\"\/blog\/wp-content\/uploads\/2013\/03\/8568745452_d33e0366d2.jpg\" target=\"_blank\" rel=\"noopener\">Nudo met\u00e1lico<\/a><\/p><\/div><br \/>\n<div style=\"width: 510px\" class=\"wp-caption aligncenter\"><a title=\"\u00bfLibertad?\" href=\"\/blog\/wp-content\/uploads\/2013\/03\/8568743648_2edec5a22e.jpg\" target=\"_blank\" rel=\"noopener\"><img loading=\"lazy\" decoding=\"async\" title=\"\u00bfLibertad?\" src=\"\/blog\/wp-content\/uploads\/2013\/03\/8568743648_2edec5a22e.jpg\" alt=\"\u00bfLibertad?\" width=\"500\" height=\"375\" \/><\/a><p class=\"wp-caption-text\"><a href=\"\/blog\/wp-content\/uploads\/2013\/03\/8568743648_2edec5a22e.jpg\" target=\"_blank\" rel=\"noopener\">\u00bfLibertad?<\/a><\/p><\/div><br \/>\n<div style=\"width: 510px\" class=\"wp-caption aligncenter\"><a title=\"Comic\" href=\"\/blog\/wp-content\/uploads\/2013\/03\/8568755330_868f7c471f.jpg\" target=\"_blank\" rel=\"noopener\"><img loading=\"lazy\" decoding=\"async\" title=\"Comic\" src=\"\/blog\/wp-content\/uploads\/2013\/03\/8568755330_868f7c471f.jpg\" alt=\"Comic\" width=\"500\" height=\"375\" \/><\/a><p class=\"wp-caption-text\"><a href=\"\/blog\/wp-content\/uploads\/2013\/03\/8568755330_868f7c471f.jpg\" target=\"_blank\" rel=\"noopener\">Comic<\/a><\/p><\/div><\/p>\n","protected":false},"excerpt":{"rendered":"<p>Cuidar el patrimonio es un trabajo que deber\u00edamos exigir todos. Ciertas construcciones pasan de ser algo pr\u00e1ctico a una identidad cultural para una zona, y cuidar este patrimonio puede ser la diferencia entre saber de donde venimos a perder las ra\u00edces.<\/p>\n","protected":false},"author":1,"featured_media":71,"comment_status":"open","ping_status":"open","sticky":false,"template":"","format":"standard","meta":{"_exactmetrics_skip_tracking":false,"_exactmetrics_sitenote_active":false,"_exactmetrics_sitenote_note":"","_exactmetrics_sitenote_category":0,"footnotes":""},"categories":[1],"tags":[276,277,278,279,280,249,281,282,283,284,285,286,287,288,289,290,291,292],"class_list":["post-12","post","type-post","status-publish","format-standard","has-post-thumbnail","hentry","category-sin-categoria","tag-abandono","tag-asfae","tag-denuncia-foto","tag-escombros","tag-fabrica","tag-fotografia","tag-harinas","tag-la-confianza","tag-libertad","tag-medina","tag-metal","tag-nudo","tag-panoramica","tag-patrimonio","tag-rioseco","tag-ruinas","tag-tordehumos","tag-villabragima"],"yoast_head":"<!-- This site is optimized with the Yoast SEO plugin v25.9 - https:\/\/yoast.com\/wordpress\/plugins\/seo\/ -->\n<title>Fabrica de harina en ruinas - Disfrute de la fotograf\u00eda sin palabras<\/title>\n<meta name=\"description\" content=\"Fotograf\u00edas realizadas por Iv\u00e1n Ramos Mu\u00f1oz en la f\u00e1brica de harinas abandonada de Tordehumos (Valladolid). Fotograf\u00edas en color de las ruinas.\" \/>\n<meta name=\"robots\" content=\"index, follow, max-snippet:-1, max-image-preview:large, max-video-preview:-1\" \/>\n<link rel=\"canonical\" href=\"https:\/\/www.fotografiassinpalabras.com\/blog\/fabrica-de-harina-en-ruinas\/\" \/>\n<meta property=\"og:locale\" content=\"es_ES\" \/>\n<meta property=\"og:type\" content=\"article\" \/>\n<meta property=\"og:title\" content=\"Fabrica de harina en ruinas - Disfrute de la fotograf\u00eda sin palabras\" \/>\n<meta property=\"og:description\" content=\"Fotograf\u00edas realizadas por Iv\u00e1n Ramos Mu\u00f1oz en la f\u00e1brica de harinas abandonada de Tordehumos (Valladolid). Fotograf\u00edas en color de las ruinas.\" \/>\n<meta property=\"og:url\" content=\"https:\/\/www.fotografiassinpalabras.com\/blog\/fabrica-de-harina-en-ruinas\/\" \/>\n<meta property=\"og:site_name\" content=\"Disfrute de la fotograf\u00eda sin palabras\" \/>\n<meta property=\"article:published_time\" content=\"2013-03-20T08:48:00+00:00\" \/>\n<meta property=\"article:modified_time\" content=\"2018-11-19T17:31:32+00:00\" \/>\n<meta property=\"og:image\" content=\"https:\/\/www.fotografiassinpalabras.com\/blog\/wp-content\/uploads\/2013\/03\/8567690171_e42fb408ce.jpg\" \/>\n\t<meta property=\"og:image:width\" content=\"1024\" \/>\n\t<meta property=\"og:image:height\" content=\"768\" \/>\n\t<meta property=\"og:image:type\" content=\"image\/jpeg\" \/>\n<meta name=\"author\" content=\"Iv\u00e1n Ramos Mu\u00f1oz\" \/>\n<meta name=\"twitter:card\" content=\"summary_large_image\" \/>\n<meta name=\"twitter:creator\" content=\"@ivanuski9\" \/>\n<meta name=\"twitter:site\" content=\"@ivanuski9\" \/>\n<meta name=\"twitter:label1\" content=\"Escrito por\" \/>\n\t<meta name=\"twitter:data1\" content=\"Iv\u00e1n Ramos Mu\u00f1oz\" \/>\n\t<meta name=\"twitter:label2\" content=\"Tiempo de lectura\" \/>\n\t<meta name=\"twitter:data2\" content=\"1 minuto\" \/>\n<script type=\"application\/ld+json\" class=\"yoast-schema-graph\">{\"@context\":\"https:\/\/schema.org\",\"@graph\":[{\"@type\":\"Article\",\"@id\":\"https:\/\/www.fotografiassinpalabras.com\/blog\/fabrica-de-harina-en-ruinas\/#article\",\"isPartOf\":{\"@id\":\"https:\/\/www.fotografiassinpalabras.com\/blog\/fabrica-de-harina-en-ruinas\/\"},\"author\":{\"name\":\"Iv\u00e1n Ramos Mu\u00f1oz\",\"@id\":\"https:\/\/www.fotografiassinpalabras.com\/blog\/#\/schema\/person\/570c06dfae5d1ac88c889586f451770e\"},\"headline\":\"Fabrica de harina en ruinas\",\"datePublished\":\"2013-03-20T08:48:00+00:00\",\"dateModified\":\"2018-11-19T17:31:32+00:00\",\"mainEntityOfPage\":{\"@id\":\"https:\/\/www.fotografiassinpalabras.com\/blog\/fabrica-de-harina-en-ruinas\/\"},\"wordCount\":108,\"commentCount\":0,\"publisher\":{\"@id\":\"https:\/\/www.fotografiassinpalabras.com\/blog\/#\/schema\/person\/570c06dfae5d1ac88c889586f451770e\"},\"image\":{\"@id\":\"https:\/\/www.fotografiassinpalabras.com\/blog\/fabrica-de-harina-en-ruinas\/#primaryimage\"},\"thumbnailUrl\":\"https:\/\/www.fotografiassinpalabras.com\/blog\/wp-content\/uploads\/2013\/03\/8567690171_e42fb408ce.jpg\",\"keywords\":[\"abandono\",\"ASFAE\",\"denuncia foto\",\"escombros\",\"f\u00e1brica\",\"fotografia\",\"harinas\",\"la confianza\",\"libertad\",\"Medina\",\"metal\",\"nudo\",\"panor\u00e1mica\",\"patrimonio\",\"Rioseco\",\"ruinas\",\"Tordehumos\",\"Villabr\u00e1gima\"],\"inLanguage\":\"es\",\"potentialAction\":[{\"@type\":\"CommentAction\",\"name\":\"Comment\",\"target\":[\"https:\/\/www.fotografiassinpalabras.com\/blog\/fabrica-de-harina-en-ruinas\/#respond\"]}]},{\"@type\":\"WebPage\",\"@id\":\"https:\/\/www.fotografiassinpalabras.com\/blog\/fabrica-de-harina-en-ruinas\/\",\"url\":\"https:\/\/www.fotografiassinpalabras.com\/blog\/fabrica-de-harina-en-ruinas\/\",\"name\":\"Fabrica de harina en ruinas - Disfrute de la fotograf\u00eda sin palabras\",\"isPartOf\":{\"@id\":\"https:\/\/www.fotografiassinpalabras.com\/blog\/#website\"},\"primaryImageOfPage\":{\"@id\":\"https:\/\/www.fotografiassinpalabras.com\/blog\/fabrica-de-harina-en-ruinas\/#primaryimage\"},\"image\":{\"@id\":\"https:\/\/www.fotografiassinpalabras.com\/blog\/fabrica-de-harina-en-ruinas\/#primaryimage\"},\"thumbnailUrl\":\"https:\/\/www.fotografiassinpalabras.com\/blog\/wp-content\/uploads\/2013\/03\/8567690171_e42fb408ce.jpg\",\"datePublished\":\"2013-03-20T08:48:00+00:00\",\"dateModified\":\"2018-11-19T17:31:32+00:00\",\"description\":\"Fotograf\u00edas realizadas por Iv\u00e1n Ramos Mu\u00f1oz en la f\u00e1brica de harinas abandonada de Tordehumos (Valladolid). Fotograf\u00edas en color de las ruinas.\",\"breadcrumb\":{\"@id\":\"https:\/\/www.fotografiassinpalabras.com\/blog\/fabrica-de-harina-en-ruinas\/#breadcrumb\"},\"inLanguage\":\"es\",\"potentialAction\":[{\"@type\":\"ReadAction\",\"target\":[\"https:\/\/www.fotografiassinpalabras.com\/blog\/fabrica-de-harina-en-ruinas\/\"]}]},{\"@type\":\"ImageObject\",\"inLanguage\":\"es\",\"@id\":\"https:\/\/www.fotografiassinpalabras.com\/blog\/fabrica-de-harina-en-ruinas\/#primaryimage\",\"url\":\"https:\/\/www.fotografiassinpalabras.com\/blog\/wp-content\/uploads\/2013\/03\/8567690171_e42fb408ce.jpg\",\"contentUrl\":\"https:\/\/www.fotografiassinpalabras.com\/blog\/wp-content\/uploads\/2013\/03\/8567690171_e42fb408ce.jpg\",\"width\":1024,\"height\":768},{\"@type\":\"BreadcrumbList\",\"@id\":\"https:\/\/www.fotografiassinpalabras.com\/blog\/fabrica-de-harina-en-ruinas\/#breadcrumb\",\"itemListElement\":[{\"@type\":\"ListItem\",\"position\":1,\"name\":\"Portada\",\"item\":\"https:\/\/www.fotografiassinpalabras.com\/blog\/\"},{\"@type\":\"ListItem\",\"position\":2,\"name\":\"Fabrica de harina en ruinas\"}]},{\"@type\":\"WebSite\",\"@id\":\"https:\/\/www.fotografiassinpalabras.com\/blog\/#website\",\"url\":\"https:\/\/www.fotografiassinpalabras.com\/blog\/\",\"name\":\"Disfrute de la fotograf\u00eda sin palabras\",\"description\":\"Este blog pretende abrir una ventana a mis fotograf\u00edas. En \u00e9l ir\u00e9 colgando las fotograf\u00edas que voy haciendo sin ning\u00fan tipo de explicaci\u00f3n, simplemente im\u00e1genes que intentar\u00e1n mostrar una historia, un lugar o simplemente instant\u00e1neas sueltas del mundo que nos rodea. #fotografiassinpalabras\",\"publisher\":{\"@id\":\"https:\/\/www.fotografiassinpalabras.com\/blog\/#\/schema\/person\/570c06dfae5d1ac88c889586f451770e\"},\"potentialAction\":[{\"@type\":\"SearchAction\",\"target\":{\"@type\":\"EntryPoint\",\"urlTemplate\":\"https:\/\/www.fotografiassinpalabras.com\/blog\/?s={search_term_string}\"},\"query-input\":{\"@type\":\"PropertyValueSpecification\",\"valueRequired\":true,\"valueName\":\"search_term_string\"}}],\"inLanguage\":\"es\"},{\"@type\":[\"Person\",\"Organization\"],\"@id\":\"https:\/\/www.fotografiassinpalabras.com\/blog\/#\/schema\/person\/570c06dfae5d1ac88c889586f451770e\",\"name\":\"Iv\u00e1n Ramos Mu\u00f1oz\",\"image\":{\"@type\":\"ImageObject\",\"inLanguage\":\"es\",\"@id\":\"https:\/\/www.fotografiassinpalabras.com\/blog\/#\/schema\/person\/image\/\",\"url\":\"https:\/\/www.fotografiassinpalabras.com\/blog\/wp-content\/uploads\/2017\/11\/3064514_1024px.jpg\",\"contentUrl\":\"https:\/\/www.fotografiassinpalabras.com\/blog\/wp-content\/uploads\/2017\/11\/3064514_1024px.jpg\",\"width\":1024,\"height\":1024,\"caption\":\"Iv\u00e1n Ramos Mu\u00f1oz\"},\"logo\":{\"@id\":\"https:\/\/www.fotografiassinpalabras.com\/blog\/#\/schema\/person\/image\/\"},\"sameAs\":[\"https:\/\/www.fotografiassinpalabras.com\/blog\",\"https:\/\/x.com\/ivanuski9\"]}]}<\/script>\n<!-- \/ Yoast SEO plugin. -->","yoast_head_json":{"title":"Fabrica de harina en ruinas - Disfrute de la fotograf\u00eda sin palabras","description":"Fotograf\u00edas realizadas por Iv\u00e1n Ramos Mu\u00f1oz en la f\u00e1brica de harinas abandonada de Tordehumos (Valladolid). Fotograf\u00edas en color de las ruinas.","robots":{"index":"index","follow":"follow","max-snippet":"max-snippet:-1","max-image-preview":"max-image-preview:large","max-video-preview":"max-video-preview:-1"},"canonical":"https:\/\/www.fotografiassinpalabras.com\/blog\/fabrica-de-harina-en-ruinas\/","og_locale":"es_ES","og_type":"article","og_title":"Fabrica de harina en ruinas - Disfrute de la fotograf\u00eda sin palabras","og_description":"Fotograf\u00edas realizadas por Iv\u00e1n Ramos Mu\u00f1oz en la f\u00e1brica de harinas abandonada de Tordehumos (Valladolid). Fotograf\u00edas en color de las ruinas.","og_url":"https:\/\/www.fotografiassinpalabras.com\/blog\/fabrica-de-harina-en-ruinas\/","og_site_name":"Disfrute de la fotograf\u00eda sin palabras","article_published_time":"2013-03-20T08:48:00+00:00","article_modified_time":"2018-11-19T17:31:32+00:00","og_image":[{"width":1024,"height":768,"url":"https:\/\/www.fotografiassinpalabras.com\/blog\/wp-content\/uploads\/2013\/03\/8567690171_e42fb408ce.jpg","type":"image\/jpeg"}],"author":"Iv\u00e1n Ramos Mu\u00f1oz","twitter_card":"summary_large_image","twitter_creator":"@ivanuski9","twitter_site":"@ivanuski9","twitter_misc":{"Escrito por":"Iv\u00e1n Ramos Mu\u00f1oz","Tiempo de lectura":"1 minuto"},"schema":{"@context":"https:\/\/schema.org","@graph":[{"@type":"Article","@id":"https:\/\/www.fotografiassinpalabras.com\/blog\/fabrica-de-harina-en-ruinas\/#article","isPartOf":{"@id":"https:\/\/www.fotografiassinpalabras.com\/blog\/fabrica-de-harina-en-ruinas\/"},"author":{"name":"Iv\u00e1n Ramos Mu\u00f1oz","@id":"https:\/\/www.fotografiassinpalabras.com\/blog\/#\/schema\/person\/570c06dfae5d1ac88c889586f451770e"},"headline":"Fabrica de harina en ruinas","datePublished":"2013-03-20T08:48:00+00:00","dateModified":"2018-11-19T17:31:32+00:00","mainEntityOfPage":{"@id":"https:\/\/www.fotografiassinpalabras.com\/blog\/fabrica-de-harina-en-ruinas\/"},"wordCount":108,"commentCount":0,"publisher":{"@id":"https:\/\/www.fotografiassinpalabras.com\/blog\/#\/schema\/person\/570c06dfae5d1ac88c889586f451770e"},"image":{"@id":"https:\/\/www.fotografiassinpalabras.com\/blog\/fabrica-de-harina-en-ruinas\/#primaryimage"},"thumbnailUrl":"https:\/\/www.fotografiassinpalabras.com\/blog\/wp-content\/uploads\/2013\/03\/8567690171_e42fb408ce.jpg","keywords":["abandono","ASFAE","denuncia foto","escombros","f\u00e1brica","fotografia","harinas","la confianza","libertad","Medina","metal","nudo","panor\u00e1mica","patrimonio","Rioseco","ruinas","Tordehumos","Villabr\u00e1gima"],"inLanguage":"es","potentialAction":[{"@type":"CommentAction","name":"Comment","target":["https:\/\/www.fotografiassinpalabras.com\/blog\/fabrica-de-harina-en-ruinas\/#respond"]}]},{"@type":"WebPage","@id":"https:\/\/www.fotografiassinpalabras.com\/blog\/fabrica-de-harina-en-ruinas\/","url":"https:\/\/www.fotografiassinpalabras.com\/blog\/fabrica-de-harina-en-ruinas\/","name":"Fabrica de harina en ruinas - Disfrute de la fotograf\u00eda sin palabras","isPartOf":{"@id":"https:\/\/www.fotografiassinpalabras.com\/blog\/#website"},"primaryImageOfPage":{"@id":"https:\/\/www.fotografiassinpalabras.com\/blog\/fabrica-de-harina-en-ruinas\/#primaryimage"},"image":{"@id":"https:\/\/www.fotografiassinpalabras.com\/blog\/fabrica-de-harina-en-ruinas\/#primaryimage"},"thumbnailUrl":"https:\/\/www.fotografiassinpalabras.com\/blog\/wp-content\/uploads\/2013\/03\/8567690171_e42fb408ce.jpg","datePublished":"2013-03-20T08:48:00+00:00","dateModified":"2018-11-19T17:31:32+00:00","description":"Fotograf\u00edas realizadas por Iv\u00e1n Ramos Mu\u00f1oz en la f\u00e1brica de harinas abandonada de Tordehumos (Valladolid). Fotograf\u00edas en color de las ruinas.","breadcrumb":{"@id":"https:\/\/www.fotografiassinpalabras.com\/blog\/fabrica-de-harina-en-ruinas\/#breadcrumb"},"inLanguage":"es","potentialAction":[{"@type":"ReadAction","target":["https:\/\/www.fotografiassinpalabras.com\/blog\/fabrica-de-harina-en-ruinas\/"]}]},{"@type":"ImageObject","inLanguage":"es","@id":"https:\/\/www.fotografiassinpalabras.com\/blog\/fabrica-de-harina-en-ruinas\/#primaryimage","url":"https:\/\/www.fotografiassinpalabras.com\/blog\/wp-content\/uploads\/2013\/03\/8567690171_e42fb408ce.jpg","contentUrl":"https:\/\/www.fotografiassinpalabras.com\/blog\/wp-content\/uploads\/2013\/03\/8567690171_e42fb408ce.jpg","width":1024,"height":768},{"@type":"BreadcrumbList","@id":"https:\/\/www.fotografiassinpalabras.com\/blog\/fabrica-de-harina-en-ruinas\/#breadcrumb","itemListElement":[{"@type":"ListItem","position":1,"name":"Portada","item":"https:\/\/www.fotografiassinpalabras.com\/blog\/"},{"@type":"ListItem","position":2,"name":"Fabrica de harina en ruinas"}]},{"@type":"WebSite","@id":"https:\/\/www.fotografiassinpalabras.com\/blog\/#website","url":"https:\/\/www.fotografiassinpalabras.com\/blog\/","name":"Disfrute de la fotograf\u00eda sin palabras","description":"Este blog pretende abrir una ventana a mis fotograf\u00edas. En \u00e9l ir\u00e9 colgando las fotograf\u00edas que voy haciendo sin ning\u00fan tipo de explicaci\u00f3n, simplemente im\u00e1genes que intentar\u00e1n mostrar una historia, un lugar o simplemente instant\u00e1neas sueltas del mundo que nos rodea. #fotografiassinpalabras","publisher":{"@id":"https:\/\/www.fotografiassinpalabras.com\/blog\/#\/schema\/person\/570c06dfae5d1ac88c889586f451770e"},"potentialAction":[{"@type":"SearchAction","target":{"@type":"EntryPoint","urlTemplate":"https:\/\/www.fotografiassinpalabras.com\/blog\/?s={search_term_string}"},"query-input":{"@type":"PropertyValueSpecification","valueRequired":true,"valueName":"search_term_string"}}],"inLanguage":"es"},{"@type":["Person","Organization"],"@id":"https:\/\/www.fotografiassinpalabras.com\/blog\/#\/schema\/person\/570c06dfae5d1ac88c889586f451770e","name":"Iv\u00e1n Ramos Mu\u00f1oz","image":{"@type":"ImageObject","inLanguage":"es","@id":"https:\/\/www.fotografiassinpalabras.com\/blog\/#\/schema\/person\/image\/","url":"https:\/\/www.fotografiassinpalabras.com\/blog\/wp-content\/uploads\/2017\/11\/3064514_1024px.jpg","contentUrl":"https:\/\/www.fotografiassinpalabras.com\/blog\/wp-content\/uploads\/2017\/11\/3064514_1024px.jpg","width":1024,"height":1024,"caption":"Iv\u00e1n Ramos Mu\u00f1oz"},"logo":{"@id":"https:\/\/www.fotografiassinpalabras.com\/blog\/#\/schema\/person\/image\/"},"sameAs":["https:\/\/www.fotografiassinpalabras.com\/blog","https:\/\/x.com\/ivanuski9"]}]}},"_links":{"self":[{"href":"https:\/\/www.fotografiassinpalabras.com\/blog\/wp-json\/wp\/v2\/posts\/12","targetHints":{"allow":["GET"]}}],"collection":[{"href":"https:\/\/www.fotografiassinpalabras.com\/blog\/wp-json\/wp\/v2\/posts"}],"about":[{"href":"https:\/\/www.fotografiassinpalabras.com\/blog\/wp-json\/wp\/v2\/types\/post"}],"author":[{"embeddable":true,"href":"https:\/\/www.fotografiassinpalabras.com\/blog\/wp-json\/wp\/v2\/users\/1"}],"replies":[{"embeddable":true,"href":"https:\/\/www.fotografiassinpalabras.com\/blog\/wp-json\/wp\/v2\/comments?post=12"}],"version-history":[{"count":9,"href":"https:\/\/www.fotografiassinpalabras.com\/blog\/wp-json\/wp\/v2\/posts\/12\/revisions"}],"predecessor-version":[{"id":738,"href":"https:\/\/www.fotografiassinpalabras.com\/blog\/wp-json\/wp\/v2\/posts\/12\/revisions\/738"}],"wp:featuredmedia":[{"embeddable":true,"href":"https:\/\/www.fotografiassinpalabras.com\/blog\/wp-json\/wp\/v2\/media\/71"}],"wp:attachment":[{"href":"https:\/\/www.fotografiassinpalabras.com\/blog\/wp-json\/wp\/v2\/media?parent=12"}],"wp:term":[{"taxonomy":"category","embeddable":true,"href":"https:\/\/www.fotografiassinpalabras.com\/blog\/wp-json\/wp\/v2\/categories?post=12"},{"taxonomy":"post_tag","embeddable":true,"href":"https:\/\/www.fotografiassinpalabras.com\/blog\/wp-json\/wp\/v2\/tags?post=12"}],"curies":[{"name":"wp","href":"https:\/\/api.w.org\/{rel}","templated":true}]}}