{"id":24,"date":"2010-06-24T11:05:00","date_gmt":"2010-06-24T10:05:00","guid":{"rendered":""},"modified":"2018-11-18T13:13:33","modified_gmt":"2018-11-18T12:13:33","slug":"visitamos-belgica-i","status":"publish","type":"post","link":"https:\/\/www.fotografiassinpalabras.com\/blog\/visitamos-belgica-i\/","title":{"rendered":"Visitamos B\u00e9lgica (I)"},"content":{"rendered":"<p><!--more--><\/p>\n<p><div style=\"width: 510px\" class=\"wp-caption aligncenter\"><a title=\"Canales en Brujas\" href=\"\/blog\/wp-content\/uploads\/2010\/06\/3068260956_0962fc8383.jpg\" target=\"_blank\" rel=\"noopener\"><img loading=\"lazy\" decoding=\"async\" title=\"Canales en Brujas\" src=\"\/blog\/wp-content\/uploads\/2010\/06\/3068260956_0962fc8383.jpg\" alt=\"Canales en Brujas\" width=\"500\" height=\"375\" \/><\/a><p class=\"wp-caption-text\"><a href=\"\/blog\/wp-content\/uploads\/2010\/06\/3068260956_0962fc8383.jpg\" target=\"_blank\" rel=\"noopener\">Canales en Brujas<\/a><\/p><\/div><br \/>\n<div style=\"width: 510px\" class=\"wp-caption aligncenter\"><a title=\"Torre\u00f3n en Brujas\" href=\"\/blog\/wp-content\/uploads\/2010\/06\/3067417719_99fb8a2515.jpg\" target=\"_blank\" rel=\"noopener\"><img loading=\"lazy\" decoding=\"async\" title=\"Torre\u00f3n en Brujas\" src=\"\/blog\/wp-content\/uploads\/2010\/06\/3067417719_99fb8a2515.jpg\" alt=\"Torre\u00f3n en Brujas\" width=\"500\" height=\"375\" \/><\/a><p class=\"wp-caption-text\"><a href=\"\/blog\/wp-content\/uploads\/2010\/06\/3067417719_99fb8a2515.jpg\" target=\"_blank\" rel=\"noopener\">Torre\u00f3n en Brujas<\/a><\/p><\/div><br \/>\n<div style=\"width: 510px\" class=\"wp-caption aligncenter\"><a title=\"Brujas, \u00bfPresente o pasado?\" href=\"\/blog\/wp-content\/uploads\/2010\/06\/4730043312_ce59ca07b3.jpg\" target=\"_blank\" rel=\"noopener\"><img loading=\"lazy\" decoding=\"async\" title=\"Brujas, \u00bfPresente o pasado?\" src=\"\/blog\/wp-content\/uploads\/2010\/06\/4730043312_ce59ca07b3.jpg\" alt=\"Brujas, \u00bfPresente o pasado?\" width=\"500\" height=\"375\" \/><\/a><p class=\"wp-caption-text\"><a href=\"\/blog\/wp-content\/uploads\/2010\/06\/4730043312_ce59ca07b3.jpg\" target=\"_blank\" rel=\"noopener\">Brujas, \u00bfPresente o pasado?<\/a><\/p><\/div><br \/>\n<div style=\"width: 510px\" class=\"wp-caption aligncenter\"><a title=\"Casa puente\" href=\"\/blog\/wp-content\/uploads\/2010\/06\/3067417707_daf8f684f2.jpg\" target=\"_blank\" rel=\"noopener\"><img loading=\"lazy\" decoding=\"async\" title=\"Casa puente\" src=\"\/blog\/wp-content\/uploads\/2010\/06\/3067417707_daf8f684f2.jpg\" alt=\"Casa puente\" width=\"500\" height=\"375\" \/><\/a><p class=\"wp-caption-text\"><a href=\"\/blog\/wp-content\/uploads\/2010\/06\/3067417707_daf8f684f2.jpg\" target=\"_blank\" rel=\"noopener\">Casa puente<\/a><\/p><\/div><\/p>\n<p>&#8212;&#8212;&#8212;&#8212;&#8212;&#8212;&#8212;&#8212;&#8212;&#8212;&#8212;&#8212;&#8212;&#8212;&#8212;&#8212;-<br \/>\nMis fotograf\u00edas tienen COPYRIGHT.<br \/>\nNo debe usted copiarlas, distribuirlas ni utilizarlas sin mi consentimiento por escrito. Si desea utilizar mis fotos, ya sea de manera privada o comercial, por favor pongase en contacto conmigo, al email: ivanuski9 arroba gmail.com<\/p>\n<p>\nMy photographs are under COPYRIGHT.<br \/>\nNo usage permitted without prior written consent. All rights reserved.<br \/>\nIf you want to use some pic, for your private use or for commercial use, please, contact me via the email : ivanuski9 at gmail.com<\/p>\n","protected":false},"excerpt":{"rendered":"","protected":false},"author":1,"featured_media":332,"comment_status":"open","ping_status":"open","sticky":false,"template":"","format":"standard","meta":{"_exactmetrics_skip_tracking":false,"_exactmetrics_sitenote_active":false,"_exactmetrics_sitenote_note":"","_exactmetrics_sitenote_category":0,"footnotes":""},"categories":[1],"tags":[418,361,309,420,424,425,249,367,426,427],"class_list":["post-24","post","type-post","status-publish","format-standard","has-post-thumbnail","hentry","category-sin-categoria","tag-belgica","tag-blanco","tag-blanco-y-negro","tag-brujas","tag-calles","tag-canales","tag-fotografia","tag-negro","tag-sepia","tag-torre"],"yoast_head":"<!-- This site is optimized with the Yoast SEO plugin v25.9 - https:\/\/yoast.com\/wordpress\/plugins\/seo\/ -->\n<title>Visitamos B\u00e9lgica (I) - Disfrute de la fotograf\u00eda sin palabras<\/title>\n<meta name=\"description\" content=\"Fotograf\u00edas realizadas en las ciudades de Brujas, en B\u00e9lgica. Aparecen bicis, Atomium y tulipanes. Realizadas por Iv\u00e1n Ramos Mu\u00f1oz.\" \/>\n<meta name=\"robots\" content=\"index, follow, max-snippet:-1, max-image-preview:large, max-video-preview:-1\" \/>\n<link rel=\"canonical\" href=\"https:\/\/www.fotografiassinpalabras.com\/blog\/visitamos-belgica-i\/\" \/>\n<meta property=\"og:locale\" content=\"es_ES\" \/>\n<meta property=\"og:type\" content=\"article\" \/>\n<meta property=\"og:title\" content=\"Visitamos B\u00e9lgica (I) - Disfrute de la fotograf\u00eda sin palabras\" \/>\n<meta property=\"og:description\" content=\"Fotograf\u00edas realizadas en las ciudades de Brujas, en B\u00e9lgica. Aparecen bicis, Atomium y tulipanes. Realizadas por Iv\u00e1n Ramos Mu\u00f1oz.\" \/>\n<meta property=\"og:url\" content=\"https:\/\/www.fotografiassinpalabras.com\/blog\/visitamos-belgica-i\/\" \/>\n<meta property=\"og:site_name\" content=\"Disfrute de la fotograf\u00eda sin palabras\" \/>\n<meta property=\"article:published_time\" content=\"2010-06-24T10:05:00+00:00\" \/>\n<meta property=\"article:modified_time\" content=\"2018-11-18T12:13:33+00:00\" \/>\n<meta property=\"og:image\" content=\"https:\/\/www.fotografiassinpalabras.com\/blog\/wp-content\/uploads\/2010\/06\/p4240459-1.jpg\" \/>\n\t<meta property=\"og:image:width\" content=\"375\" \/>\n\t<meta property=\"og:image:height\" content=\"500\" \/>\n\t<meta property=\"og:image:type\" content=\"image\/jpeg\" \/>\n<meta name=\"author\" content=\"Iv\u00e1n Ramos Mu\u00f1oz\" \/>\n<meta name=\"twitter:card\" content=\"summary_large_image\" \/>\n<meta name=\"twitter:creator\" content=\"@ivanuski9\" \/>\n<meta name=\"twitter:site\" content=\"@ivanuski9\" \/>\n<meta name=\"twitter:label1\" content=\"Escrito por\" \/>\n\t<meta name=\"twitter:data1\" content=\"Iv\u00e1n Ramos Mu\u00f1oz\" \/>\n\t<meta name=\"twitter:label2\" content=\"Tiempo de lectura\" \/>\n\t<meta name=\"twitter:data2\" content=\"1 minuto\" \/>\n<script type=\"application\/ld+json\" class=\"yoast-schema-graph\">{\"@context\":\"https:\/\/schema.org\",\"@graph\":[{\"@type\":\"Article\",\"@id\":\"https:\/\/www.fotografiassinpalabras.com\/blog\/visitamos-belgica-i\/#article\",\"isPartOf\":{\"@id\":\"https:\/\/www.fotografiassinpalabras.com\/blog\/visitamos-belgica-i\/\"},\"author\":{\"name\":\"Iv\u00e1n Ramos Mu\u00f1oz\",\"@id\":\"https:\/\/www.fotografiassinpalabras.com\/blog\/#\/schema\/person\/570c06dfae5d1ac88c889586f451770e\"},\"headline\":\"Visitamos B\u00e9lgica (I)\",\"datePublished\":\"2010-06-24T10:05:00+00:00\",\"dateModified\":\"2018-11-18T12:13:33+00:00\",\"mainEntityOfPage\":{\"@id\":\"https:\/\/www.fotografiassinpalabras.com\/blog\/visitamos-belgica-i\/\"},\"wordCount\":123,\"commentCount\":0,\"publisher\":{\"@id\":\"https:\/\/www.fotografiassinpalabras.com\/blog\/#\/schema\/person\/570c06dfae5d1ac88c889586f451770e\"},\"image\":{\"@id\":\"https:\/\/www.fotografiassinpalabras.com\/blog\/visitamos-belgica-i\/#primaryimage\"},\"thumbnailUrl\":\"https:\/\/www.fotografiassinpalabras.com\/blog\/wp-content\/uploads\/2010\/06\/p4240459-1.jpg\",\"keywords\":[\"B\u00e9lgica\",\"blanco\",\"blanco y negro\",\"Brujas\",\"calles\",\"canales\",\"fotografia\",\"negro\",\"sepia\",\"torre\"],\"inLanguage\":\"es\",\"potentialAction\":[{\"@type\":\"CommentAction\",\"name\":\"Comment\",\"target\":[\"https:\/\/www.fotografiassinpalabras.com\/blog\/visitamos-belgica-i\/#respond\"]}]},{\"@type\":\"WebPage\",\"@id\":\"https:\/\/www.fotografiassinpalabras.com\/blog\/visitamos-belgica-i\/\",\"url\":\"https:\/\/www.fotografiassinpalabras.com\/blog\/visitamos-belgica-i\/\",\"name\":\"Visitamos B\u00e9lgica (I) - Disfrute de la fotograf\u00eda sin palabras\",\"isPartOf\":{\"@id\":\"https:\/\/www.fotografiassinpalabras.com\/blog\/#website\"},\"primaryImageOfPage\":{\"@id\":\"https:\/\/www.fotografiassinpalabras.com\/blog\/visitamos-belgica-i\/#primaryimage\"},\"image\":{\"@id\":\"https:\/\/www.fotografiassinpalabras.com\/blog\/visitamos-belgica-i\/#primaryimage\"},\"thumbnailUrl\":\"https:\/\/www.fotografiassinpalabras.com\/blog\/wp-content\/uploads\/2010\/06\/p4240459-1.jpg\",\"datePublished\":\"2010-06-24T10:05:00+00:00\",\"dateModified\":\"2018-11-18T12:13:33+00:00\",\"description\":\"Fotograf\u00edas realizadas en las ciudades de Brujas, en B\u00e9lgica. Aparecen bicis, Atomium y tulipanes. Realizadas por Iv\u00e1n Ramos Mu\u00f1oz.\",\"breadcrumb\":{\"@id\":\"https:\/\/www.fotografiassinpalabras.com\/blog\/visitamos-belgica-i\/#breadcrumb\"},\"inLanguage\":\"es\",\"potentialAction\":[{\"@type\":\"ReadAction\",\"target\":[\"https:\/\/www.fotografiassinpalabras.com\/blog\/visitamos-belgica-i\/\"]}]},{\"@type\":\"ImageObject\",\"inLanguage\":\"es\",\"@id\":\"https:\/\/www.fotografiassinpalabras.com\/blog\/visitamos-belgica-i\/#primaryimage\",\"url\":\"https:\/\/www.fotografiassinpalabras.com\/blog\/wp-content\/uploads\/2010\/06\/p4240459-1.jpg\",\"contentUrl\":\"https:\/\/www.fotografiassinpalabras.com\/blog\/wp-content\/uploads\/2010\/06\/p4240459-1.jpg\",\"width\":375,\"height\":500,\"caption\":\"OLYMPUS DIGITAL CAMERA\"},{\"@type\":\"BreadcrumbList\",\"@id\":\"https:\/\/www.fotografiassinpalabras.com\/blog\/visitamos-belgica-i\/#breadcrumb\",\"itemListElement\":[{\"@type\":\"ListItem\",\"position\":1,\"name\":\"Portada\",\"item\":\"https:\/\/www.fotografiassinpalabras.com\/blog\/\"},{\"@type\":\"ListItem\",\"position\":2,\"name\":\"Visitamos B\u00e9lgica (I)\"}]},{\"@type\":\"WebSite\",\"@id\":\"https:\/\/www.fotografiassinpalabras.com\/blog\/#website\",\"url\":\"https:\/\/www.fotografiassinpalabras.com\/blog\/\",\"name\":\"Disfrute de la fotograf\u00eda sin palabras\",\"description\":\"Este blog pretende abrir una ventana a mis fotograf\u00edas. En \u00e9l ir\u00e9 colgando las fotograf\u00edas que voy haciendo sin ning\u00fan tipo de explicaci\u00f3n, simplemente im\u00e1genes que intentar\u00e1n mostrar una historia, un lugar o simplemente instant\u00e1neas sueltas del mundo que nos rodea. #fotografiassinpalabras\",\"publisher\":{\"@id\":\"https:\/\/www.fotografiassinpalabras.com\/blog\/#\/schema\/person\/570c06dfae5d1ac88c889586f451770e\"},\"potentialAction\":[{\"@type\":\"SearchAction\",\"target\":{\"@type\":\"EntryPoint\",\"urlTemplate\":\"https:\/\/www.fotografiassinpalabras.com\/blog\/?s={search_term_string}\"},\"query-input\":{\"@type\":\"PropertyValueSpecification\",\"valueRequired\":true,\"valueName\":\"search_term_string\"}}],\"inLanguage\":\"es\"},{\"@type\":[\"Person\",\"Organization\"],\"@id\":\"https:\/\/www.fotografiassinpalabras.com\/blog\/#\/schema\/person\/570c06dfae5d1ac88c889586f451770e\",\"name\":\"Iv\u00e1n Ramos Mu\u00f1oz\",\"image\":{\"@type\":\"ImageObject\",\"inLanguage\":\"es\",\"@id\":\"https:\/\/www.fotografiassinpalabras.com\/blog\/#\/schema\/person\/image\/\",\"url\":\"https:\/\/www.fotografiassinpalabras.com\/blog\/wp-content\/uploads\/2017\/11\/3064514_1024px.jpg\",\"contentUrl\":\"https:\/\/www.fotografiassinpalabras.com\/blog\/wp-content\/uploads\/2017\/11\/3064514_1024px.jpg\",\"width\":1024,\"height\":1024,\"caption\":\"Iv\u00e1n Ramos Mu\u00f1oz\"},\"logo\":{\"@id\":\"https:\/\/www.fotografiassinpalabras.com\/blog\/#\/schema\/person\/image\/\"},\"sameAs\":[\"https:\/\/www.fotografiassinpalabras.com\/blog\",\"https:\/\/x.com\/ivanuski9\"]}]}<\/script>\n<!-- \/ Yoast SEO plugin. -->","yoast_head_json":{"title":"Visitamos B\u00e9lgica (I) - Disfrute de la fotograf\u00eda sin palabras","description":"Fotograf\u00edas realizadas en las ciudades de Brujas, en B\u00e9lgica. Aparecen bicis, Atomium y tulipanes. Realizadas por Iv\u00e1n Ramos Mu\u00f1oz.","robots":{"index":"index","follow":"follow","max-snippet":"max-snippet:-1","max-image-preview":"max-image-preview:large","max-video-preview":"max-video-preview:-1"},"canonical":"https:\/\/www.fotografiassinpalabras.com\/blog\/visitamos-belgica-i\/","og_locale":"es_ES","og_type":"article","og_title":"Visitamos B\u00e9lgica (I) - Disfrute de la fotograf\u00eda sin palabras","og_description":"Fotograf\u00edas realizadas en las ciudades de Brujas, en B\u00e9lgica. Aparecen bicis, Atomium y tulipanes. Realizadas por Iv\u00e1n Ramos Mu\u00f1oz.","og_url":"https:\/\/www.fotografiassinpalabras.com\/blog\/visitamos-belgica-i\/","og_site_name":"Disfrute de la fotograf\u00eda sin palabras","article_published_time":"2010-06-24T10:05:00+00:00","article_modified_time":"2018-11-18T12:13:33+00:00","og_image":[{"width":375,"height":500,"url":"https:\/\/www.fotografiassinpalabras.com\/blog\/wp-content\/uploads\/2010\/06\/p4240459-1.jpg","type":"image\/jpeg"}],"author":"Iv\u00e1n Ramos Mu\u00f1oz","twitter_card":"summary_large_image","twitter_creator":"@ivanuski9","twitter_site":"@ivanuski9","twitter_misc":{"Escrito por":"Iv\u00e1n Ramos Mu\u00f1oz","Tiempo de lectura":"1 minuto"},"schema":{"@context":"https:\/\/schema.org","@graph":[{"@type":"Article","@id":"https:\/\/www.fotografiassinpalabras.com\/blog\/visitamos-belgica-i\/#article","isPartOf":{"@id":"https:\/\/www.fotografiassinpalabras.com\/blog\/visitamos-belgica-i\/"},"author":{"name":"Iv\u00e1n Ramos Mu\u00f1oz","@id":"https:\/\/www.fotografiassinpalabras.com\/blog\/#\/schema\/person\/570c06dfae5d1ac88c889586f451770e"},"headline":"Visitamos B\u00e9lgica (I)","datePublished":"2010-06-24T10:05:00+00:00","dateModified":"2018-11-18T12:13:33+00:00","mainEntityOfPage":{"@id":"https:\/\/www.fotografiassinpalabras.com\/blog\/visitamos-belgica-i\/"},"wordCount":123,"commentCount":0,"publisher":{"@id":"https:\/\/www.fotografiassinpalabras.com\/blog\/#\/schema\/person\/570c06dfae5d1ac88c889586f451770e"},"image":{"@id":"https:\/\/www.fotografiassinpalabras.com\/blog\/visitamos-belgica-i\/#primaryimage"},"thumbnailUrl":"https:\/\/www.fotografiassinpalabras.com\/blog\/wp-content\/uploads\/2010\/06\/p4240459-1.jpg","keywords":["B\u00e9lgica","blanco","blanco y negro","Brujas","calles","canales","fotografia","negro","sepia","torre"],"inLanguage":"es","potentialAction":[{"@type":"CommentAction","name":"Comment","target":["https:\/\/www.fotografiassinpalabras.com\/blog\/visitamos-belgica-i\/#respond"]}]},{"@type":"WebPage","@id":"https:\/\/www.fotografiassinpalabras.com\/blog\/visitamos-belgica-i\/","url":"https:\/\/www.fotografiassinpalabras.com\/blog\/visitamos-belgica-i\/","name":"Visitamos B\u00e9lgica (I) - Disfrute de la fotograf\u00eda sin palabras","isPartOf":{"@id":"https:\/\/www.fotografiassinpalabras.com\/blog\/#website"},"primaryImageOfPage":{"@id":"https:\/\/www.fotografiassinpalabras.com\/blog\/visitamos-belgica-i\/#primaryimage"},"image":{"@id":"https:\/\/www.fotografiassinpalabras.com\/blog\/visitamos-belgica-i\/#primaryimage"},"thumbnailUrl":"https:\/\/www.fotografiassinpalabras.com\/blog\/wp-content\/uploads\/2010\/06\/p4240459-1.jpg","datePublished":"2010-06-24T10:05:00+00:00","dateModified":"2018-11-18T12:13:33+00:00","description":"Fotograf\u00edas realizadas en las ciudades de Brujas, en B\u00e9lgica. Aparecen bicis, Atomium y tulipanes. Realizadas por Iv\u00e1n Ramos Mu\u00f1oz.","breadcrumb":{"@id":"https:\/\/www.fotografiassinpalabras.com\/blog\/visitamos-belgica-i\/#breadcrumb"},"inLanguage":"es","potentialAction":[{"@type":"ReadAction","target":["https:\/\/www.fotografiassinpalabras.com\/blog\/visitamos-belgica-i\/"]}]},{"@type":"ImageObject","inLanguage":"es","@id":"https:\/\/www.fotografiassinpalabras.com\/blog\/visitamos-belgica-i\/#primaryimage","url":"https:\/\/www.fotografiassinpalabras.com\/blog\/wp-content\/uploads\/2010\/06\/p4240459-1.jpg","contentUrl":"https:\/\/www.fotografiassinpalabras.com\/blog\/wp-content\/uploads\/2010\/06\/p4240459-1.jpg","width":375,"height":500,"caption":"OLYMPUS DIGITAL CAMERA"},{"@type":"BreadcrumbList","@id":"https:\/\/www.fotografiassinpalabras.com\/blog\/visitamos-belgica-i\/#breadcrumb","itemListElement":[{"@type":"ListItem","position":1,"name":"Portada","item":"https:\/\/www.fotografiassinpalabras.com\/blog\/"},{"@type":"ListItem","position":2,"name":"Visitamos B\u00e9lgica (I)"}]},{"@type":"WebSite","@id":"https:\/\/www.fotografiassinpalabras.com\/blog\/#website","url":"https:\/\/www.fotografiassinpalabras.com\/blog\/","name":"Disfrute de la fotograf\u00eda sin palabras","description":"Este blog pretende abrir una ventana a mis fotograf\u00edas. En \u00e9l ir\u00e9 colgando las fotograf\u00edas que voy haciendo sin ning\u00fan tipo de explicaci\u00f3n, simplemente im\u00e1genes que intentar\u00e1n mostrar una historia, un lugar o simplemente instant\u00e1neas sueltas del mundo que nos rodea. #fotografiassinpalabras","publisher":{"@id":"https:\/\/www.fotografiassinpalabras.com\/blog\/#\/schema\/person\/570c06dfae5d1ac88c889586f451770e"},"potentialAction":[{"@type":"SearchAction","target":{"@type":"EntryPoint","urlTemplate":"https:\/\/www.fotografiassinpalabras.com\/blog\/?s={search_term_string}"},"query-input":{"@type":"PropertyValueSpecification","valueRequired":true,"valueName":"search_term_string"}}],"inLanguage":"es"},{"@type":["Person","Organization"],"@id":"https:\/\/www.fotografiassinpalabras.com\/blog\/#\/schema\/person\/570c06dfae5d1ac88c889586f451770e","name":"Iv\u00e1n Ramos Mu\u00f1oz","image":{"@type":"ImageObject","inLanguage":"es","@id":"https:\/\/www.fotografiassinpalabras.com\/blog\/#\/schema\/person\/image\/","url":"https:\/\/www.fotografiassinpalabras.com\/blog\/wp-content\/uploads\/2017\/11\/3064514_1024px.jpg","contentUrl":"https:\/\/www.fotografiassinpalabras.com\/blog\/wp-content\/uploads\/2017\/11\/3064514_1024px.jpg","width":1024,"height":1024,"caption":"Iv\u00e1n Ramos Mu\u00f1oz"},"logo":{"@id":"https:\/\/www.fotografiassinpalabras.com\/blog\/#\/schema\/person\/image\/"},"sameAs":["https:\/\/www.fotografiassinpalabras.com\/blog","https:\/\/x.com\/ivanuski9"]}]}},"_links":{"self":[{"href":"https:\/\/www.fotografiassinpalabras.com\/blog\/wp-json\/wp\/v2\/posts\/24","targetHints":{"allow":["GET"]}}],"collection":[{"href":"https:\/\/www.fotografiassinpalabras.com\/blog\/wp-json\/wp\/v2\/posts"}],"about":[{"href":"https:\/\/www.fotografiassinpalabras.com\/blog\/wp-json\/wp\/v2\/types\/post"}],"author":[{"embeddable":true,"href":"https:\/\/www.fotografiassinpalabras.com\/blog\/wp-json\/wp\/v2\/users\/1"}],"replies":[{"embeddable":true,"href":"https:\/\/www.fotografiassinpalabras.com\/blog\/wp-json\/wp\/v2\/comments?post=24"}],"version-history":[{"count":8,"href":"https:\/\/www.fotografiassinpalabras.com\/blog\/wp-json\/wp\/v2\/posts\/24\/revisions"}],"predecessor-version":[{"id":636,"href":"https:\/\/www.fotografiassinpalabras.com\/blog\/wp-json\/wp\/v2\/posts\/24\/revisions\/636"}],"wp:featuredmedia":[{"embeddable":true,"href":"https:\/\/www.fotografiassinpalabras.com\/blog\/wp-json\/wp\/v2\/media\/332"}],"wp:attachment":[{"href":"https:\/\/www.fotografiassinpalabras.com\/blog\/wp-json\/wp\/v2\/media?parent=24"}],"wp:term":[{"taxonomy":"category","embeddable":true,"href":"https:\/\/www.fotografiassinpalabras.com\/blog\/wp-json\/wp\/v2\/categories?post=24"},{"taxonomy":"post_tag","embeddable":true,"href":"https:\/\/www.fotografiassinpalabras.com\/blog\/wp-json\/wp\/v2\/tags?post=24"}],"curies":[{"name":"wp","href":"https:\/\/api.w.org\/{rel}","templated":true}]}}