{"id":25,"date":"2010-06-24T10:35:00","date_gmt":"2010-06-24T09:35:00","guid":{"rendered":""},"modified":"2018-11-18T13:12:08","modified_gmt":"2018-11-18T12:12:08","slug":"la-noche-de-san-juan","status":"publish","type":"post","link":"https:\/\/www.fotografiassinpalabras.com\/blog\/la-noche-de-san-juan\/","title":{"rendered":"La noche de San Juan"},"content":{"rendered":"<p><!--more--><\/p>\n<p><div style=\"width: 510px\" class=\"wp-caption aligncenter\"><a title=\"Hoguera de San Juan\" href=\"\/blog\/wp-content\/uploads\/2010\/06\/4730000024_e3ea99d30a.jpg\" target=\"_blank\" rel=\"noopener\"><img loading=\"lazy\" decoding=\"async\" title=\"Hoguera de San Juan\" src=\"\/blog\/wp-content\/uploads\/2010\/06\/4730000024_e3ea99d30a.jpg\" alt=\"Hoguera de San Juan\" width=\"500\" height=\"375\" \/><\/a><p class=\"wp-caption-text\"><a href=\"\/blog\/wp-content\/uploads\/2010\/06\/4730000024_e3ea99d30a.jpg\" target=\"_blank\" rel=\"noopener\">Hoguera de San Juan<\/a><\/p><\/div><br \/>\n<div style=\"width: 510px\" class=\"wp-caption aligncenter\"><a title=\"\u00bfTe atreves a saltar?\" href=\"\/blog\/wp-content\/uploads\/2010\/06\/4730000020_7c95446c0b.jpg\" target=\"_blank\" rel=\"noopener\"><img loading=\"lazy\" decoding=\"async\" title=\"\u00bfTe atreves a saltar?\" src=\"\/blog\/wp-content\/uploads\/2010\/06\/4730000020_7c95446c0b.jpg\" alt=\"\u00bfTe atreves a saltar?\" width=\"500\" height=\"375\" \/><\/a><p class=\"wp-caption-text\"><a href=\"\/blog\/wp-content\/uploads\/2010\/06\/4730000020_7c95446c0b.jpg\" target=\"_blank\" rel=\"noopener\">\u00bfTe atreves a saltar?<\/a><\/p><\/div><br \/>\n<div style=\"width: 510px\" class=\"wp-caption aligncenter\"><a title=\"Hoguera de San Juan\" href=\"\/blog\/wp-content\/uploads\/2010\/06\/4730000034_e25dd17e10.jpg\" target=\"_blank\" rel=\"noopener\"><img loading=\"lazy\" decoding=\"async\" title=\"Hoguera de San Juan\" src=\"\/blog\/wp-content\/uploads\/2010\/06\/4730000034_e25dd17e10.jpg\" alt=\"Hoguera de San Juan\" width=\"500\" height=\"375\" \/><\/a><p class=\"wp-caption-text\"><a href=\"\/blog\/wp-content\/uploads\/2010\/06\/4730000034_e25dd17e10.jpg\" target=\"_blank\" rel=\"noopener\">Hoguera de San Juan<\/a><\/p><\/div><br \/>\n<div style=\"width: 510px\" class=\"wp-caption aligncenter\"><a title=\"Hoguera de San Juan\" href=\"\/blog\/wp-content\/uploads\/2010\/06\/4730000018_b379853d44.jpg\" target=\"_blank\" rel=\"noopener\"><img loading=\"lazy\" decoding=\"async\" title=\"Hoguera de San Juan\" src=\"\/blog\/wp-content\/uploads\/2010\/06\/4730000018_b379853d44.jpg\" alt=\"Hoguera de San Juan\" width=\"500\" height=\"375\" \/><\/a><p class=\"wp-caption-text\"><a href=\"\/blog\/wp-content\/uploads\/2010\/06\/4730000018_b379853d44.jpg\" target=\"_blank\" rel=\"noopener\">Hoguera de San Juan<\/a><\/p><\/div><br \/>\n<div style=\"width: 510px\" class=\"wp-caption aligncenter\"><a title=\"Hoguera de San Juan\" href=\"\/blog\/wp-content\/uploads\/2010\/06\/4730000028_3ec26abfff.jpg\" target=\"_blank\" rel=\"noopener\"><img loading=\"lazy\" decoding=\"async\" title=\"Hoguera de San Juan\" src=\"\/blog\/wp-content\/uploads\/2010\/06\/4730000028_3ec26abfff.jpg\" alt=\"Hoguera de San Juan\" width=\"500\" height=\"375\" \/><\/a><p class=\"wp-caption-text\"><a href=\"\/blog\/wp-content\/uploads\/2010\/06\/4730000028_3ec26abfff.jpg\" target=\"_blank\" rel=\"noopener\">Hoguera de San Juan<\/a><\/p><\/div><\/p>\n<p>&#8212;&#8212;&#8212;&#8212;&#8212;&#8212;&#8212;&#8212;&#8212;&#8212;&#8212;&#8212;&#8212;&#8212;&#8212;&#8212;-<br \/>\nMis fotograf\u00edas tienen COPYRIGHT.<br \/>\nNo debe usted copiarlas, distribuirlas ni utilizarlas sin mi consentimiento por escrito. Si desea utilizar mis fotos, ya sea de manera privada o comercial, por favor pongase en contacto conmigo, al email: ivanuski9 arroba gmail.com<\/p>\n<p>\nMy photographs are under COPYRIGHT.<br \/>\nNo usage permitted without prior written consent. All rights reserved.<br \/>\nIf you want to use some pic, for your private use or for commercial use, please, contact me via the email : ivanuski9 at gmail.com<\/p>\n","protected":false},"excerpt":{"rendered":"","protected":false},"author":1,"featured_media":153,"comment_status":"open","ping_status":"open","sticky":false,"template":"","format":"standard","meta":{"_exactmetrics_skip_tracking":false,"_exactmetrics_sitenote_active":false,"_exactmetrics_sitenote_note":"","_exactmetrics_sitenote_category":0,"footnotes":""},"categories":[1],"tags":[428,249,429,430,431,432,433,272,434,435],"class_list":["post-25","post","type-post","status-publish","format-standard","has-post-thumbnail","hentry","category-sin-categoria","tag-fiestas","tag-fotografia","tag-fuego","tag-hoguera","tag-leon","tag-llamas","tag-noche","tag-palencia","tag-patronales","tag-san-juan"],"yoast_head":"<!-- This site is optimized with the Yoast SEO plugin v25.9 - https:\/\/yoast.com\/wordpress\/plugins\/seo\/ -->\n<title>La noche de San Juan - Disfrute de la fotograf\u00eda sin palabras<\/title>\n<meta name=\"description\" content=\"Fotograf\u00edas de la Noche de San Juan en el barrio de San Juanillo de Palencia. Fotograf\u00edas realizadas por Iv\u00e1n Ramos Mu\u00f1oz\" \/>\n<meta name=\"robots\" content=\"index, follow, max-snippet:-1, max-image-preview:large, max-video-preview:-1\" \/>\n<link rel=\"canonical\" href=\"https:\/\/www.fotografiassinpalabras.com\/blog\/la-noche-de-san-juan\/\" \/>\n<meta property=\"og:locale\" content=\"es_ES\" \/>\n<meta property=\"og:type\" content=\"article\" \/>\n<meta property=\"og:title\" content=\"La noche de San Juan - Disfrute de la fotograf\u00eda sin palabras\" \/>\n<meta property=\"og:description\" content=\"Fotograf\u00edas de la Noche de San Juan en el barrio de San Juanillo de Palencia. Fotograf\u00edas realizadas por Iv\u00e1n Ramos Mu\u00f1oz\" \/>\n<meta property=\"og:url\" content=\"https:\/\/www.fotografiassinpalabras.com\/blog\/la-noche-de-san-juan\/\" \/>\n<meta property=\"og:site_name\" content=\"Disfrute de la fotograf\u00eda sin palabras\" \/>\n<meta property=\"article:published_time\" content=\"2010-06-24T09:35:00+00:00\" \/>\n<meta property=\"article:modified_time\" content=\"2018-11-18T12:12:08+00:00\" \/>\n<meta property=\"og:image\" content=\"https:\/\/www.fotografiassinpalabras.com\/blog\/wp-content\/uploads\/2010\/06\/4730000034_e25dd17e10.jpg\" \/>\n\t<meta property=\"og:image:width\" content=\"854\" \/>\n\t<meta property=\"og:image:height\" content=\"1024\" \/>\n\t<meta property=\"og:image:type\" content=\"image\/jpeg\" \/>\n<meta name=\"author\" content=\"Iv\u00e1n Ramos Mu\u00f1oz\" \/>\n<meta name=\"twitter:card\" content=\"summary_large_image\" \/>\n<meta name=\"twitter:creator\" content=\"@ivanuski9\" \/>\n<meta name=\"twitter:site\" content=\"@ivanuski9\" \/>\n<meta name=\"twitter:label1\" content=\"Escrito por\" \/>\n\t<meta name=\"twitter:data1\" content=\"Iv\u00e1n Ramos Mu\u00f1oz\" \/>\n\t<meta name=\"twitter:label2\" content=\"Tiempo de lectura\" \/>\n\t<meta name=\"twitter:data2\" content=\"1 minuto\" \/>\n<script type=\"application\/ld+json\" class=\"yoast-schema-graph\">{\"@context\":\"https:\/\/schema.org\",\"@graph\":[{\"@type\":\"Article\",\"@id\":\"https:\/\/www.fotografiassinpalabras.com\/blog\/la-noche-de-san-juan\/#article\",\"isPartOf\":{\"@id\":\"https:\/\/www.fotografiassinpalabras.com\/blog\/la-noche-de-san-juan\/\"},\"author\":{\"name\":\"Iv\u00e1n Ramos Mu\u00f1oz\",\"@id\":\"https:\/\/www.fotografiassinpalabras.com\/blog\/#\/schema\/person\/570c06dfae5d1ac88c889586f451770e\"},\"headline\":\"La noche de San Juan\",\"datePublished\":\"2010-06-24T09:35:00+00:00\",\"dateModified\":\"2018-11-18T12:12:08+00:00\",\"mainEntityOfPage\":{\"@id\":\"https:\/\/www.fotografiassinpalabras.com\/blog\/la-noche-de-san-juan\/\"},\"wordCount\":137,\"commentCount\":0,\"publisher\":{\"@id\":\"https:\/\/www.fotografiassinpalabras.com\/blog\/#\/schema\/person\/570c06dfae5d1ac88c889586f451770e\"},\"image\":{\"@id\":\"https:\/\/www.fotografiassinpalabras.com\/blog\/la-noche-de-san-juan\/#primaryimage\"},\"thumbnailUrl\":\"https:\/\/www.fotografiassinpalabras.com\/blog\/wp-content\/uploads\/2010\/06\/4730000034_e25dd17e10.jpg\",\"keywords\":[\"fiestas\",\"fotografia\",\"fuego\",\"Hoguera\",\"Le\u00f3n\",\"llamas\",\"noche\",\"Palencia\",\"patronales\",\"San Juan\"],\"inLanguage\":\"es\",\"potentialAction\":[{\"@type\":\"CommentAction\",\"name\":\"Comment\",\"target\":[\"https:\/\/www.fotografiassinpalabras.com\/blog\/la-noche-de-san-juan\/#respond\"]}]},{\"@type\":\"WebPage\",\"@id\":\"https:\/\/www.fotografiassinpalabras.com\/blog\/la-noche-de-san-juan\/\",\"url\":\"https:\/\/www.fotografiassinpalabras.com\/blog\/la-noche-de-san-juan\/\",\"name\":\"La noche de San Juan - Disfrute de la fotograf\u00eda sin palabras\",\"isPartOf\":{\"@id\":\"https:\/\/www.fotografiassinpalabras.com\/blog\/#website\"},\"primaryImageOfPage\":{\"@id\":\"https:\/\/www.fotografiassinpalabras.com\/blog\/la-noche-de-san-juan\/#primaryimage\"},\"image\":{\"@id\":\"https:\/\/www.fotografiassinpalabras.com\/blog\/la-noche-de-san-juan\/#primaryimage\"},\"thumbnailUrl\":\"https:\/\/www.fotografiassinpalabras.com\/blog\/wp-content\/uploads\/2010\/06\/4730000034_e25dd17e10.jpg\",\"datePublished\":\"2010-06-24T09:35:00+00:00\",\"dateModified\":\"2018-11-18T12:12:08+00:00\",\"description\":\"Fotograf\u00edas de la Noche de San Juan en el barrio de San Juanillo de Palencia. Fotograf\u00edas realizadas por Iv\u00e1n Ramos Mu\u00f1oz\",\"breadcrumb\":{\"@id\":\"https:\/\/www.fotografiassinpalabras.com\/blog\/la-noche-de-san-juan\/#breadcrumb\"},\"inLanguage\":\"es\",\"potentialAction\":[{\"@type\":\"ReadAction\",\"target\":[\"https:\/\/www.fotografiassinpalabras.com\/blog\/la-noche-de-san-juan\/\"]}]},{\"@type\":\"ImageObject\",\"inLanguage\":\"es\",\"@id\":\"https:\/\/www.fotografiassinpalabras.com\/blog\/la-noche-de-san-juan\/#primaryimage\",\"url\":\"https:\/\/www.fotografiassinpalabras.com\/blog\/wp-content\/uploads\/2010\/06\/4730000034_e25dd17e10.jpg\",\"contentUrl\":\"https:\/\/www.fotografiassinpalabras.com\/blog\/wp-content\/uploads\/2010\/06\/4730000034_e25dd17e10.jpg\",\"width\":854,\"height\":1024},{\"@type\":\"BreadcrumbList\",\"@id\":\"https:\/\/www.fotografiassinpalabras.com\/blog\/la-noche-de-san-juan\/#breadcrumb\",\"itemListElement\":[{\"@type\":\"ListItem\",\"position\":1,\"name\":\"Portada\",\"item\":\"https:\/\/www.fotografiassinpalabras.com\/blog\/\"},{\"@type\":\"ListItem\",\"position\":2,\"name\":\"La noche de San Juan\"}]},{\"@type\":\"WebSite\",\"@id\":\"https:\/\/www.fotografiassinpalabras.com\/blog\/#website\",\"url\":\"https:\/\/www.fotografiassinpalabras.com\/blog\/\",\"name\":\"Disfrute de la fotograf\u00eda sin palabras\",\"description\":\"Este blog pretende abrir una ventana a mis fotograf\u00edas. En \u00e9l ir\u00e9 colgando las fotograf\u00edas que voy haciendo sin ning\u00fan tipo de explicaci\u00f3n, simplemente im\u00e1genes que intentar\u00e1n mostrar una historia, un lugar o simplemente instant\u00e1neas sueltas del mundo que nos rodea. #fotografiassinpalabras\",\"publisher\":{\"@id\":\"https:\/\/www.fotografiassinpalabras.com\/blog\/#\/schema\/person\/570c06dfae5d1ac88c889586f451770e\"},\"potentialAction\":[{\"@type\":\"SearchAction\",\"target\":{\"@type\":\"EntryPoint\",\"urlTemplate\":\"https:\/\/www.fotografiassinpalabras.com\/blog\/?s={search_term_string}\"},\"query-input\":{\"@type\":\"PropertyValueSpecification\",\"valueRequired\":true,\"valueName\":\"search_term_string\"}}],\"inLanguage\":\"es\"},{\"@type\":[\"Person\",\"Organization\"],\"@id\":\"https:\/\/www.fotografiassinpalabras.com\/blog\/#\/schema\/person\/570c06dfae5d1ac88c889586f451770e\",\"name\":\"Iv\u00e1n Ramos Mu\u00f1oz\",\"image\":{\"@type\":\"ImageObject\",\"inLanguage\":\"es\",\"@id\":\"https:\/\/www.fotografiassinpalabras.com\/blog\/#\/schema\/person\/image\/\",\"url\":\"https:\/\/www.fotografiassinpalabras.com\/blog\/wp-content\/uploads\/2017\/11\/3064514_1024px.jpg\",\"contentUrl\":\"https:\/\/www.fotografiassinpalabras.com\/blog\/wp-content\/uploads\/2017\/11\/3064514_1024px.jpg\",\"width\":1024,\"height\":1024,\"caption\":\"Iv\u00e1n Ramos Mu\u00f1oz\"},\"logo\":{\"@id\":\"https:\/\/www.fotografiassinpalabras.com\/blog\/#\/schema\/person\/image\/\"},\"sameAs\":[\"https:\/\/www.fotografiassinpalabras.com\/blog\",\"https:\/\/x.com\/ivanuski9\"]}]}<\/script>\n<!-- \/ Yoast SEO plugin. -->","yoast_head_json":{"title":"La noche de San Juan - Disfrute de la fotograf\u00eda sin palabras","description":"Fotograf\u00edas de la Noche de San Juan en el barrio de San Juanillo de Palencia. Fotograf\u00edas realizadas por Iv\u00e1n Ramos Mu\u00f1oz","robots":{"index":"index","follow":"follow","max-snippet":"max-snippet:-1","max-image-preview":"max-image-preview:large","max-video-preview":"max-video-preview:-1"},"canonical":"https:\/\/www.fotografiassinpalabras.com\/blog\/la-noche-de-san-juan\/","og_locale":"es_ES","og_type":"article","og_title":"La noche de San Juan - Disfrute de la fotograf\u00eda sin palabras","og_description":"Fotograf\u00edas de la Noche de San Juan en el barrio de San Juanillo de Palencia. Fotograf\u00edas realizadas por Iv\u00e1n Ramos Mu\u00f1oz","og_url":"https:\/\/www.fotografiassinpalabras.com\/blog\/la-noche-de-san-juan\/","og_site_name":"Disfrute de la fotograf\u00eda sin palabras","article_published_time":"2010-06-24T09:35:00+00:00","article_modified_time":"2018-11-18T12:12:08+00:00","og_image":[{"width":854,"height":1024,"url":"https:\/\/www.fotografiassinpalabras.com\/blog\/wp-content\/uploads\/2010\/06\/4730000034_e25dd17e10.jpg","type":"image\/jpeg"}],"author":"Iv\u00e1n Ramos Mu\u00f1oz","twitter_card":"summary_large_image","twitter_creator":"@ivanuski9","twitter_site":"@ivanuski9","twitter_misc":{"Escrito por":"Iv\u00e1n Ramos Mu\u00f1oz","Tiempo de lectura":"1 minuto"},"schema":{"@context":"https:\/\/schema.org","@graph":[{"@type":"Article","@id":"https:\/\/www.fotografiassinpalabras.com\/blog\/la-noche-de-san-juan\/#article","isPartOf":{"@id":"https:\/\/www.fotografiassinpalabras.com\/blog\/la-noche-de-san-juan\/"},"author":{"name":"Iv\u00e1n Ramos Mu\u00f1oz","@id":"https:\/\/www.fotografiassinpalabras.com\/blog\/#\/schema\/person\/570c06dfae5d1ac88c889586f451770e"},"headline":"La noche de San Juan","datePublished":"2010-06-24T09:35:00+00:00","dateModified":"2018-11-18T12:12:08+00:00","mainEntityOfPage":{"@id":"https:\/\/www.fotografiassinpalabras.com\/blog\/la-noche-de-san-juan\/"},"wordCount":137,"commentCount":0,"publisher":{"@id":"https:\/\/www.fotografiassinpalabras.com\/blog\/#\/schema\/person\/570c06dfae5d1ac88c889586f451770e"},"image":{"@id":"https:\/\/www.fotografiassinpalabras.com\/blog\/la-noche-de-san-juan\/#primaryimage"},"thumbnailUrl":"https:\/\/www.fotografiassinpalabras.com\/blog\/wp-content\/uploads\/2010\/06\/4730000034_e25dd17e10.jpg","keywords":["fiestas","fotografia","fuego","Hoguera","Le\u00f3n","llamas","noche","Palencia","patronales","San Juan"],"inLanguage":"es","potentialAction":[{"@type":"CommentAction","name":"Comment","target":["https:\/\/www.fotografiassinpalabras.com\/blog\/la-noche-de-san-juan\/#respond"]}]},{"@type":"WebPage","@id":"https:\/\/www.fotografiassinpalabras.com\/blog\/la-noche-de-san-juan\/","url":"https:\/\/www.fotografiassinpalabras.com\/blog\/la-noche-de-san-juan\/","name":"La noche de San Juan - Disfrute de la fotograf\u00eda sin palabras","isPartOf":{"@id":"https:\/\/www.fotografiassinpalabras.com\/blog\/#website"},"primaryImageOfPage":{"@id":"https:\/\/www.fotografiassinpalabras.com\/blog\/la-noche-de-san-juan\/#primaryimage"},"image":{"@id":"https:\/\/www.fotografiassinpalabras.com\/blog\/la-noche-de-san-juan\/#primaryimage"},"thumbnailUrl":"https:\/\/www.fotografiassinpalabras.com\/blog\/wp-content\/uploads\/2010\/06\/4730000034_e25dd17e10.jpg","datePublished":"2010-06-24T09:35:00+00:00","dateModified":"2018-11-18T12:12:08+00:00","description":"Fotograf\u00edas de la Noche de San Juan en el barrio de San Juanillo de Palencia. Fotograf\u00edas realizadas por Iv\u00e1n Ramos Mu\u00f1oz","breadcrumb":{"@id":"https:\/\/www.fotografiassinpalabras.com\/blog\/la-noche-de-san-juan\/#breadcrumb"},"inLanguage":"es","potentialAction":[{"@type":"ReadAction","target":["https:\/\/www.fotografiassinpalabras.com\/blog\/la-noche-de-san-juan\/"]}]},{"@type":"ImageObject","inLanguage":"es","@id":"https:\/\/www.fotografiassinpalabras.com\/blog\/la-noche-de-san-juan\/#primaryimage","url":"https:\/\/www.fotografiassinpalabras.com\/blog\/wp-content\/uploads\/2010\/06\/4730000034_e25dd17e10.jpg","contentUrl":"https:\/\/www.fotografiassinpalabras.com\/blog\/wp-content\/uploads\/2010\/06\/4730000034_e25dd17e10.jpg","width":854,"height":1024},{"@type":"BreadcrumbList","@id":"https:\/\/www.fotografiassinpalabras.com\/blog\/la-noche-de-san-juan\/#breadcrumb","itemListElement":[{"@type":"ListItem","position":1,"name":"Portada","item":"https:\/\/www.fotografiassinpalabras.com\/blog\/"},{"@type":"ListItem","position":2,"name":"La noche de San Juan"}]},{"@type":"WebSite","@id":"https:\/\/www.fotografiassinpalabras.com\/blog\/#website","url":"https:\/\/www.fotografiassinpalabras.com\/blog\/","name":"Disfrute de la fotograf\u00eda sin palabras","description":"Este blog pretende abrir una ventana a mis fotograf\u00edas. En \u00e9l ir\u00e9 colgando las fotograf\u00edas que voy haciendo sin ning\u00fan tipo de explicaci\u00f3n, simplemente im\u00e1genes que intentar\u00e1n mostrar una historia, un lugar o simplemente instant\u00e1neas sueltas del mundo que nos rodea. #fotografiassinpalabras","publisher":{"@id":"https:\/\/www.fotografiassinpalabras.com\/blog\/#\/schema\/person\/570c06dfae5d1ac88c889586f451770e"},"potentialAction":[{"@type":"SearchAction","target":{"@type":"EntryPoint","urlTemplate":"https:\/\/www.fotografiassinpalabras.com\/blog\/?s={search_term_string}"},"query-input":{"@type":"PropertyValueSpecification","valueRequired":true,"valueName":"search_term_string"}}],"inLanguage":"es"},{"@type":["Person","Organization"],"@id":"https:\/\/www.fotografiassinpalabras.com\/blog\/#\/schema\/person\/570c06dfae5d1ac88c889586f451770e","name":"Iv\u00e1n Ramos Mu\u00f1oz","image":{"@type":"ImageObject","inLanguage":"es","@id":"https:\/\/www.fotografiassinpalabras.com\/blog\/#\/schema\/person\/image\/","url":"https:\/\/www.fotografiassinpalabras.com\/blog\/wp-content\/uploads\/2017\/11\/3064514_1024px.jpg","contentUrl":"https:\/\/www.fotografiassinpalabras.com\/blog\/wp-content\/uploads\/2017\/11\/3064514_1024px.jpg","width":1024,"height":1024,"caption":"Iv\u00e1n Ramos Mu\u00f1oz"},"logo":{"@id":"https:\/\/www.fotografiassinpalabras.com\/blog\/#\/schema\/person\/image\/"},"sameAs":["https:\/\/www.fotografiassinpalabras.com\/blog","https:\/\/x.com\/ivanuski9"]}]}},"_links":{"self":[{"href":"https:\/\/www.fotografiassinpalabras.com\/blog\/wp-json\/wp\/v2\/posts\/25","targetHints":{"allow":["GET"]}}],"collection":[{"href":"https:\/\/www.fotografiassinpalabras.com\/blog\/wp-json\/wp\/v2\/posts"}],"about":[{"href":"https:\/\/www.fotografiassinpalabras.com\/blog\/wp-json\/wp\/v2\/types\/post"}],"author":[{"embeddable":true,"href":"https:\/\/www.fotografiassinpalabras.com\/blog\/wp-json\/wp\/v2\/users\/1"}],"replies":[{"embeddable":true,"href":"https:\/\/www.fotografiassinpalabras.com\/blog\/wp-json\/wp\/v2\/comments?post=25"}],"version-history":[{"count":8,"href":"https:\/\/www.fotografiassinpalabras.com\/blog\/wp-json\/wp\/v2\/posts\/25\/revisions"}],"predecessor-version":[{"id":356,"href":"https:\/\/www.fotografiassinpalabras.com\/blog\/wp-json\/wp\/v2\/posts\/25\/revisions\/356"}],"wp:featuredmedia":[{"embeddable":true,"href":"https:\/\/www.fotografiassinpalabras.com\/blog\/wp-json\/wp\/v2\/media\/153"}],"wp:attachment":[{"href":"https:\/\/www.fotografiassinpalabras.com\/blog\/wp-json\/wp\/v2\/media?parent=25"}],"wp:term":[{"taxonomy":"category","embeddable":true,"href":"https:\/\/www.fotografiassinpalabras.com\/blog\/wp-json\/wp\/v2\/categories?post=25"},{"taxonomy":"post_tag","embeddable":true,"href":"https:\/\/www.fotografiassinpalabras.com\/blog\/wp-json\/wp\/v2\/tags?post=25"}],"curies":[{"name":"wp","href":"https:\/\/api.w.org\/{rel}","templated":true}]}}