{"id":27,"date":"2010-03-04T09:09:00","date_gmt":"2010-03-04T08:09:00","guid":{"rendered":"https:\/\/navipi.ddns.net:4443\/blog\/retoque-fotografico\/"},"modified":"2018-11-18T13:09:38","modified_gmt":"2018-11-18T12:09:38","slug":"retoque-fotografico","status":"publish","type":"post","link":"https:\/\/www.fotografiassinpalabras.com\/blog\/retoque-fotografico\/","title":{"rendered":"Retoque fotogr\u00e1fico"},"content":{"rendered":"<p><!--more--><\/p>\n<p><div style=\"width: 510px\" class=\"wp-caption aligncenter\"><a title=\"Tarde de paseo\" href=\"\/blog\/wp-content\/uploads\/2010\/03\/2700333713_1af956042f.jpg\" target=\"_blank\" rel=\"noopener\"><img loading=\"lazy\" decoding=\"async\" title=\"Tarde de paseo\" src=\"\/blog\/wp-content\/uploads\/2010\/03\/2700333713_1af956042f.jpg\" alt=\"Tarde de paseo\" width=\"500\" height=\"375\" \/><\/a><p class=\"wp-caption-text\"><a href=\"\/blog\/wp-content\/uploads\/2010\/03\/2700333713_1af956042f.jpg\" target=\"_blank\" rel=\"noopener\">Tarde de paseo<\/a><\/p><\/div><br \/>\n<div style=\"width: 510px\" class=\"wp-caption aligncenter\"><a title=\"Solarizaci\u00f3n de bronce\" href=\"\/blog\/wp-content\/uploads\/2010\/03\/3284406037_d14aa3f64f.jpg\" target=\"_blank\" rel=\"noopener\"><img loading=\"lazy\" decoding=\"async\" title=\"Solarizaci\u00f3n de bronce\" src=\"\/blog\/wp-content\/uploads\/2010\/03\/3284406037_d14aa3f64f.jpg\" alt=\"Solarizaci\u00f3n de bronce\" width=\"500\" height=\"375\" \/><\/a><p class=\"wp-caption-text\"><a href=\"\/blog\/wp-content\/uploads\/2010\/03\/3284406037_d14aa3f64f.jpg\" target=\"_blank\" rel=\"noopener\">Solarizaci\u00f3n de bronce<\/a><\/p><\/div><br \/>\n<div style=\"width: 510px\" class=\"wp-caption aligncenter\"><a title=\"Infrarrojos\" href=\"\/blog\/wp-content\/uploads\/2010\/03\/3839766184_8389e91522.jpg\" target=\"_blank\" rel=\"noopener\"><img loading=\"lazy\" decoding=\"async\" title=\"Infrarrojos\" src=\"\/blog\/wp-content\/uploads\/2010\/03\/3839766184_8389e91522.jpg\" alt=\"Infrarrojos\" width=\"500\" height=\"375\" \/><\/a><p class=\"wp-caption-text\"><a href=\"\/blog\/wp-content\/uploads\/2010\/03\/3839766184_8389e91522.jpg\" target=\"_blank\" rel=\"noopener\">Infrarrojos<\/a><\/p><\/div><br \/>\n<div style=\"width: 510px\" class=\"wp-caption aligncenter\"><a title=\"Playa de los Locos\" href=\"\/blog\/wp-content\/uploads\/2010\/03\/4362525590_6fa75f1731.jpg\" target=\"_blank\" rel=\"noopener\"><img loading=\"lazy\" decoding=\"async\" title=\"Playa de los Locos\" src=\"\/blog\/wp-content\/uploads\/2010\/03\/4362525590_6fa75f1731.jpg\" alt=\"Playa de los Locos\" width=\"500\" height=\"375\" \/><\/a><p class=\"wp-caption-text\"><a href=\"\/blog\/wp-content\/uploads\/2010\/03\/4362525590_6fa75f1731.jpg\" target=\"_blank\" rel=\"noopener\">Playa de los Locos<\/a><\/p><\/div><br \/>\n<div style=\"width: 510px\" class=\"wp-caption aligncenter\"><a title=\"Degradado\" href=\"\/blog\/wp-content\/uploads\/2010\/03\/4406086368_e065463607.jpg\" target=\"_blank\" rel=\"noopener\"><img loading=\"lazy\" decoding=\"async\" title=\"Degradado\" src=\"\/blog\/wp-content\/uploads\/2010\/03\/4406086368_e065463607.jpg\" alt=\"Degradado\" width=\"500\" height=\"375\" \/><\/a><p class=\"wp-caption-text\"><a href=\"\/blog\/wp-content\/uploads\/2010\/03\/4406086368_e065463607.jpg\" target=\"_blank\" rel=\"noopener\">Degradado<\/a><\/p><\/div><br \/>\n<div style=\"width: 510px\" class=\"wp-caption aligncenter\"><a title=\"MACBA\" href=\"\/blog\/wp-content\/uploads\/2010\/03\/3839643748_e8eafeeee8.jpg\" target=\"_blank\" rel=\"noopener\"><img loading=\"lazy\" decoding=\"async\" title=\"MACBA\" src=\"\/blog\/wp-content\/uploads\/2010\/03\/3839643748_e8eafeeee8.jpg\" alt=\"MACBA\" width=\"500\" height=\"375\" \/><\/a><p class=\"wp-caption-text\"><a href=\"\/blog\/wp-content\/uploads\/2010\/03\/3839643748_e8eafeeee8.jpg\" target=\"_blank\" rel=\"noopener\">MACBA<\/a><\/p><\/div><\/p>\n<p>&#8212;&#8212;&#8212;&#8212;&#8212;&#8212;&#8212;&#8212;&#8212;&#8212;&#8212;&#8212;&#8212;&#8212;&#8212;&#8212;-<br \/>\nMis fotograf\u00edas tienen COPYRIGHT.<br \/>\nNo debe usted copiarlas, distribuirlas ni utilizarlas sin mi consentimiento por escrito. Si desea utilizar mis fotos, ya sea de manera privada o comercial, por favor pongase en contacto conmigo, al email: ivanuski9 arroba gmail.com<\/p>\n<p>\nMy photographs are under COPYRIGHT.<br \/>\nNo usage permitted without prior written consent. All rights reserved.<br \/>\nIf you want to use some pic, for your private use or for commercial use, please, contact me via the email : ivanuski9 at gmail.com<\/p>\n","protected":false},"excerpt":{"rendered":"","protected":false},"author":1,"featured_media":285,"comment_status":"open","ping_status":"open","sticky":false,"template":"","format":"standard","meta":{"_exactmetrics_skip_tracking":false,"_exactmetrics_sitenote_active":false,"_exactmetrics_sitenote_note":"","_exactmetrics_sitenote_category":0,"footnotes":""},"categories":[1],"tags":[440,361,309,329,249,441,410,442,443,367,272,444,445,406,412],"class_list":["post-27","post","type-post","status-publish","format-standard","has-post-thumbnail","hentry","category-sin-categoria","tag-barcelona","tag-blanco","tag-blanco-y-negro","tag-degradado","tag-fotografia","tag-infrarroja","tag-los-locos","tag-macba","tag-negativo","tag-negro","tag-palencia","tag-retoque","tag-solarizacion","tag-suances","tag-valle"],"yoast_head":"<!-- This site is optimized with the Yoast SEO plugin v25.9 - https:\/\/yoast.com\/wordpress\/plugins\/seo\/ -->\n<title>Retoque fotogr\u00e1fico - Disfrute de la fotograf\u00eda sin palabras<\/title>\n<meta name=\"description\" content=\"Im\u00e1genes retocadas a\u00f1adiendo efectos como la solarizaci\u00f3n, fotograf\u00eda infrarroja, blancos y negros selectivos. Fotograf\u00edas realizadas por Iv\u00e1n Ramos Mu\u00f1oz\" \/>\n<meta name=\"robots\" content=\"index, follow, max-snippet:-1, max-image-preview:large, max-video-preview:-1\" \/>\n<link rel=\"canonical\" href=\"https:\/\/www.fotografiassinpalabras.com\/blog\/retoque-fotografico\/\" \/>\n<meta property=\"og:locale\" content=\"es_ES\" \/>\n<meta property=\"og:type\" content=\"article\" \/>\n<meta property=\"og:title\" content=\"Retoque fotogr\u00e1fico - Disfrute de la fotograf\u00eda sin palabras\" \/>\n<meta property=\"og:description\" content=\"Im\u00e1genes retocadas a\u00f1adiendo efectos como la solarizaci\u00f3n, fotograf\u00eda infrarroja, blancos y negros selectivos. Fotograf\u00edas realizadas por Iv\u00e1n Ramos Mu\u00f1oz\" \/>\n<meta property=\"og:url\" content=\"https:\/\/www.fotografiassinpalabras.com\/blog\/retoque-fotografico\/\" \/>\n<meta property=\"og:site_name\" content=\"Disfrute de la fotograf\u00eda sin palabras\" \/>\n<meta property=\"article:published_time\" content=\"2010-03-04T08:09:00+00:00\" \/>\n<meta property=\"article:modified_time\" content=\"2018-11-18T12:09:38+00:00\" \/>\n<meta property=\"og:image\" content=\"https:\/\/www.fotografiassinpalabras.com\/blog\/wp-content\/uploads\/2010\/03\/3284406037_d14aa3f64f.jpg\" \/>\n\t<meta property=\"og:image:width\" content=\"768\" \/>\n\t<meta property=\"og:image:height\" content=\"1024\" \/>\n\t<meta property=\"og:image:type\" content=\"image\/jpeg\" \/>\n<meta name=\"author\" content=\"Iv\u00e1n Ramos Mu\u00f1oz\" \/>\n<meta name=\"twitter:card\" content=\"summary_large_image\" \/>\n<meta name=\"twitter:creator\" content=\"@ivanuski9\" \/>\n<meta name=\"twitter:site\" content=\"@ivanuski9\" \/>\n<meta name=\"twitter:label1\" content=\"Escrito por\" \/>\n\t<meta name=\"twitter:data1\" content=\"Iv\u00e1n Ramos Mu\u00f1oz\" \/>\n\t<meta name=\"twitter:label2\" content=\"Tiempo de lectura\" \/>\n\t<meta name=\"twitter:data2\" content=\"1 minuto\" \/>\n<script type=\"application\/ld+json\" class=\"yoast-schema-graph\">{\"@context\":\"https:\/\/schema.org\",\"@graph\":[{\"@type\":\"Article\",\"@id\":\"https:\/\/www.fotografiassinpalabras.com\/blog\/retoque-fotografico\/#article\",\"isPartOf\":{\"@id\":\"https:\/\/www.fotografiassinpalabras.com\/blog\/retoque-fotografico\/\"},\"author\":{\"name\":\"Iv\u00e1n Ramos Mu\u00f1oz\",\"@id\":\"https:\/\/www.fotografiassinpalabras.com\/blog\/#\/schema\/person\/570c06dfae5d1ac88c889586f451770e\"},\"headline\":\"Retoque fotogr\u00e1fico\",\"datePublished\":\"2010-03-04T08:09:00+00:00\",\"dateModified\":\"2018-11-18T12:09:38+00:00\",\"mainEntityOfPage\":{\"@id\":\"https:\/\/www.fotografiassinpalabras.com\/blog\/retoque-fotografico\/\"},\"wordCount\":135,\"commentCount\":0,\"publisher\":{\"@id\":\"https:\/\/www.fotografiassinpalabras.com\/blog\/#\/schema\/person\/570c06dfae5d1ac88c889586f451770e\"},\"image\":{\"@id\":\"https:\/\/www.fotografiassinpalabras.com\/blog\/retoque-fotografico\/#primaryimage\"},\"thumbnailUrl\":\"https:\/\/www.fotografiassinpalabras.com\/blog\/wp-content\/uploads\/2010\/03\/3284406037_d14aa3f64f.jpg\",\"keywords\":[\"Barcelona\",\"blanco\",\"blanco y negro\",\"degradado\",\"fotografia\",\"infrarroja\",\"los locos\",\"MACBA\",\"negativo\",\"negro\",\"Palencia\",\"retoque\",\"solarizaci\u00f3n\",\"Suances\",\"valle\"],\"inLanguage\":\"es\",\"potentialAction\":[{\"@type\":\"CommentAction\",\"name\":\"Comment\",\"target\":[\"https:\/\/www.fotografiassinpalabras.com\/blog\/retoque-fotografico\/#respond\"]}]},{\"@type\":\"WebPage\",\"@id\":\"https:\/\/www.fotografiassinpalabras.com\/blog\/retoque-fotografico\/\",\"url\":\"https:\/\/www.fotografiassinpalabras.com\/blog\/retoque-fotografico\/\",\"name\":\"Retoque fotogr\u00e1fico - Disfrute de la fotograf\u00eda sin palabras\",\"isPartOf\":{\"@id\":\"https:\/\/www.fotografiassinpalabras.com\/blog\/#website\"},\"primaryImageOfPage\":{\"@id\":\"https:\/\/www.fotografiassinpalabras.com\/blog\/retoque-fotografico\/#primaryimage\"},\"image\":{\"@id\":\"https:\/\/www.fotografiassinpalabras.com\/blog\/retoque-fotografico\/#primaryimage\"},\"thumbnailUrl\":\"https:\/\/www.fotografiassinpalabras.com\/blog\/wp-content\/uploads\/2010\/03\/3284406037_d14aa3f64f.jpg\",\"datePublished\":\"2010-03-04T08:09:00+00:00\",\"dateModified\":\"2018-11-18T12:09:38+00:00\",\"description\":\"Im\u00e1genes retocadas a\u00f1adiendo efectos como la solarizaci\u00f3n, fotograf\u00eda infrarroja, blancos y negros selectivos. Fotograf\u00edas realizadas por Iv\u00e1n Ramos Mu\u00f1oz\",\"breadcrumb\":{\"@id\":\"https:\/\/www.fotografiassinpalabras.com\/blog\/retoque-fotografico\/#breadcrumb\"},\"inLanguage\":\"es\",\"potentialAction\":[{\"@type\":\"ReadAction\",\"target\":[\"https:\/\/www.fotografiassinpalabras.com\/blog\/retoque-fotografico\/\"]}]},{\"@type\":\"ImageObject\",\"inLanguage\":\"es\",\"@id\":\"https:\/\/www.fotografiassinpalabras.com\/blog\/retoque-fotografico\/#primaryimage\",\"url\":\"https:\/\/www.fotografiassinpalabras.com\/blog\/wp-content\/uploads\/2010\/03\/3284406037_d14aa3f64f.jpg\",\"contentUrl\":\"https:\/\/www.fotografiassinpalabras.com\/blog\/wp-content\/uploads\/2010\/03\/3284406037_d14aa3f64f.jpg\",\"width\":768,\"height\":1024},{\"@type\":\"BreadcrumbList\",\"@id\":\"https:\/\/www.fotografiassinpalabras.com\/blog\/retoque-fotografico\/#breadcrumb\",\"itemListElement\":[{\"@type\":\"ListItem\",\"position\":1,\"name\":\"Portada\",\"item\":\"https:\/\/www.fotografiassinpalabras.com\/blog\/\"},{\"@type\":\"ListItem\",\"position\":2,\"name\":\"Retoque fotogr\u00e1fico\"}]},{\"@type\":\"WebSite\",\"@id\":\"https:\/\/www.fotografiassinpalabras.com\/blog\/#website\",\"url\":\"https:\/\/www.fotografiassinpalabras.com\/blog\/\",\"name\":\"Disfrute de la fotograf\u00eda sin palabras\",\"description\":\"Este blog pretende abrir una ventana a mis fotograf\u00edas. En \u00e9l ir\u00e9 colgando las fotograf\u00edas que voy haciendo sin ning\u00fan tipo de explicaci\u00f3n, simplemente im\u00e1genes que intentar\u00e1n mostrar una historia, un lugar o simplemente instant\u00e1neas sueltas del mundo que nos rodea. #fotografiassinpalabras\",\"publisher\":{\"@id\":\"https:\/\/www.fotografiassinpalabras.com\/blog\/#\/schema\/person\/570c06dfae5d1ac88c889586f451770e\"},\"potentialAction\":[{\"@type\":\"SearchAction\",\"target\":{\"@type\":\"EntryPoint\",\"urlTemplate\":\"https:\/\/www.fotografiassinpalabras.com\/blog\/?s={search_term_string}\"},\"query-input\":{\"@type\":\"PropertyValueSpecification\",\"valueRequired\":true,\"valueName\":\"search_term_string\"}}],\"inLanguage\":\"es\"},{\"@type\":[\"Person\",\"Organization\"],\"@id\":\"https:\/\/www.fotografiassinpalabras.com\/blog\/#\/schema\/person\/570c06dfae5d1ac88c889586f451770e\",\"name\":\"Iv\u00e1n Ramos Mu\u00f1oz\",\"image\":{\"@type\":\"ImageObject\",\"inLanguage\":\"es\",\"@id\":\"https:\/\/www.fotografiassinpalabras.com\/blog\/#\/schema\/person\/image\/\",\"url\":\"https:\/\/www.fotografiassinpalabras.com\/blog\/wp-content\/uploads\/2017\/11\/3064514_1024px.jpg\",\"contentUrl\":\"https:\/\/www.fotografiassinpalabras.com\/blog\/wp-content\/uploads\/2017\/11\/3064514_1024px.jpg\",\"width\":1024,\"height\":1024,\"caption\":\"Iv\u00e1n Ramos Mu\u00f1oz\"},\"logo\":{\"@id\":\"https:\/\/www.fotografiassinpalabras.com\/blog\/#\/schema\/person\/image\/\"},\"sameAs\":[\"https:\/\/www.fotografiassinpalabras.com\/blog\",\"https:\/\/x.com\/ivanuski9\"]}]}<\/script>\n<!-- \/ Yoast SEO plugin. -->","yoast_head_json":{"title":"Retoque fotogr\u00e1fico - Disfrute de la fotograf\u00eda sin palabras","description":"Im\u00e1genes retocadas a\u00f1adiendo efectos como la solarizaci\u00f3n, fotograf\u00eda infrarroja, blancos y negros selectivos. Fotograf\u00edas realizadas por Iv\u00e1n Ramos Mu\u00f1oz","robots":{"index":"index","follow":"follow","max-snippet":"max-snippet:-1","max-image-preview":"max-image-preview:large","max-video-preview":"max-video-preview:-1"},"canonical":"https:\/\/www.fotografiassinpalabras.com\/blog\/retoque-fotografico\/","og_locale":"es_ES","og_type":"article","og_title":"Retoque fotogr\u00e1fico - Disfrute de la fotograf\u00eda sin palabras","og_description":"Im\u00e1genes retocadas a\u00f1adiendo efectos como la solarizaci\u00f3n, fotograf\u00eda infrarroja, blancos y negros selectivos. Fotograf\u00edas realizadas por Iv\u00e1n Ramos Mu\u00f1oz","og_url":"https:\/\/www.fotografiassinpalabras.com\/blog\/retoque-fotografico\/","og_site_name":"Disfrute de la fotograf\u00eda sin palabras","article_published_time":"2010-03-04T08:09:00+00:00","article_modified_time":"2018-11-18T12:09:38+00:00","og_image":[{"width":768,"height":1024,"url":"https:\/\/www.fotografiassinpalabras.com\/blog\/wp-content\/uploads\/2010\/03\/3284406037_d14aa3f64f.jpg","type":"image\/jpeg"}],"author":"Iv\u00e1n Ramos Mu\u00f1oz","twitter_card":"summary_large_image","twitter_creator":"@ivanuski9","twitter_site":"@ivanuski9","twitter_misc":{"Escrito por":"Iv\u00e1n Ramos Mu\u00f1oz","Tiempo de lectura":"1 minuto"},"schema":{"@context":"https:\/\/schema.org","@graph":[{"@type":"Article","@id":"https:\/\/www.fotografiassinpalabras.com\/blog\/retoque-fotografico\/#article","isPartOf":{"@id":"https:\/\/www.fotografiassinpalabras.com\/blog\/retoque-fotografico\/"},"author":{"name":"Iv\u00e1n Ramos Mu\u00f1oz","@id":"https:\/\/www.fotografiassinpalabras.com\/blog\/#\/schema\/person\/570c06dfae5d1ac88c889586f451770e"},"headline":"Retoque fotogr\u00e1fico","datePublished":"2010-03-04T08:09:00+00:00","dateModified":"2018-11-18T12:09:38+00:00","mainEntityOfPage":{"@id":"https:\/\/www.fotografiassinpalabras.com\/blog\/retoque-fotografico\/"},"wordCount":135,"commentCount":0,"publisher":{"@id":"https:\/\/www.fotografiassinpalabras.com\/blog\/#\/schema\/person\/570c06dfae5d1ac88c889586f451770e"},"image":{"@id":"https:\/\/www.fotografiassinpalabras.com\/blog\/retoque-fotografico\/#primaryimage"},"thumbnailUrl":"https:\/\/www.fotografiassinpalabras.com\/blog\/wp-content\/uploads\/2010\/03\/3284406037_d14aa3f64f.jpg","keywords":["Barcelona","blanco","blanco y negro","degradado","fotografia","infrarroja","los locos","MACBA","negativo","negro","Palencia","retoque","solarizaci\u00f3n","Suances","valle"],"inLanguage":"es","potentialAction":[{"@type":"CommentAction","name":"Comment","target":["https:\/\/www.fotografiassinpalabras.com\/blog\/retoque-fotografico\/#respond"]}]},{"@type":"WebPage","@id":"https:\/\/www.fotografiassinpalabras.com\/blog\/retoque-fotografico\/","url":"https:\/\/www.fotografiassinpalabras.com\/blog\/retoque-fotografico\/","name":"Retoque fotogr\u00e1fico - Disfrute de la fotograf\u00eda sin palabras","isPartOf":{"@id":"https:\/\/www.fotografiassinpalabras.com\/blog\/#website"},"primaryImageOfPage":{"@id":"https:\/\/www.fotografiassinpalabras.com\/blog\/retoque-fotografico\/#primaryimage"},"image":{"@id":"https:\/\/www.fotografiassinpalabras.com\/blog\/retoque-fotografico\/#primaryimage"},"thumbnailUrl":"https:\/\/www.fotografiassinpalabras.com\/blog\/wp-content\/uploads\/2010\/03\/3284406037_d14aa3f64f.jpg","datePublished":"2010-03-04T08:09:00+00:00","dateModified":"2018-11-18T12:09:38+00:00","description":"Im\u00e1genes retocadas a\u00f1adiendo efectos como la solarizaci\u00f3n, fotograf\u00eda infrarroja, blancos y negros selectivos. Fotograf\u00edas realizadas por Iv\u00e1n Ramos Mu\u00f1oz","breadcrumb":{"@id":"https:\/\/www.fotografiassinpalabras.com\/blog\/retoque-fotografico\/#breadcrumb"},"inLanguage":"es","potentialAction":[{"@type":"ReadAction","target":["https:\/\/www.fotografiassinpalabras.com\/blog\/retoque-fotografico\/"]}]},{"@type":"ImageObject","inLanguage":"es","@id":"https:\/\/www.fotografiassinpalabras.com\/blog\/retoque-fotografico\/#primaryimage","url":"https:\/\/www.fotografiassinpalabras.com\/blog\/wp-content\/uploads\/2010\/03\/3284406037_d14aa3f64f.jpg","contentUrl":"https:\/\/www.fotografiassinpalabras.com\/blog\/wp-content\/uploads\/2010\/03\/3284406037_d14aa3f64f.jpg","width":768,"height":1024},{"@type":"BreadcrumbList","@id":"https:\/\/www.fotografiassinpalabras.com\/blog\/retoque-fotografico\/#breadcrumb","itemListElement":[{"@type":"ListItem","position":1,"name":"Portada","item":"https:\/\/www.fotografiassinpalabras.com\/blog\/"},{"@type":"ListItem","position":2,"name":"Retoque fotogr\u00e1fico"}]},{"@type":"WebSite","@id":"https:\/\/www.fotografiassinpalabras.com\/blog\/#website","url":"https:\/\/www.fotografiassinpalabras.com\/blog\/","name":"Disfrute de la fotograf\u00eda sin palabras","description":"Este blog pretende abrir una ventana a mis fotograf\u00edas. En \u00e9l ir\u00e9 colgando las fotograf\u00edas que voy haciendo sin ning\u00fan tipo de explicaci\u00f3n, simplemente im\u00e1genes que intentar\u00e1n mostrar una historia, un lugar o simplemente instant\u00e1neas sueltas del mundo que nos rodea. #fotografiassinpalabras","publisher":{"@id":"https:\/\/www.fotografiassinpalabras.com\/blog\/#\/schema\/person\/570c06dfae5d1ac88c889586f451770e"},"potentialAction":[{"@type":"SearchAction","target":{"@type":"EntryPoint","urlTemplate":"https:\/\/www.fotografiassinpalabras.com\/blog\/?s={search_term_string}"},"query-input":{"@type":"PropertyValueSpecification","valueRequired":true,"valueName":"search_term_string"}}],"inLanguage":"es"},{"@type":["Person","Organization"],"@id":"https:\/\/www.fotografiassinpalabras.com\/blog\/#\/schema\/person\/570c06dfae5d1ac88c889586f451770e","name":"Iv\u00e1n Ramos Mu\u00f1oz","image":{"@type":"ImageObject","inLanguage":"es","@id":"https:\/\/www.fotografiassinpalabras.com\/blog\/#\/schema\/person\/image\/","url":"https:\/\/www.fotografiassinpalabras.com\/blog\/wp-content\/uploads\/2017\/11\/3064514_1024px.jpg","contentUrl":"https:\/\/www.fotografiassinpalabras.com\/blog\/wp-content\/uploads\/2017\/11\/3064514_1024px.jpg","width":1024,"height":1024,"caption":"Iv\u00e1n Ramos Mu\u00f1oz"},"logo":{"@id":"https:\/\/www.fotografiassinpalabras.com\/blog\/#\/schema\/person\/image\/"},"sameAs":["https:\/\/www.fotografiassinpalabras.com\/blog","https:\/\/x.com\/ivanuski9"]}]}},"_links":{"self":[{"href":"https:\/\/www.fotografiassinpalabras.com\/blog\/wp-json\/wp\/v2\/posts\/27","targetHints":{"allow":["GET"]}}],"collection":[{"href":"https:\/\/www.fotografiassinpalabras.com\/blog\/wp-json\/wp\/v2\/posts"}],"about":[{"href":"https:\/\/www.fotografiassinpalabras.com\/blog\/wp-json\/wp\/v2\/types\/post"}],"author":[{"embeddable":true,"href":"https:\/\/www.fotografiassinpalabras.com\/blog\/wp-json\/wp\/v2\/users\/1"}],"replies":[{"embeddable":true,"href":"https:\/\/www.fotografiassinpalabras.com\/blog\/wp-json\/wp\/v2\/comments?post=27"}],"version-history":[{"count":4,"href":"https:\/\/www.fotografiassinpalabras.com\/blog\/wp-json\/wp\/v2\/posts\/27\/revisions"}],"predecessor-version":[{"id":360,"href":"https:\/\/www.fotografiassinpalabras.com\/blog\/wp-json\/wp\/v2\/posts\/27\/revisions\/360"}],"wp:featuredmedia":[{"embeddable":true,"href":"https:\/\/www.fotografiassinpalabras.com\/blog\/wp-json\/wp\/v2\/media\/285"}],"wp:attachment":[{"href":"https:\/\/www.fotografiassinpalabras.com\/blog\/wp-json\/wp\/v2\/media?parent=27"}],"wp:term":[{"taxonomy":"category","embeddable":true,"href":"https:\/\/www.fotografiassinpalabras.com\/blog\/wp-json\/wp\/v2\/categories?post=27"},{"taxonomy":"post_tag","embeddable":true,"href":"https:\/\/www.fotografiassinpalabras.com\/blog\/wp-json\/wp\/v2\/tags?post=27"}],"curies":[{"name":"wp","href":"https:\/\/api.w.org\/{rel}","templated":true}]}}