{"id":3272,"date":"2023-06-06T17:23:17","date_gmt":"2023-06-06T16:23:17","guid":{"rendered":"https:\/\/www.fotografiassinpalabras.com\/blog\/?p=3272"},"modified":"2023-06-06T17:46:02","modified_gmt":"2023-06-06T16:46:02","slug":"montreal","status":"publish","type":"post","link":"https:\/\/www.fotografiassinpalabras.com\/blog\/montreal\/","title":{"rendered":"Montreal"},"content":{"rendered":"<p>Hoy visitamos Montreal. Una cuidad con mucha vida, con unos parques enormes ideales para realizar deporte y actividades al aire libre. Pero tambi\u00e9n unas calles llenas de vida, pintores, actuaciones callejeras&#8230; Cuando yo lo visit\u00e9 percib\u00ed mucha actividad y alegr\u00eda en sus calles.<\/p>\n<p>Las fotograf\u00edas de esta entrada se centran sobre todo en la fotograf\u00eda callejera. Momentos fugaces de c\u00f3mo las personas se realacionan en sus calles.<\/p>\n<p><!--more--><\/p>\n<div style=\"width: 510px\" class=\"wp-caption aligncenter\"><a title=\"Meditaci\u00f3n callejera\" href=\"\/blog\/wp-content\/uploads\/2023\/06\/9091104.jpg\" target=\"_blank\" rel=\"noopener\"><img loading=\"lazy\" decoding=\"async\" title=\"Meditaci\u00f3n callejera\" src=\"\/blog\/wp-content\/uploads\/2023\/06\/9091104.jpg\" alt=\"Meditaci\u00f3n callejera\" width=\"500\" height=\"375\"><\/a><p class=\"wp-caption-text\"><a href=\"\/blog\/wp-content\/uploads\/2023\/06\/9091104.jpg\" target=\"_blank\" rel=\"noopener\">Meditaci\u00f3n callejera<\/a><\/p><\/div>\n<div style=\"width: 510px\" class=\"wp-caption aligncenter\"><a title=\"Gigantes al fondo\" href=\"\/blog\/wp-content\/uploads\/2023\/06\/9091060.jpg\" target=\"_blank\" rel=\"noopener\"><img loading=\"lazy\" decoding=\"async\" title=\"Gigantes al fondo\" src=\"\/blog\/wp-content\/uploads\/2023\/06\/9091060.jpg\" alt=\"Gigantes al fondo\" width=\"500\" height=\"375\"><\/a><p class=\"wp-caption-text\"><a href=\"\/blog\/wp-content\/uploads\/2023\/06\/9091060.jpg\" target=\"_blank\" rel=\"noopener\">Gigantes al fondo<\/a><\/p><\/div>\n<div style=\"width: 510px\" class=\"wp-caption aligncenter\"><a title=\"Paisajes urbanos\" href=\"\/blog\/wp-content\/uploads\/2023\/06\/9091058.jpg\" target=\"_blank\" rel=\"noopener\"><img loading=\"lazy\" decoding=\"async\" title=\"Paisajes urbanos\" src=\"\/blog\/wp-content\/uploads\/2023\/06\/9091058.jpg\" alt=\"Paisajes urbanos\" width=\"500\" height=\"375\"><\/a><p class=\"wp-caption-text\"><a href=\"\/blog\/wp-content\/uploads\/2023\/06\/9091058.jpg\" target=\"_blank\" rel=\"noopener\">Paisajes urbanos<\/a><\/p><\/div>\n<div style=\"width: 510px\" class=\"wp-caption aligncenter\"><a title=\"Skyline Montreal\" href=\"\/blog\/wp-content\/uploads\/2023\/06\/9091055.jpg\" target=\"_blank\" rel=\"noopener\"><img loading=\"lazy\" decoding=\"async\" title=\"Skyline Montreal\" src=\"\/blog\/wp-content\/uploads\/2023\/06\/9091055.jpg\" alt=\"Skyline Montreal\" width=\"500\" height=\"375\"><\/a><p class=\"wp-caption-text\"><a href=\"\/blog\/wp-content\/uploads\/2023\/06\/9091055.jpg\" target=\"_blank\" rel=\"noopener\">Skyline Montreal<\/a><\/p><\/div>\n<div style=\"width: 510px\" class=\"wp-caption aligncenter\"><a title=\"Puente Jacques Cartier\" href=\"\/blog\/wp-content\/uploads\/2023\/06\/9091052.jpg\" target=\"_blank\" rel=\"noopener\"><img loading=\"lazy\" decoding=\"async\" title=\"Puente Jacques Cartier\" src=\"\/blog\/wp-content\/uploads\/2023\/06\/9091052.jpg\" alt=\"Puente Jacques Cartier\" width=\"500\" height=\"375\"><\/a><p class=\"wp-caption-text\"><a href=\"\/blog\/wp-content\/uploads\/2023\/06\/9091052.jpg\" target=\"_blank\" rel=\"noopener\">Puente Jacques Cartier<\/a><\/p><\/div>\n<div style=\"width: 510px\" class=\"wp-caption aligncenter\"><a title=\"Policia a caballo\" href=\"\/blog\/wp-content\/uploads\/2023\/06\/9091068.jpg\" target=\"_blank\" rel=\"noopener\"><img loading=\"lazy\" decoding=\"async\" title=\"Policia a caballo\" src=\"\/blog\/wp-content\/uploads\/2023\/06\/9091068.jpg\" alt=\"Policia a caballo\" width=\"500\" height=\"375\"><\/a><p class=\"wp-caption-text\"><a href=\"\/blog\/wp-content\/uploads\/2023\/06\/9091068.jpg\" target=\"_blank\" rel=\"noopener\">Policia a caballo<\/a><\/p><\/div>\n<div style=\"width: 510px\" class=\"wp-caption aligncenter\"><a title=\"Pintor\" href=\"\/blog\/wp-content\/uploads\/2023\/06\/9091083.jpg\" target=\"_blank\" rel=\"noopener\"><img loading=\"lazy\" decoding=\"async\" title=\"Pintor\" src=\"\/blog\/wp-content\/uploads\/2023\/06\/9091083.jpg\" alt=\"Pintor\" width=\"500\" height=\"375\"><\/a><p class=\"wp-caption-text\"><a href=\"\/blog\/wp-content\/uploads\/2023\/06\/9091083.jpg\" target=\"_blank\" rel=\"noopener\">Pintor<\/a><\/p><\/div>\n<div style=\"width: 510px\" class=\"wp-caption aligncenter\"><a title=\"Tierra tragame\" href=\"\/blog\/wp-content\/uploads\/2023\/06\/9091088.jpg\" target=\"_blank\" rel=\"noopener\"><img loading=\"lazy\" decoding=\"async\" title=\"Tierra tragame\" src=\"\/blog\/wp-content\/uploads\/2023\/06\/9091088.jpg\" alt=\"Tierra tragame\" width=\"500\" height=\"375\"><\/a><p class=\"wp-caption-text\"><a href=\"\/blog\/wp-content\/uploads\/2023\/06\/9091088.jpg\" target=\"_blank\" rel=\"noopener\">Tierra tragame<\/a><\/p><\/div>\n<div style=\"width: 510px\" class=\"wp-caption aligncenter\"><a title=\"Transeuntes\" href=\"\/blog\/wp-content\/uploads\/2023\/06\/9091080.jpg\" target=\"_blank\" rel=\"noopener\"><img loading=\"lazy\" decoding=\"async\" title=\"Transeuntes\" src=\"\/blog\/wp-content\/uploads\/2023\/06\/9091080.jpg\" alt=\"Transeuntes\" width=\"500\" height=\"375\"><\/a><p class=\"wp-caption-text\"><a href=\"\/blog\/wp-content\/uploads\/2023\/06\/9091080.jpg\" target=\"_blank\" rel=\"noopener\">Transeuntes<\/a><\/p><\/div>\n<div style=\"width: 510px\" class=\"wp-caption aligncenter\"><a title=\"Redes sociales\" href=\"\/blog\/wp-content\/uploads\/2023\/06\/9091074.jpg\" target=\"_blank\" rel=\"noopener\"><img loading=\"lazy\" decoding=\"async\" title=\"Redes sociales\" src=\"\/blog\/wp-content\/uploads\/2023\/06\/9091074.jpg\" alt=\"Redes sociales\" width=\"500\" height=\"375\"><\/a><p class=\"wp-caption-text\"><a href=\"\/blog\/wp-content\/uploads\/2023\/06\/9091074.jpg\" target=\"_blank\" rel=\"noopener\">Redes sociales<\/a><\/p><\/div>\n<div style=\"width: 510px\" class=\"wp-caption aligncenter\"><a title=\"Transeuntes\" href=\"\/blog\/wp-content\/uploads\/2023\/06\/9091119.jpg\" target=\"_blank\" rel=\"noopener\"><img loading=\"lazy\" decoding=\"async\" title=\"Transeuntes\" src=\"\/blog\/wp-content\/uploads\/2023\/06\/9091119.jpg\" alt=\"Transeuntes\" width=\"500\" height=\"375\"><\/a><p class=\"wp-caption-text\"><a href=\"\/blog\/wp-content\/uploads\/2023\/06\/9091119.jpg\" target=\"_blank\" rel=\"noopener\">Transeuntes<\/a><\/p><\/div>\n<div style=\"width: 510px\" class=\"wp-caption aligncenter\"><a title=\"M\u00fasica callejera\" href=\"\/blog\/wp-content\/uploads\/2023\/06\/9091106.jpg\" target=\"_blank\" rel=\"noopener\"><img loading=\"lazy\" decoding=\"async\" title=\"M\u00fasica callejera\" src=\"\/blog\/wp-content\/uploads\/2023\/06\/9091106.jpg\" alt=\"M\u00fasica callejera\" width=\"500\" height=\"375\"><\/a><p class=\"wp-caption-text\"><a href=\"\/blog\/wp-content\/uploads\/2023\/06\/9091106.jpg\" target=\"_blank\" rel=\"noopener\">M\u00fasica callejera<\/a><\/p><\/div>\n<div style=\"width: 510px\" class=\"wp-caption aligncenter\"><a title=\"Vuelta a casa\" href=\"\/blog\/wp-content\/uploads\/2023\/06\/9091114.jpg\" target=\"_blank\" rel=\"noopener\"><img loading=\"lazy\" decoding=\"async\" title=\"Vuelta a casa\" src=\"\/blog\/wp-content\/uploads\/2023\/06\/9091114.jpg\" alt=\"Vuelta a casa\" width=\"500\" height=\"375\"><\/a><p class=\"wp-caption-text\"><a href=\"\/blog\/wp-content\/uploads\/2023\/06\/9091114.jpg\" target=\"_blank\" rel=\"noopener\">Vuelta a casa<\/a><\/p><\/div>\n","protected":false},"excerpt":{"rendered":"<p>Hoy visitamos Montreal. Una cuidad con mucha vida, con unos parques enormes ideales para realizar deporte y actividades al aire libre. Pero tambi\u00e9n unas calles llenas de vida, pintores, actuaciones callejeras&#8230; Cuando yo lo visit\u00e9 percib\u00ed mucha actividad y alegr\u00eda en sus calles. Las fotograf\u00edas de esta entrada se centran sobre todo en la fotograf\u00eda [&hellip;]<\/p>\n","protected":false},"author":1,"featured_media":3251,"comment_status":"open","ping_status":"open","sticky":false,"template":"","format":"standard","meta":{"_exactmetrics_skip_tracking":false,"_exactmetrics_sitenote_active":false,"_exactmetrics_sitenote_note":"","_exactmetrics_sitenote_category":0,"footnotes":""},"categories":[1],"tags":[361,906,525,910,249,901,900,902,367,256,903,904,898,907],"class_list":["post-3272","post","type-post","status-publish","format-standard","has-post-thumbnail","hentry","category-sin-categoria","tag-blanco","tag-caballo","tag-callejera","tag-canada","tag-fotografia","tag-meditacion","tag-montreal","tag-muscia","tag-negro","tag-olympus","tag-pintura","tag-policia","tag-rascacielos","tag-skyline"],"yoast_head":"<!-- This site is optimized with the Yoast SEO plugin v25.9 - https:\/\/yoast.com\/wordpress\/plugins\/seo\/ -->\n<title>Montreal - Disfrute de la fotograf\u00eda sin palabras<\/title>\n<meta name=\"description\" content=\"Fotograf\u00edas de Montreal realizadas por Iv\u00e1n Ramos Mu\u00f1oz. Veras sobre todo fotograf\u00eda de calle y momentos \u00fanicos capturados durante mi viaje.\" \/>\n<meta name=\"robots\" content=\"index, follow, max-snippet:-1, max-image-preview:large, max-video-preview:-1\" \/>\n<link rel=\"canonical\" href=\"https:\/\/www.fotografiassinpalabras.com\/blog\/montreal\/\" \/>\n<meta property=\"og:locale\" content=\"es_ES\" \/>\n<meta property=\"og:type\" content=\"article\" \/>\n<meta property=\"og:title\" content=\"Montreal - Disfrute de la fotograf\u00eda sin palabras\" \/>\n<meta property=\"og:description\" content=\"Fotograf\u00edas de Montreal realizadas por Iv\u00e1n Ramos Mu\u00f1oz. Veras sobre todo fotograf\u00eda de calle y momentos \u00fanicos capturados durante mi viaje.\" \/>\n<meta property=\"og:url\" content=\"https:\/\/www.fotografiassinpalabras.com\/blog\/montreal\/\" \/>\n<meta property=\"og:site_name\" content=\"Disfrute de la fotograf\u00eda sin palabras\" \/>\n<meta property=\"article:published_time\" content=\"2023-06-06T16:23:17+00:00\" \/>\n<meta property=\"article:modified_time\" content=\"2023-06-06T16:46:02+00:00\" \/>\n<meta property=\"og:image\" content=\"https:\/\/www.fotografiassinpalabras.com\/blog\/wp-content\/uploads\/2023\/06\/9091104.jpg\" \/>\n\t<meta property=\"og:image:width\" content=\"1024\" \/>\n\t<meta property=\"og:image:height\" content=\"683\" \/>\n\t<meta property=\"og:image:type\" content=\"image\/jpeg\" \/>\n<meta name=\"author\" content=\"Iv\u00e1n Ramos Mu\u00f1oz\" \/>\n<meta name=\"twitter:card\" content=\"summary_large_image\" \/>\n<meta name=\"twitter:creator\" content=\"@ivanuski9\" \/>\n<meta name=\"twitter:site\" content=\"@ivanuski9\" \/>\n<meta name=\"twitter:label1\" content=\"Escrito por\" \/>\n\t<meta name=\"twitter:data1\" content=\"Iv\u00e1n Ramos Mu\u00f1oz\" \/>\n\t<meta name=\"twitter:label2\" content=\"Tiempo de lectura\" \/>\n\t<meta name=\"twitter:data2\" content=\"4 minutos\" \/>\n<script type=\"application\/ld+json\" class=\"yoast-schema-graph\">{\"@context\":\"https:\/\/schema.org\",\"@graph\":[{\"@type\":\"Article\",\"@id\":\"https:\/\/www.fotografiassinpalabras.com\/blog\/montreal\/#article\",\"isPartOf\":{\"@id\":\"https:\/\/www.fotografiassinpalabras.com\/blog\/montreal\/\"},\"author\":{\"name\":\"Iv\u00e1n Ramos Mu\u00f1oz\",\"@id\":\"https:\/\/www.fotografiassinpalabras.com\/blog\/#\/schema\/person\/570c06dfae5d1ac88c889586f451770e\"},\"headline\":\"Montreal\",\"datePublished\":\"2023-06-06T16:23:17+00:00\",\"dateModified\":\"2023-06-06T16:46:02+00:00\",\"mainEntityOfPage\":{\"@id\":\"https:\/\/www.fotografiassinpalabras.com\/blog\/montreal\/\"},\"wordCount\":180,\"commentCount\":0,\"publisher\":{\"@id\":\"https:\/\/www.fotografiassinpalabras.com\/blog\/#\/schema\/person\/570c06dfae5d1ac88c889586f451770e\"},\"image\":{\"@id\":\"https:\/\/www.fotografiassinpalabras.com\/blog\/montreal\/#primaryimage\"},\"thumbnailUrl\":\"https:\/\/www.fotografiassinpalabras.com\/blog\/wp-content\/uploads\/2023\/06\/9091104.jpg\",\"keywords\":[\"blanco\",\"caballo\",\"callejera\",\"Canad\u00e1\",\"fotografia\",\"meditaci\u00f3n\",\"Montreal\",\"m\u00fascia\",\"negro\",\"Olympus\",\"pintura\",\"policia\",\"rascacielos\",\"skyline\"],\"inLanguage\":\"es\",\"potentialAction\":[{\"@type\":\"CommentAction\",\"name\":\"Comment\",\"target\":[\"https:\/\/www.fotografiassinpalabras.com\/blog\/montreal\/#respond\"]}]},{\"@type\":\"WebPage\",\"@id\":\"https:\/\/www.fotografiassinpalabras.com\/blog\/montreal\/\",\"url\":\"https:\/\/www.fotografiassinpalabras.com\/blog\/montreal\/\",\"name\":\"Montreal - Disfrute de la fotograf\u00eda sin palabras\",\"isPartOf\":{\"@id\":\"https:\/\/www.fotografiassinpalabras.com\/blog\/#website\"},\"primaryImageOfPage\":{\"@id\":\"https:\/\/www.fotografiassinpalabras.com\/blog\/montreal\/#primaryimage\"},\"image\":{\"@id\":\"https:\/\/www.fotografiassinpalabras.com\/blog\/montreal\/#primaryimage\"},\"thumbnailUrl\":\"https:\/\/www.fotografiassinpalabras.com\/blog\/wp-content\/uploads\/2023\/06\/9091104.jpg\",\"datePublished\":\"2023-06-06T16:23:17+00:00\",\"dateModified\":\"2023-06-06T16:46:02+00:00\",\"description\":\"Fotograf\u00edas de Montreal realizadas por Iv\u00e1n Ramos Mu\u00f1oz. Veras sobre todo fotograf\u00eda de calle y momentos \u00fanicos capturados durante mi viaje.\",\"breadcrumb\":{\"@id\":\"https:\/\/www.fotografiassinpalabras.com\/blog\/montreal\/#breadcrumb\"},\"inLanguage\":\"es\",\"potentialAction\":[{\"@type\":\"ReadAction\",\"target\":[\"https:\/\/www.fotografiassinpalabras.com\/blog\/montreal\/\"]}]},{\"@type\":\"ImageObject\",\"inLanguage\":\"es\",\"@id\":\"https:\/\/www.fotografiassinpalabras.com\/blog\/montreal\/#primaryimage\",\"url\":\"https:\/\/www.fotografiassinpalabras.com\/blog\/wp-content\/uploads\/2023\/06\/9091104.jpg\",\"contentUrl\":\"https:\/\/www.fotografiassinpalabras.com\/blog\/wp-content\/uploads\/2023\/06\/9091104.jpg\",\"width\":1024,\"height\":683},{\"@type\":\"BreadcrumbList\",\"@id\":\"https:\/\/www.fotografiassinpalabras.com\/blog\/montreal\/#breadcrumb\",\"itemListElement\":[{\"@type\":\"ListItem\",\"position\":1,\"name\":\"Portada\",\"item\":\"https:\/\/www.fotografiassinpalabras.com\/blog\/\"},{\"@type\":\"ListItem\",\"position\":2,\"name\":\"Montreal\"}]},{\"@type\":\"WebSite\",\"@id\":\"https:\/\/www.fotografiassinpalabras.com\/blog\/#website\",\"url\":\"https:\/\/www.fotografiassinpalabras.com\/blog\/\",\"name\":\"Disfrute de la fotograf\u00eda sin palabras\",\"description\":\"Este blog pretende abrir una ventana a mis fotograf\u00edas. En \u00e9l ir\u00e9 colgando las fotograf\u00edas que voy haciendo sin ning\u00fan tipo de explicaci\u00f3n, simplemente im\u00e1genes que intentar\u00e1n mostrar una historia, un lugar o simplemente instant\u00e1neas sueltas del mundo que nos rodea. #fotografiassinpalabras\",\"publisher\":{\"@id\":\"https:\/\/www.fotografiassinpalabras.com\/blog\/#\/schema\/person\/570c06dfae5d1ac88c889586f451770e\"},\"potentialAction\":[{\"@type\":\"SearchAction\",\"target\":{\"@type\":\"EntryPoint\",\"urlTemplate\":\"https:\/\/www.fotografiassinpalabras.com\/blog\/?s={search_term_string}\"},\"query-input\":{\"@type\":\"PropertyValueSpecification\",\"valueRequired\":true,\"valueName\":\"search_term_string\"}}],\"inLanguage\":\"es\"},{\"@type\":[\"Person\",\"Organization\"],\"@id\":\"https:\/\/www.fotografiassinpalabras.com\/blog\/#\/schema\/person\/570c06dfae5d1ac88c889586f451770e\",\"name\":\"Iv\u00e1n Ramos Mu\u00f1oz\",\"image\":{\"@type\":\"ImageObject\",\"inLanguage\":\"es\",\"@id\":\"https:\/\/www.fotografiassinpalabras.com\/blog\/#\/schema\/person\/image\/\",\"url\":\"https:\/\/www.fotografiassinpalabras.com\/blog\/wp-content\/uploads\/2017\/11\/3064514_1024px.jpg\",\"contentUrl\":\"https:\/\/www.fotografiassinpalabras.com\/blog\/wp-content\/uploads\/2017\/11\/3064514_1024px.jpg\",\"width\":1024,\"height\":1024,\"caption\":\"Iv\u00e1n Ramos Mu\u00f1oz\"},\"logo\":{\"@id\":\"https:\/\/www.fotografiassinpalabras.com\/blog\/#\/schema\/person\/image\/\"},\"sameAs\":[\"https:\/\/www.fotografiassinpalabras.com\/blog\",\"https:\/\/x.com\/ivanuski9\"]}]}<\/script>\n<!-- \/ Yoast SEO plugin. -->","yoast_head_json":{"title":"Montreal - Disfrute de la fotograf\u00eda sin palabras","description":"Fotograf\u00edas de Montreal realizadas por Iv\u00e1n Ramos Mu\u00f1oz. Veras sobre todo fotograf\u00eda de calle y momentos \u00fanicos capturados durante mi viaje.","robots":{"index":"index","follow":"follow","max-snippet":"max-snippet:-1","max-image-preview":"max-image-preview:large","max-video-preview":"max-video-preview:-1"},"canonical":"https:\/\/www.fotografiassinpalabras.com\/blog\/montreal\/","og_locale":"es_ES","og_type":"article","og_title":"Montreal - Disfrute de la fotograf\u00eda sin palabras","og_description":"Fotograf\u00edas de Montreal realizadas por Iv\u00e1n Ramos Mu\u00f1oz. Veras sobre todo fotograf\u00eda de calle y momentos \u00fanicos capturados durante mi viaje.","og_url":"https:\/\/www.fotografiassinpalabras.com\/blog\/montreal\/","og_site_name":"Disfrute de la fotograf\u00eda sin palabras","article_published_time":"2023-06-06T16:23:17+00:00","article_modified_time":"2023-06-06T16:46:02+00:00","og_image":[{"width":1024,"height":683,"url":"https:\/\/www.fotografiassinpalabras.com\/blog\/wp-content\/uploads\/2023\/06\/9091104.jpg","type":"image\/jpeg"}],"author":"Iv\u00e1n Ramos Mu\u00f1oz","twitter_card":"summary_large_image","twitter_creator":"@ivanuski9","twitter_site":"@ivanuski9","twitter_misc":{"Escrito por":"Iv\u00e1n Ramos Mu\u00f1oz","Tiempo de lectura":"4 minutos"},"schema":{"@context":"https:\/\/schema.org","@graph":[{"@type":"Article","@id":"https:\/\/www.fotografiassinpalabras.com\/blog\/montreal\/#article","isPartOf":{"@id":"https:\/\/www.fotografiassinpalabras.com\/blog\/montreal\/"},"author":{"name":"Iv\u00e1n Ramos Mu\u00f1oz","@id":"https:\/\/www.fotografiassinpalabras.com\/blog\/#\/schema\/person\/570c06dfae5d1ac88c889586f451770e"},"headline":"Montreal","datePublished":"2023-06-06T16:23:17+00:00","dateModified":"2023-06-06T16:46:02+00:00","mainEntityOfPage":{"@id":"https:\/\/www.fotografiassinpalabras.com\/blog\/montreal\/"},"wordCount":180,"commentCount":0,"publisher":{"@id":"https:\/\/www.fotografiassinpalabras.com\/blog\/#\/schema\/person\/570c06dfae5d1ac88c889586f451770e"},"image":{"@id":"https:\/\/www.fotografiassinpalabras.com\/blog\/montreal\/#primaryimage"},"thumbnailUrl":"https:\/\/www.fotografiassinpalabras.com\/blog\/wp-content\/uploads\/2023\/06\/9091104.jpg","keywords":["blanco","caballo","callejera","Canad\u00e1","fotografia","meditaci\u00f3n","Montreal","m\u00fascia","negro","Olympus","pintura","policia","rascacielos","skyline"],"inLanguage":"es","potentialAction":[{"@type":"CommentAction","name":"Comment","target":["https:\/\/www.fotografiassinpalabras.com\/blog\/montreal\/#respond"]}]},{"@type":"WebPage","@id":"https:\/\/www.fotografiassinpalabras.com\/blog\/montreal\/","url":"https:\/\/www.fotografiassinpalabras.com\/blog\/montreal\/","name":"Montreal - Disfrute de la fotograf\u00eda sin palabras","isPartOf":{"@id":"https:\/\/www.fotografiassinpalabras.com\/blog\/#website"},"primaryImageOfPage":{"@id":"https:\/\/www.fotografiassinpalabras.com\/blog\/montreal\/#primaryimage"},"image":{"@id":"https:\/\/www.fotografiassinpalabras.com\/blog\/montreal\/#primaryimage"},"thumbnailUrl":"https:\/\/www.fotografiassinpalabras.com\/blog\/wp-content\/uploads\/2023\/06\/9091104.jpg","datePublished":"2023-06-06T16:23:17+00:00","dateModified":"2023-06-06T16:46:02+00:00","description":"Fotograf\u00edas de Montreal realizadas por Iv\u00e1n Ramos Mu\u00f1oz. Veras sobre todo fotograf\u00eda de calle y momentos \u00fanicos capturados durante mi viaje.","breadcrumb":{"@id":"https:\/\/www.fotografiassinpalabras.com\/blog\/montreal\/#breadcrumb"},"inLanguage":"es","potentialAction":[{"@type":"ReadAction","target":["https:\/\/www.fotografiassinpalabras.com\/blog\/montreal\/"]}]},{"@type":"ImageObject","inLanguage":"es","@id":"https:\/\/www.fotografiassinpalabras.com\/blog\/montreal\/#primaryimage","url":"https:\/\/www.fotografiassinpalabras.com\/blog\/wp-content\/uploads\/2023\/06\/9091104.jpg","contentUrl":"https:\/\/www.fotografiassinpalabras.com\/blog\/wp-content\/uploads\/2023\/06\/9091104.jpg","width":1024,"height":683},{"@type":"BreadcrumbList","@id":"https:\/\/www.fotografiassinpalabras.com\/blog\/montreal\/#breadcrumb","itemListElement":[{"@type":"ListItem","position":1,"name":"Portada","item":"https:\/\/www.fotografiassinpalabras.com\/blog\/"},{"@type":"ListItem","position":2,"name":"Montreal"}]},{"@type":"WebSite","@id":"https:\/\/www.fotografiassinpalabras.com\/blog\/#website","url":"https:\/\/www.fotografiassinpalabras.com\/blog\/","name":"Disfrute de la fotograf\u00eda sin palabras","description":"Este blog pretende abrir una ventana a mis fotograf\u00edas. En \u00e9l ir\u00e9 colgando las fotograf\u00edas que voy haciendo sin ning\u00fan tipo de explicaci\u00f3n, simplemente im\u00e1genes que intentar\u00e1n mostrar una historia, un lugar o simplemente instant\u00e1neas sueltas del mundo que nos rodea. #fotografiassinpalabras","publisher":{"@id":"https:\/\/www.fotografiassinpalabras.com\/blog\/#\/schema\/person\/570c06dfae5d1ac88c889586f451770e"},"potentialAction":[{"@type":"SearchAction","target":{"@type":"EntryPoint","urlTemplate":"https:\/\/www.fotografiassinpalabras.com\/blog\/?s={search_term_string}"},"query-input":{"@type":"PropertyValueSpecification","valueRequired":true,"valueName":"search_term_string"}}],"inLanguage":"es"},{"@type":["Person","Organization"],"@id":"https:\/\/www.fotografiassinpalabras.com\/blog\/#\/schema\/person\/570c06dfae5d1ac88c889586f451770e","name":"Iv\u00e1n Ramos Mu\u00f1oz","image":{"@type":"ImageObject","inLanguage":"es","@id":"https:\/\/www.fotografiassinpalabras.com\/blog\/#\/schema\/person\/image\/","url":"https:\/\/www.fotografiassinpalabras.com\/blog\/wp-content\/uploads\/2017\/11\/3064514_1024px.jpg","contentUrl":"https:\/\/www.fotografiassinpalabras.com\/blog\/wp-content\/uploads\/2017\/11\/3064514_1024px.jpg","width":1024,"height":1024,"caption":"Iv\u00e1n Ramos Mu\u00f1oz"},"logo":{"@id":"https:\/\/www.fotografiassinpalabras.com\/blog\/#\/schema\/person\/image\/"},"sameAs":["https:\/\/www.fotografiassinpalabras.com\/blog","https:\/\/x.com\/ivanuski9"]}]}},"_links":{"self":[{"href":"https:\/\/www.fotografiassinpalabras.com\/blog\/wp-json\/wp\/v2\/posts\/3272","targetHints":{"allow":["GET"]}}],"collection":[{"href":"https:\/\/www.fotografiassinpalabras.com\/blog\/wp-json\/wp\/v2\/posts"}],"about":[{"href":"https:\/\/www.fotografiassinpalabras.com\/blog\/wp-json\/wp\/v2\/types\/post"}],"author":[{"embeddable":true,"href":"https:\/\/www.fotografiassinpalabras.com\/blog\/wp-json\/wp\/v2\/users\/1"}],"replies":[{"embeddable":true,"href":"https:\/\/www.fotografiassinpalabras.com\/blog\/wp-json\/wp\/v2\/comments?post=3272"}],"version-history":[{"count":4,"href":"https:\/\/www.fotografiassinpalabras.com\/blog\/wp-json\/wp\/v2\/posts\/3272\/revisions"}],"predecessor-version":[{"id":3290,"href":"https:\/\/www.fotografiassinpalabras.com\/blog\/wp-json\/wp\/v2\/posts\/3272\/revisions\/3290"}],"wp:featuredmedia":[{"embeddable":true,"href":"https:\/\/www.fotografiassinpalabras.com\/blog\/wp-json\/wp\/v2\/media\/3251"}],"wp:attachment":[{"href":"https:\/\/www.fotografiassinpalabras.com\/blog\/wp-json\/wp\/v2\/media?parent=3272"}],"wp:term":[{"taxonomy":"category","embeddable":true,"href":"https:\/\/www.fotografiassinpalabras.com\/blog\/wp-json\/wp\/v2\/categories?post=3272"},{"taxonomy":"post_tag","embeddable":true,"href":"https:\/\/www.fotografiassinpalabras.com\/blog\/wp-json\/wp\/v2\/tags?post=3272"}],"curies":[{"name":"wp","href":"https:\/\/api.w.org\/{rel}","templated":true}]}}