{"id":3274,"date":"2023-08-31T08:27:37","date_gmt":"2023-08-31T07:27:37","guid":{"rendered":"https:\/\/www.fotografiassinpalabras.com\/blog\/?p=3274"},"modified":"2023-08-31T18:01:58","modified_gmt":"2023-08-31T17:01:58","slug":"quebec","status":"publish","type":"post","link":"https:\/\/www.fotografiassinpalabras.com\/blog\/quebec\/","title":{"rendered":"Quebec"},"content":{"rendered":"<p>Hoy visitamos Quebec una ciudad amurallada en la desembocadura del r\u00edo San Lorenzo. Esta ciudad tiene mucha historia y ha sido testigo de grandes batallas; como la producida durante la guerra de la independencia de los EE.UU. en 1775 y que le cost\u00f3 la vida al general <a href=\"https:\/\/es.wikipedia.org\/wiki\/Richard_Montgomery\" target=\"_blank\" rel=\"noopener\">Richard Montgomery<\/a>. <span style=\"font-size:revert; color:initial;\">Ciudad que ha sido dominada inicialmente por los franceses en 1534 y que tiene un car\u00e1cter muy europeo. Posteriormente pas\u00f3 a manos de Reino Unido en 1763 por el Tratado de Par\u00eds. <\/span><\/p>\n<p>Quebec es una ciudad en la que da gusto perderse por sus calles e ir viendo los edificios caracter\u00edsticos. Destacar\u00eda el Ch\u00e2teau Frontenac y el mural que se encuentra cerca de la plaza Royal. Esta plaza fue escenario del final de la pel\u00edcula <a href=\"https:\/\/www.filmaffinity.com\/es\/film264309.html\" target=\"_blank\" rel=\"noopener\">Atr\u00e1pame si puedes<\/a> en la que se produce la detenci\u00f3n de Frank Abagnale Jr. (Leonardo DiCaprio) por parte del agente Carl Hanratty (Tom Hanks). Espero que disfrut\u00e9is estas fotograf\u00edas de Quebec y que os anime a visitarlo.<\/p>\n<p><!--more--><\/p>\n<div style=\"width: 510px\" class=\"wp-caption aligncenter\"><a title=\"Plaza Royale (Quebec)\" href=\"\/blog\/wp-content\/uploads\/2023\/06\/9081022.jpg\" target=\"_blank\" rel=\"noopener\"><img loading=\"lazy\" decoding=\"async\" title=\"Plaza Royale (Quebec)\" src=\"\/blog\/wp-content\/uploads\/2023\/06\/9081022.jpg\" alt=\"Plaza Royale (Quebec)\" width=\"500\" height=\"375\"><\/a><p class=\"wp-caption-text\"><a href=\"\/blog\/wp-content\/uploads\/2023\/06\/9081022.jpg\" target=\"_blank\" rel=\"noopener\">Plaza Royale (Quebec)<\/a><\/p><\/div>\n<div style=\"width: 510px\" class=\"wp-caption aligncenter\"><a title=\"Ch\u00e2teau Frontenac\" href=\"\/blog\/wp-content\/uploads\/2023\/06\/9070944.jpg\" target=\"_blank\" rel=\"noopener\"><img loading=\"lazy\" decoding=\"async\" title=\"Ch\u00e2teau Frontenac\" src=\"\/blog\/wp-content\/uploads\/2023\/06\/9070944.jpg\" alt=\"Ch\u00e2teau Frontenac\" width=\"500\" height=\"375\"><\/a><p class=\"wp-caption-text\"><a href=\"\/blog\/wp-content\/uploads\/2023\/06\/9070944.jpg\" target=\"_blank\" rel=\"noopener\">Ch\u00e2teau Frontenac<\/a><\/p><\/div>\n<div style=\"width: 510px\" class=\"wp-caption aligncenter\"><a title=\"Iglesia Bautista de Quebec\" href=\"\/blog\/wp-content\/uploads\/2023\/06\/9080954.jpg\" target=\"_blank\" rel=\"noopener\"><img loading=\"lazy\" decoding=\"async\" title=\"Iglesia Bautista de Quebec\" src=\"\/blog\/wp-content\/uploads\/2023\/06\/9080954.jpg\" alt=\"Iglesia Bautista de Quebec\" width=\"500\" height=\"375\"><\/a><p class=\"wp-caption-text\"><a href=\"\/blog\/wp-content\/uploads\/2023\/06\/9080954.jpg\" target=\"_blank\" rel=\"noopener\">Iglesia Bautista de Quebec<\/a><\/p><\/div>\n<div style=\"width: 510px\" class=\"wp-caption aligncenter\"><a title=\"Avi\u00f3n de papel\" href=\"\/blog\/wp-content\/uploads\/2023\/06\/9081007.jpg\" target=\"_blank\" rel=\"noopener\"><img loading=\"lazy\" decoding=\"async\" title=\"Avi\u00f3n de papel\" src=\"\/blog\/wp-content\/uploads\/2023\/06\/9081007.jpg\" alt=\"Avi\u00f3n de papel\" width=\"500\" height=\"375\"><\/a><p class=\"wp-caption-text\"><a href=\"\/blog\/wp-content\/uploads\/2023\/06\/9081007.jpg\" target=\"_blank\" rel=\"noopener\">Avi\u00f3n de papel<\/a><\/p><\/div>\n<div style=\"width: 510px\" class=\"wp-caption aligncenter\"><a title=\"Edificio Price\" href=\"\/blog\/wp-content\/uploads\/2023\/06\/9080965.jpg\" target=\"_blank\" rel=\"noopener\"><img loading=\"lazy\" decoding=\"async\" title=\"Edificio Price\" src=\"\/blog\/wp-content\/uploads\/2023\/06\/9080965.jpg\" alt=\"Edificio Price\" width=\"500\" height=\"375\"><\/a><p class=\"wp-caption-text\"><a href=\"\/blog\/wp-content\/uploads\/2023\/06\/9080965.jpg\" target=\"_blank\" rel=\"noopener\">Edificio Price<\/a><\/p><\/div>\n<div style=\"width: 510px\" class=\"wp-caption aligncenter\"><a title=\"Pasos vertiginosos (Quebec)\" href=\"\/blog\/wp-content\/uploads\/2023\/06\/9081016.jpg\" target=\"_blank\" rel=\"noopener\"><img loading=\"lazy\" decoding=\"async\" title=\"Pasos vertiginosos (Quebec)\" src=\"\/blog\/wp-content\/uploads\/2023\/06\/9081016.jpg\" alt=\"Pasos vertiginosos (Quebec)\" width=\"500\" height=\"375\"><\/a><p class=\"wp-caption-text\"><a href=\"\/blog\/wp-content\/uploads\/2023\/06\/9081016.jpg\" target=\"_blank\" rel=\"noopener\">Pasos vertiginosos (Quebec)<\/a><\/p><\/div>\n<div style=\"width: 510px\" class=\"wp-caption aligncenter\"><a title=\"Calle de los pintores\" href=\"\/blog\/wp-content\/uploads\/2023\/06\/9080974.jpg\" target=\"_blank\" rel=\"noopener\"><img loading=\"lazy\" decoding=\"async\" title=\"Calle de los pintores\" src=\"\/blog\/wp-content\/uploads\/2023\/06\/9080974.jpg\" alt=\"Calle de los pintores\" width=\"500\" height=\"375\"><\/a><p class=\"wp-caption-text\"><a href=\"\/blog\/wp-content\/uploads\/2023\/06\/9080974.jpg\" target=\"_blank\" rel=\"noopener\">Calle de los pintores<\/a><\/p><\/div>\n<div style=\"width: 510px\" class=\"wp-caption aligncenter\"><a title=\"Dufferin Terrace\" href=\"\/blog\/wp-content\/uploads\/2023\/06\/9080983.jpg\" target=\"_blank\" rel=\"noopener\"><img loading=\"lazy\" decoding=\"async\" title=\"Dufferin Terrace\" src=\"\/blog\/wp-content\/uploads\/2023\/06\/9080983.jpg\" alt=\"Dufferin Terrace\" width=\"500\" height=\"375\"><\/a><p class=\"wp-caption-text\"><a href=\"\/blog\/wp-content\/uploads\/2023\/06\/9080983.jpg\" target=\"_blank\" rel=\"noopener\">Dufferin Terrace<\/a><\/p><\/div>\n","protected":false},"excerpt":{"rendered":"<p>Hoy visitamos Quebec una ciudad amurallada en la desembocadura del r\u00edo San Lorenzo. Esta ciudad tiene mucha historia y ha sido testigo de grandes batallas; como la producida durante la guerra de la independencia de los EE.UU. en 1775 y que le cost\u00f3 la vida al general Richard Montgomery. Ciudad que ha sido dominada inicialmente [&hellip;]<\/p>\n","protected":false},"author":1,"featured_media":3264,"comment_status":"open","ping_status":"open","sticky":false,"template":"","format":"standard","meta":{"_exactmetrics_skip_tracking":false,"_exactmetrics_sitenote_active":false,"_exactmetrics_sitenote_note":"","_exactmetrics_sitenote_category":0,"footnotes":""},"categories":[1],"tags":[920,918,910,926,265,922,923,249,919,256,921,924,916,915,917],"class_list":["post-3274","post","type-post","status-publish","format-standard","has-post-thumbnail","hentry","category-sin-categoria","tag-avion","tag-bautista","tag-canada","tag-dufferin","tag-e-m1","tag-edificio-price","tag-escaleras","tag-fotografia","tag-iglesia","tag-olympus","tag-papel","tag-pintores","tag-plaza-royale","tag-quebec","tag-royal-battery"],"yoast_head":"<!-- This site is optimized with the Yoast SEO plugin v25.9 - https:\/\/yoast.com\/wordpress\/plugins\/seo\/ -->\n<title>Quebec - Disfrute de la fotograf\u00eda sin palabras<\/title>\n<meta name=\"description\" content=\"Fotograf\u00edas de Quebec realizadas por Iv\u00e1n Ramos Mu\u00f1oz. Una ciudad amurallada al este de Canad\u00e1 con mucha historia.\" \/>\n<meta name=\"robots\" content=\"index, follow, max-snippet:-1, max-image-preview:large, max-video-preview:-1\" \/>\n<link rel=\"canonical\" href=\"https:\/\/www.fotografiassinpalabras.com\/blog\/quebec\/\" \/>\n<meta property=\"og:locale\" content=\"es_ES\" \/>\n<meta property=\"og:type\" content=\"article\" \/>\n<meta property=\"og:title\" content=\"Quebec - Disfrute de la fotograf\u00eda sin palabras\" \/>\n<meta property=\"og:description\" content=\"Fotograf\u00edas de Quebec realizadas por Iv\u00e1n Ramos Mu\u00f1oz. Una ciudad amurallada al este de Canad\u00e1 con mucha historia.\" \/>\n<meta property=\"og:url\" content=\"https:\/\/www.fotografiassinpalabras.com\/blog\/quebec\/\" \/>\n<meta property=\"og:site_name\" content=\"Disfrute de la fotograf\u00eda sin palabras\" \/>\n<meta property=\"article:published_time\" content=\"2023-08-31T07:27:37+00:00\" \/>\n<meta property=\"article:modified_time\" content=\"2023-08-31T17:01:58+00:00\" \/>\n<meta property=\"og:image\" content=\"https:\/\/www.fotografiassinpalabras.com\/blog\/wp-content\/uploads\/2023\/06\/9081022.jpg\" \/>\n\t<meta property=\"og:image:width\" content=\"1024\" \/>\n\t<meta property=\"og:image:height\" content=\"768\" \/>\n\t<meta property=\"og:image:type\" content=\"image\/jpeg\" \/>\n<meta name=\"author\" content=\"Iv\u00e1n Ramos Mu\u00f1oz\" \/>\n<meta name=\"twitter:card\" content=\"summary_large_image\" \/>\n<meta name=\"twitter:creator\" content=\"@ivanuski9\" \/>\n<meta name=\"twitter:site\" content=\"@ivanuski9\" \/>\n<meta name=\"twitter:label1\" content=\"Escrito por\" \/>\n\t<meta name=\"twitter:data1\" content=\"Iv\u00e1n Ramos Mu\u00f1oz\" \/>\n\t<meta name=\"twitter:label2\" content=\"Tiempo de lectura\" \/>\n\t<meta name=\"twitter:data2\" content=\"3 minutos\" \/>\n<script type=\"application\/ld+json\" class=\"yoast-schema-graph\">{\"@context\":\"https:\/\/schema.org\",\"@graph\":[{\"@type\":\"Article\",\"@id\":\"https:\/\/www.fotografiassinpalabras.com\/blog\/quebec\/#article\",\"isPartOf\":{\"@id\":\"https:\/\/www.fotografiassinpalabras.com\/blog\/quebec\/\"},\"author\":{\"name\":\"Iv\u00e1n Ramos Mu\u00f1oz\",\"@id\":\"https:\/\/www.fotografiassinpalabras.com\/blog\/#\/schema\/person\/570c06dfae5d1ac88c889586f451770e\"},\"headline\":\"Quebec\",\"datePublished\":\"2023-08-31T07:27:37+00:00\",\"dateModified\":\"2023-08-31T17:01:58+00:00\",\"mainEntityOfPage\":{\"@id\":\"https:\/\/www.fotografiassinpalabras.com\/blog\/quebec\/\"},\"wordCount\":244,\"commentCount\":0,\"publisher\":{\"@id\":\"https:\/\/www.fotografiassinpalabras.com\/blog\/#\/schema\/person\/570c06dfae5d1ac88c889586f451770e\"},\"image\":{\"@id\":\"https:\/\/www.fotografiassinpalabras.com\/blog\/quebec\/#primaryimage\"},\"thumbnailUrl\":\"https:\/\/www.fotografiassinpalabras.com\/blog\/wp-content\/uploads\/2023\/06\/9081022.jpg\",\"keywords\":[\"Avi\u00f3n\",\"Bautista\",\"Canad\u00e1\",\"Dufferin\",\"E-M1\",\"Edificio Price\",\"escaleras\",\"fotografia\",\"Iglesia\",\"Olympus\",\"papel\",\"pintores\",\"Plaza Royale\",\"Qu\u00e9bec\",\"Royal Battery\"],\"inLanguage\":\"es\",\"potentialAction\":[{\"@type\":\"CommentAction\",\"name\":\"Comment\",\"target\":[\"https:\/\/www.fotografiassinpalabras.com\/blog\/quebec\/#respond\"]}]},{\"@type\":\"WebPage\",\"@id\":\"https:\/\/www.fotografiassinpalabras.com\/blog\/quebec\/\",\"url\":\"https:\/\/www.fotografiassinpalabras.com\/blog\/quebec\/\",\"name\":\"Quebec - Disfrute de la fotograf\u00eda sin palabras\",\"isPartOf\":{\"@id\":\"https:\/\/www.fotografiassinpalabras.com\/blog\/#website\"},\"primaryImageOfPage\":{\"@id\":\"https:\/\/www.fotografiassinpalabras.com\/blog\/quebec\/#primaryimage\"},\"image\":{\"@id\":\"https:\/\/www.fotografiassinpalabras.com\/blog\/quebec\/#primaryimage\"},\"thumbnailUrl\":\"https:\/\/www.fotografiassinpalabras.com\/blog\/wp-content\/uploads\/2023\/06\/9081022.jpg\",\"datePublished\":\"2023-08-31T07:27:37+00:00\",\"dateModified\":\"2023-08-31T17:01:58+00:00\",\"description\":\"Fotograf\u00edas de Quebec realizadas por Iv\u00e1n Ramos Mu\u00f1oz. Una ciudad amurallada al este de Canad\u00e1 con mucha historia.\",\"breadcrumb\":{\"@id\":\"https:\/\/www.fotografiassinpalabras.com\/blog\/quebec\/#breadcrumb\"},\"inLanguage\":\"es\",\"potentialAction\":[{\"@type\":\"ReadAction\",\"target\":[\"https:\/\/www.fotografiassinpalabras.com\/blog\/quebec\/\"]}]},{\"@type\":\"ImageObject\",\"inLanguage\":\"es\",\"@id\":\"https:\/\/www.fotografiassinpalabras.com\/blog\/quebec\/#primaryimage\",\"url\":\"https:\/\/www.fotografiassinpalabras.com\/blog\/wp-content\/uploads\/2023\/06\/9081022.jpg\",\"contentUrl\":\"https:\/\/www.fotografiassinpalabras.com\/blog\/wp-content\/uploads\/2023\/06\/9081022.jpg\",\"width\":1024,\"height\":768},{\"@type\":\"BreadcrumbList\",\"@id\":\"https:\/\/www.fotografiassinpalabras.com\/blog\/quebec\/#breadcrumb\",\"itemListElement\":[{\"@type\":\"ListItem\",\"position\":1,\"name\":\"Portada\",\"item\":\"https:\/\/www.fotografiassinpalabras.com\/blog\/\"},{\"@type\":\"ListItem\",\"position\":2,\"name\":\"Quebec\"}]},{\"@type\":\"WebSite\",\"@id\":\"https:\/\/www.fotografiassinpalabras.com\/blog\/#website\",\"url\":\"https:\/\/www.fotografiassinpalabras.com\/blog\/\",\"name\":\"Disfrute de la fotograf\u00eda sin palabras\",\"description\":\"Este blog pretende abrir una ventana a mis fotograf\u00edas. En \u00e9l ir\u00e9 colgando las fotograf\u00edas que voy haciendo sin ning\u00fan tipo de explicaci\u00f3n, simplemente im\u00e1genes que intentar\u00e1n mostrar una historia, un lugar o simplemente instant\u00e1neas sueltas del mundo que nos rodea. #fotografiassinpalabras\",\"publisher\":{\"@id\":\"https:\/\/www.fotografiassinpalabras.com\/blog\/#\/schema\/person\/570c06dfae5d1ac88c889586f451770e\"},\"potentialAction\":[{\"@type\":\"SearchAction\",\"target\":{\"@type\":\"EntryPoint\",\"urlTemplate\":\"https:\/\/www.fotografiassinpalabras.com\/blog\/?s={search_term_string}\"},\"query-input\":{\"@type\":\"PropertyValueSpecification\",\"valueRequired\":true,\"valueName\":\"search_term_string\"}}],\"inLanguage\":\"es\"},{\"@type\":[\"Person\",\"Organization\"],\"@id\":\"https:\/\/www.fotografiassinpalabras.com\/blog\/#\/schema\/person\/570c06dfae5d1ac88c889586f451770e\",\"name\":\"Iv\u00e1n Ramos Mu\u00f1oz\",\"image\":{\"@type\":\"ImageObject\",\"inLanguage\":\"es\",\"@id\":\"https:\/\/www.fotografiassinpalabras.com\/blog\/#\/schema\/person\/image\/\",\"url\":\"https:\/\/www.fotografiassinpalabras.com\/blog\/wp-content\/uploads\/2017\/11\/3064514_1024px.jpg\",\"contentUrl\":\"https:\/\/www.fotografiassinpalabras.com\/blog\/wp-content\/uploads\/2017\/11\/3064514_1024px.jpg\",\"width\":1024,\"height\":1024,\"caption\":\"Iv\u00e1n Ramos Mu\u00f1oz\"},\"logo\":{\"@id\":\"https:\/\/www.fotografiassinpalabras.com\/blog\/#\/schema\/person\/image\/\"},\"sameAs\":[\"https:\/\/www.fotografiassinpalabras.com\/blog\",\"https:\/\/x.com\/ivanuski9\"]}]}<\/script>\n<!-- \/ Yoast SEO plugin. -->","yoast_head_json":{"title":"Quebec - Disfrute de la fotograf\u00eda sin palabras","description":"Fotograf\u00edas de Quebec realizadas por Iv\u00e1n Ramos Mu\u00f1oz. Una ciudad amurallada al este de Canad\u00e1 con mucha historia.","robots":{"index":"index","follow":"follow","max-snippet":"max-snippet:-1","max-image-preview":"max-image-preview:large","max-video-preview":"max-video-preview:-1"},"canonical":"https:\/\/www.fotografiassinpalabras.com\/blog\/quebec\/","og_locale":"es_ES","og_type":"article","og_title":"Quebec - Disfrute de la fotograf\u00eda sin palabras","og_description":"Fotograf\u00edas de Quebec realizadas por Iv\u00e1n Ramos Mu\u00f1oz. Una ciudad amurallada al este de Canad\u00e1 con mucha historia.","og_url":"https:\/\/www.fotografiassinpalabras.com\/blog\/quebec\/","og_site_name":"Disfrute de la fotograf\u00eda sin palabras","article_published_time":"2023-08-31T07:27:37+00:00","article_modified_time":"2023-08-31T17:01:58+00:00","og_image":[{"width":1024,"height":768,"url":"https:\/\/www.fotografiassinpalabras.com\/blog\/wp-content\/uploads\/2023\/06\/9081022.jpg","type":"image\/jpeg"}],"author":"Iv\u00e1n Ramos Mu\u00f1oz","twitter_card":"summary_large_image","twitter_creator":"@ivanuski9","twitter_site":"@ivanuski9","twitter_misc":{"Escrito por":"Iv\u00e1n Ramos Mu\u00f1oz","Tiempo de lectura":"3 minutos"},"schema":{"@context":"https:\/\/schema.org","@graph":[{"@type":"Article","@id":"https:\/\/www.fotografiassinpalabras.com\/blog\/quebec\/#article","isPartOf":{"@id":"https:\/\/www.fotografiassinpalabras.com\/blog\/quebec\/"},"author":{"name":"Iv\u00e1n Ramos Mu\u00f1oz","@id":"https:\/\/www.fotografiassinpalabras.com\/blog\/#\/schema\/person\/570c06dfae5d1ac88c889586f451770e"},"headline":"Quebec","datePublished":"2023-08-31T07:27:37+00:00","dateModified":"2023-08-31T17:01:58+00:00","mainEntityOfPage":{"@id":"https:\/\/www.fotografiassinpalabras.com\/blog\/quebec\/"},"wordCount":244,"commentCount":0,"publisher":{"@id":"https:\/\/www.fotografiassinpalabras.com\/blog\/#\/schema\/person\/570c06dfae5d1ac88c889586f451770e"},"image":{"@id":"https:\/\/www.fotografiassinpalabras.com\/blog\/quebec\/#primaryimage"},"thumbnailUrl":"https:\/\/www.fotografiassinpalabras.com\/blog\/wp-content\/uploads\/2023\/06\/9081022.jpg","keywords":["Avi\u00f3n","Bautista","Canad\u00e1","Dufferin","E-M1","Edificio Price","escaleras","fotografia","Iglesia","Olympus","papel","pintores","Plaza Royale","Qu\u00e9bec","Royal Battery"],"inLanguage":"es","potentialAction":[{"@type":"CommentAction","name":"Comment","target":["https:\/\/www.fotografiassinpalabras.com\/blog\/quebec\/#respond"]}]},{"@type":"WebPage","@id":"https:\/\/www.fotografiassinpalabras.com\/blog\/quebec\/","url":"https:\/\/www.fotografiassinpalabras.com\/blog\/quebec\/","name":"Quebec - Disfrute de la fotograf\u00eda sin palabras","isPartOf":{"@id":"https:\/\/www.fotografiassinpalabras.com\/blog\/#website"},"primaryImageOfPage":{"@id":"https:\/\/www.fotografiassinpalabras.com\/blog\/quebec\/#primaryimage"},"image":{"@id":"https:\/\/www.fotografiassinpalabras.com\/blog\/quebec\/#primaryimage"},"thumbnailUrl":"https:\/\/www.fotografiassinpalabras.com\/blog\/wp-content\/uploads\/2023\/06\/9081022.jpg","datePublished":"2023-08-31T07:27:37+00:00","dateModified":"2023-08-31T17:01:58+00:00","description":"Fotograf\u00edas de Quebec realizadas por Iv\u00e1n Ramos Mu\u00f1oz. Una ciudad amurallada al este de Canad\u00e1 con mucha historia.","breadcrumb":{"@id":"https:\/\/www.fotografiassinpalabras.com\/blog\/quebec\/#breadcrumb"},"inLanguage":"es","potentialAction":[{"@type":"ReadAction","target":["https:\/\/www.fotografiassinpalabras.com\/blog\/quebec\/"]}]},{"@type":"ImageObject","inLanguage":"es","@id":"https:\/\/www.fotografiassinpalabras.com\/blog\/quebec\/#primaryimage","url":"https:\/\/www.fotografiassinpalabras.com\/blog\/wp-content\/uploads\/2023\/06\/9081022.jpg","contentUrl":"https:\/\/www.fotografiassinpalabras.com\/blog\/wp-content\/uploads\/2023\/06\/9081022.jpg","width":1024,"height":768},{"@type":"BreadcrumbList","@id":"https:\/\/www.fotografiassinpalabras.com\/blog\/quebec\/#breadcrumb","itemListElement":[{"@type":"ListItem","position":1,"name":"Portada","item":"https:\/\/www.fotografiassinpalabras.com\/blog\/"},{"@type":"ListItem","position":2,"name":"Quebec"}]},{"@type":"WebSite","@id":"https:\/\/www.fotografiassinpalabras.com\/blog\/#website","url":"https:\/\/www.fotografiassinpalabras.com\/blog\/","name":"Disfrute de la fotograf\u00eda sin palabras","description":"Este blog pretende abrir una ventana a mis fotograf\u00edas. En \u00e9l ir\u00e9 colgando las fotograf\u00edas que voy haciendo sin ning\u00fan tipo de explicaci\u00f3n, simplemente im\u00e1genes que intentar\u00e1n mostrar una historia, un lugar o simplemente instant\u00e1neas sueltas del mundo que nos rodea. #fotografiassinpalabras","publisher":{"@id":"https:\/\/www.fotografiassinpalabras.com\/blog\/#\/schema\/person\/570c06dfae5d1ac88c889586f451770e"},"potentialAction":[{"@type":"SearchAction","target":{"@type":"EntryPoint","urlTemplate":"https:\/\/www.fotografiassinpalabras.com\/blog\/?s={search_term_string}"},"query-input":{"@type":"PropertyValueSpecification","valueRequired":true,"valueName":"search_term_string"}}],"inLanguage":"es"},{"@type":["Person","Organization"],"@id":"https:\/\/www.fotografiassinpalabras.com\/blog\/#\/schema\/person\/570c06dfae5d1ac88c889586f451770e","name":"Iv\u00e1n Ramos Mu\u00f1oz","image":{"@type":"ImageObject","inLanguage":"es","@id":"https:\/\/www.fotografiassinpalabras.com\/blog\/#\/schema\/person\/image\/","url":"https:\/\/www.fotografiassinpalabras.com\/blog\/wp-content\/uploads\/2017\/11\/3064514_1024px.jpg","contentUrl":"https:\/\/www.fotografiassinpalabras.com\/blog\/wp-content\/uploads\/2017\/11\/3064514_1024px.jpg","width":1024,"height":1024,"caption":"Iv\u00e1n Ramos Mu\u00f1oz"},"logo":{"@id":"https:\/\/www.fotografiassinpalabras.com\/blog\/#\/schema\/person\/image\/"},"sameAs":["https:\/\/www.fotografiassinpalabras.com\/blog","https:\/\/x.com\/ivanuski9"]}]}},"_links":{"self":[{"href":"https:\/\/www.fotografiassinpalabras.com\/blog\/wp-json\/wp\/v2\/posts\/3274","targetHints":{"allow":["GET"]}}],"collection":[{"href":"https:\/\/www.fotografiassinpalabras.com\/blog\/wp-json\/wp\/v2\/posts"}],"about":[{"href":"https:\/\/www.fotografiassinpalabras.com\/blog\/wp-json\/wp\/v2\/types\/post"}],"author":[{"embeddable":true,"href":"https:\/\/www.fotografiassinpalabras.com\/blog\/wp-json\/wp\/v2\/users\/1"}],"replies":[{"embeddable":true,"href":"https:\/\/www.fotografiassinpalabras.com\/blog\/wp-json\/wp\/v2\/comments?post=3274"}],"version-history":[{"count":7,"href":"https:\/\/www.fotografiassinpalabras.com\/blog\/wp-json\/wp\/v2\/posts\/3274\/revisions"}],"predecessor-version":[{"id":3349,"href":"https:\/\/www.fotografiassinpalabras.com\/blog\/wp-json\/wp\/v2\/posts\/3274\/revisions\/3349"}],"wp:featuredmedia":[{"embeddable":true,"href":"https:\/\/www.fotografiassinpalabras.com\/blog\/wp-json\/wp\/v2\/media\/3264"}],"wp:attachment":[{"href":"https:\/\/www.fotografiassinpalabras.com\/blog\/wp-json\/wp\/v2\/media?parent=3274"}],"wp:term":[{"taxonomy":"category","embeddable":true,"href":"https:\/\/www.fotografiassinpalabras.com\/blog\/wp-json\/wp\/v2\/categories?post=3274"},{"taxonomy":"post_tag","embeddable":true,"href":"https:\/\/www.fotografiassinpalabras.com\/blog\/wp-json\/wp\/v2\/tags?post=3274"}],"curies":[{"name":"wp","href":"https:\/\/api.w.org\/{rel}","templated":true}]}}