{"id":3278,"date":"2023-06-06T18:01:38","date_gmt":"2023-06-06T17:01:38","guid":{"rendered":"https:\/\/www.fotografiassinpalabras.com\/blog\/?p=3278"},"modified":"2023-06-21T07:19:07","modified_gmt":"2023-06-21T06:19:07","slug":"lago-moraine","status":"publish","type":"post","link":"https:\/\/www.fotografiassinpalabras.com\/blog\/lago-moraine\/","title":{"rendered":"Lago Moraine"},"content":{"rendered":"<p>Uno de mis paisajes favoritos de Canad\u00e1 fue el Lago Moraine. Es un lago de aguas turbias por el arrastre de piedra y polvo que junto con el fondo y c\u00f3mo incide la luz le da un color verdoso especial. Esta estampa es portada de miles de publicaciones (prueba a buscar en Google: <a title=\"oeste de Canad\u00e1\" href=\"https:\/\/www.google.com\/search?q=oeste+de+canad%C3%A1&amp;sxsrf=APwXEddnyJ5O2yQEwPgqRh9051y2CqTKbA:1685966246651&amp;source=lnms&amp;tbm=isch&amp;sa=X&amp;ved=2ahUKEwj62u_Ziaz_AhX1TKQEHfOZANcQ_AUoAXoECAEQAw&amp;cshid=1685966323088749&amp;biw=2486&amp;bih=1308&amp;dpr=1\" target=\"_blank\" rel=\"noopener\">oeste de Canad\u00e1<\/a>) y dir\u00eda que es un icono reconocible por muchos. Est\u00e1 enclavado en el fondo de un valle, se alimenta de un arroyo y del glaciar Fay que cae desde lo alto de las monta\u00f1as. Esta cordillera de monta\u00f1as sirve de frontera entre Alberta y la Columbia Brit\u00e1nica.<\/p>\n<p><!--more--><\/p>\n<div style=\"width: 510px\" class=\"wp-caption aligncenter\"><a title=\"Entre el bosque\" href=\"\/blog\/wp-content\/uploads\/2023\/06\/9121317.jpg\" target=\"_blank\" rel=\"noopener\"><img loading=\"lazy\" decoding=\"async\" title=\"Entre el bosque\" src=\"\/blog\/wp-content\/uploads\/2023\/06\/9121317.jpg\" alt=\"Entre el bosque\" width=\"500\" height=\"375\"><\/a><p class=\"wp-caption-text\"><a href=\"\/blog\/wp-content\/uploads\/2023\/06\/9121317.jpg\" target=\"_blank\" rel=\"noopener\">Entre el bosque<\/a><\/p><\/div>\n<div style=\"width: 510px\" class=\"wp-caption aligncenter\"><a title=\"Lago Moraine\" href=\"\/blog\/wp-content\/uploads\/2023\/06\/9121312.jpg\" target=\"_blank\" rel=\"noopener\"><img loading=\"lazy\" decoding=\"async\" title=\"Lago Moraine\" src=\"\/blog\/wp-content\/uploads\/2023\/06\/9121312.jpg\" alt=\"Lago Moraine\" width=\"500\" height=\"375\"><\/a><p class=\"wp-caption-text\"><a href=\"\/blog\/wp-content\/uploads\/2023\/06\/9121312.jpg\" target=\"_blank\" rel=\"noopener\">Lago Moraine<\/a><\/p><\/div>\n<div style=\"width: 510px\" class=\"wp-caption aligncenter\"><a title=\"Glaciar Fay\" href=\"\/blog\/wp-content\/uploads\/2023\/06\/9121299.jpg\" target=\"_blank\" rel=\"noopener\"><img loading=\"lazy\" decoding=\"async\" title=\"Glaciar Fay\" src=\"\/blog\/wp-content\/uploads\/2023\/06\/9121299.jpg\" alt=\"Glaciar Fay\" width=\"500\" height=\"375\"><\/a><p class=\"wp-caption-text\"><a href=\"\/blog\/wp-content\/uploads\/2023\/06\/9121299.jpg\" target=\"_blank\" rel=\"noopener\">Glaciar Fay<\/a><\/p><\/div>\n<div style=\"width: 510px\" class=\"wp-caption aligncenter\"><a title=\"Panor\u00e1mica del lago\" href=\"\/blog\/wp-content\/uploads\/2023\/06\/9121340_stitch.jpg\" target=\"_blank\" rel=\"noopener\"><img loading=\"lazy\" decoding=\"async\" title=\"Panor\u00e1mica del lago\" src=\"\/blog\/wp-content\/uploads\/2023\/06\/9121340_stitch.jpg\" alt=\"Panor\u00e1mica del lago\" width=\"500\" height=\"375\"><\/a><p class=\"wp-caption-text\"><a href=\"\/blog\/wp-content\/uploads\/2023\/06\/9121340_stitch.jpg\" target=\"_blank\" rel=\"noopener\">Panor\u00e1mica del lago<\/a><\/p><\/div>\n<div style=\"width: 510px\" class=\"wp-caption aligncenter\"><a title=\"Canoas\" href=\"\/blog\/wp-content\/uploads\/2023\/06\/9121305.jpg\" target=\"_blank\" rel=\"noopener\"><img loading=\"lazy\" decoding=\"async\" title=\"Canoas\" src=\"\/blog\/wp-content\/uploads\/2023\/06\/9121305.jpg\" alt=\"Canoas\" width=\"500\" height=\"375\"><\/a><p class=\"wp-caption-text\"><a href=\"\/blog\/wp-content\/uploads\/2023\/06\/9121305.jpg\" target=\"_blank\" rel=\"noopener\">Canoas<\/a><\/p><\/div>\n","protected":false},"excerpt":{"rendered":"<p>Uno de mis paisajes favoritos de Canad\u00e1 fue el Lago Moraine. Es un lago de aguas turbias por el arrastre de piedra y polvo que junto con el fondo y c\u00f3mo incide la luz le da un color verdoso especial. Esta estampa es portada de miles de publicaciones (prueba a buscar en Google: oeste de [&hellip;]<\/p>\n","protected":false},"author":1,"featured_media":3257,"comment_status":"open","ping_status":"open","sticky":false,"template":"","format":"standard","meta":{"_exactmetrics_skip_tracking":false,"_exactmetrics_sitenote_active":false,"_exactmetrics_sitenote_note":"","_exactmetrics_sitenote_category":0,"footnotes":""},"categories":[1],"tags":[464,910,914,249,913,908,909,256,316,912,911],"class_list":["post-3278","post","type-post","status-publish","format-standard","has-post-thumbnail","hentry","category-sin-categoria","tag-bosque","tag-canada","tag-fay","tag-fotografia","tag-glaciar","tag-lago","tag-lago-moraine","tag-olympus","tag-paisaje","tag-pinos","tag-verde"],"yoast_head":"<!-- This site is optimized with the Yoast SEO plugin v25.9 - https:\/\/yoast.com\/wordpress\/plugins\/seo\/ -->\n<title>Lago Moraine - Disfrute de la fotograf\u00eda sin palabras<\/title>\n<meta name=\"description\" content=\"Fotograf\u00edas del Lago Moraine realizadas por Iv\u00e1n Ramos Mu\u00f1oz. Un paisaje ic\u00f3nico del Oeste de Canad\u00e1 con un color verde caracter\u00edstico.\" \/>\n<meta name=\"robots\" content=\"index, follow, max-snippet:-1, max-image-preview:large, max-video-preview:-1\" \/>\n<link rel=\"canonical\" href=\"https:\/\/www.fotografiassinpalabras.com\/blog\/lago-moraine\/\" \/>\n<meta property=\"og:locale\" content=\"es_ES\" \/>\n<meta property=\"og:type\" content=\"article\" \/>\n<meta property=\"og:title\" content=\"Lago Moraine - Disfrute de la fotograf\u00eda sin palabras\" \/>\n<meta property=\"og:description\" content=\"Fotograf\u00edas del Lago Moraine realizadas por Iv\u00e1n Ramos Mu\u00f1oz. Un paisaje ic\u00f3nico del Oeste de Canad\u00e1 con un color verde caracter\u00edstico.\" \/>\n<meta property=\"og:url\" content=\"https:\/\/www.fotografiassinpalabras.com\/blog\/lago-moraine\/\" \/>\n<meta property=\"og:site_name\" content=\"Disfrute de la fotograf\u00eda sin palabras\" \/>\n<meta property=\"article:published_time\" content=\"2023-06-06T17:01:38+00:00\" \/>\n<meta property=\"article:modified_time\" content=\"2023-06-21T06:19:07+00:00\" \/>\n<meta property=\"og:image\" content=\"https:\/\/www.fotografiassinpalabras.com\/blog\/wp-content\/uploads\/2023\/06\/9121340_stitch.jpg\" \/>\n\t<meta property=\"og:image:width\" content=\"1024\" \/>\n\t<meta property=\"og:image:height\" content=\"572\" \/>\n\t<meta property=\"og:image:type\" content=\"image\/jpeg\" \/>\n<meta name=\"author\" content=\"Iv\u00e1n Ramos Mu\u00f1oz\" \/>\n<meta name=\"twitter:card\" content=\"summary_large_image\" \/>\n<meta name=\"twitter:creator\" content=\"@ivanuski9\" \/>\n<meta name=\"twitter:site\" content=\"@ivanuski9\" \/>\n<meta name=\"twitter:label1\" content=\"Escrito por\" \/>\n\t<meta name=\"twitter:data1\" content=\"Iv\u00e1n Ramos Mu\u00f1oz\" \/>\n\t<meta name=\"twitter:label2\" content=\"Tiempo de lectura\" \/>\n\t<meta name=\"twitter:data2\" content=\"2 minutos\" \/>\n<script type=\"application\/ld+json\" class=\"yoast-schema-graph\">{\"@context\":\"https:\/\/schema.org\",\"@graph\":[{\"@type\":\"Article\",\"@id\":\"https:\/\/www.fotografiassinpalabras.com\/blog\/lago-moraine\/#article\",\"isPartOf\":{\"@id\":\"https:\/\/www.fotografiassinpalabras.com\/blog\/lago-moraine\/\"},\"author\":{\"name\":\"Iv\u00e1n Ramos Mu\u00f1oz\",\"@id\":\"https:\/\/www.fotografiassinpalabras.com\/blog\/#\/schema\/person\/570c06dfae5d1ac88c889586f451770e\"},\"headline\":\"Lago Moraine\",\"datePublished\":\"2023-06-06T17:01:38+00:00\",\"dateModified\":\"2023-06-21T06:19:07+00:00\",\"mainEntityOfPage\":{\"@id\":\"https:\/\/www.fotografiassinpalabras.com\/blog\/lago-moraine\/\"},\"wordCount\":152,\"commentCount\":0,\"publisher\":{\"@id\":\"https:\/\/www.fotografiassinpalabras.com\/blog\/#\/schema\/person\/570c06dfae5d1ac88c889586f451770e\"},\"image\":{\"@id\":\"https:\/\/www.fotografiassinpalabras.com\/blog\/lago-moraine\/#primaryimage\"},\"thumbnailUrl\":\"https:\/\/www.fotografiassinpalabras.com\/blog\/wp-content\/uploads\/2023\/06\/9121340_stitch.jpg\",\"keywords\":[\"bosque\",\"Canad\u00e1\",\"Fay\",\"fotografia\",\"glaciar\",\"Lago\",\"Lago Moraine\",\"Olympus\",\"Paisaje\",\"pinos\",\"verde\"],\"inLanguage\":\"es\",\"potentialAction\":[{\"@type\":\"CommentAction\",\"name\":\"Comment\",\"target\":[\"https:\/\/www.fotografiassinpalabras.com\/blog\/lago-moraine\/#respond\"]}]},{\"@type\":\"WebPage\",\"@id\":\"https:\/\/www.fotografiassinpalabras.com\/blog\/lago-moraine\/\",\"url\":\"https:\/\/www.fotografiassinpalabras.com\/blog\/lago-moraine\/\",\"name\":\"Lago Moraine - Disfrute de la fotograf\u00eda sin palabras\",\"isPartOf\":{\"@id\":\"https:\/\/www.fotografiassinpalabras.com\/blog\/#website\"},\"primaryImageOfPage\":{\"@id\":\"https:\/\/www.fotografiassinpalabras.com\/blog\/lago-moraine\/#primaryimage\"},\"image\":{\"@id\":\"https:\/\/www.fotografiassinpalabras.com\/blog\/lago-moraine\/#primaryimage\"},\"thumbnailUrl\":\"https:\/\/www.fotografiassinpalabras.com\/blog\/wp-content\/uploads\/2023\/06\/9121340_stitch.jpg\",\"datePublished\":\"2023-06-06T17:01:38+00:00\",\"dateModified\":\"2023-06-21T06:19:07+00:00\",\"description\":\"Fotograf\u00edas del Lago Moraine realizadas por Iv\u00e1n Ramos Mu\u00f1oz. Un paisaje ic\u00f3nico del Oeste de Canad\u00e1 con un color verde caracter\u00edstico.\",\"breadcrumb\":{\"@id\":\"https:\/\/www.fotografiassinpalabras.com\/blog\/lago-moraine\/#breadcrumb\"},\"inLanguage\":\"es\",\"potentialAction\":[{\"@type\":\"ReadAction\",\"target\":[\"https:\/\/www.fotografiassinpalabras.com\/blog\/lago-moraine\/\"]}]},{\"@type\":\"ImageObject\",\"inLanguage\":\"es\",\"@id\":\"https:\/\/www.fotografiassinpalabras.com\/blog\/lago-moraine\/#primaryimage\",\"url\":\"https:\/\/www.fotografiassinpalabras.com\/blog\/wp-content\/uploads\/2023\/06\/9121340_stitch.jpg\",\"contentUrl\":\"https:\/\/www.fotografiassinpalabras.com\/blog\/wp-content\/uploads\/2023\/06\/9121340_stitch.jpg\",\"width\":1024,\"height\":572},{\"@type\":\"BreadcrumbList\",\"@id\":\"https:\/\/www.fotografiassinpalabras.com\/blog\/lago-moraine\/#breadcrumb\",\"itemListElement\":[{\"@type\":\"ListItem\",\"position\":1,\"name\":\"Portada\",\"item\":\"https:\/\/www.fotografiassinpalabras.com\/blog\/\"},{\"@type\":\"ListItem\",\"position\":2,\"name\":\"Lago Moraine\"}]},{\"@type\":\"WebSite\",\"@id\":\"https:\/\/www.fotografiassinpalabras.com\/blog\/#website\",\"url\":\"https:\/\/www.fotografiassinpalabras.com\/blog\/\",\"name\":\"Disfrute de la fotograf\u00eda sin palabras\",\"description\":\"Este blog pretende abrir una ventana a mis fotograf\u00edas. En \u00e9l ir\u00e9 colgando las fotograf\u00edas que voy haciendo sin ning\u00fan tipo de explicaci\u00f3n, simplemente im\u00e1genes que intentar\u00e1n mostrar una historia, un lugar o simplemente instant\u00e1neas sueltas del mundo que nos rodea. #fotografiassinpalabras\",\"publisher\":{\"@id\":\"https:\/\/www.fotografiassinpalabras.com\/blog\/#\/schema\/person\/570c06dfae5d1ac88c889586f451770e\"},\"potentialAction\":[{\"@type\":\"SearchAction\",\"target\":{\"@type\":\"EntryPoint\",\"urlTemplate\":\"https:\/\/www.fotografiassinpalabras.com\/blog\/?s={search_term_string}\"},\"query-input\":{\"@type\":\"PropertyValueSpecification\",\"valueRequired\":true,\"valueName\":\"search_term_string\"}}],\"inLanguage\":\"es\"},{\"@type\":[\"Person\",\"Organization\"],\"@id\":\"https:\/\/www.fotografiassinpalabras.com\/blog\/#\/schema\/person\/570c06dfae5d1ac88c889586f451770e\",\"name\":\"Iv\u00e1n Ramos Mu\u00f1oz\",\"image\":{\"@type\":\"ImageObject\",\"inLanguage\":\"es\",\"@id\":\"https:\/\/www.fotografiassinpalabras.com\/blog\/#\/schema\/person\/image\/\",\"url\":\"https:\/\/www.fotografiassinpalabras.com\/blog\/wp-content\/uploads\/2017\/11\/3064514_1024px.jpg\",\"contentUrl\":\"https:\/\/www.fotografiassinpalabras.com\/blog\/wp-content\/uploads\/2017\/11\/3064514_1024px.jpg\",\"width\":1024,\"height\":1024,\"caption\":\"Iv\u00e1n Ramos Mu\u00f1oz\"},\"logo\":{\"@id\":\"https:\/\/www.fotografiassinpalabras.com\/blog\/#\/schema\/person\/image\/\"},\"sameAs\":[\"https:\/\/www.fotografiassinpalabras.com\/blog\",\"https:\/\/x.com\/ivanuski9\"]}]}<\/script>\n<!-- \/ Yoast SEO plugin. -->","yoast_head_json":{"title":"Lago Moraine - Disfrute de la fotograf\u00eda sin palabras","description":"Fotograf\u00edas del Lago Moraine realizadas por Iv\u00e1n Ramos Mu\u00f1oz. Un paisaje ic\u00f3nico del Oeste de Canad\u00e1 con un color verde caracter\u00edstico.","robots":{"index":"index","follow":"follow","max-snippet":"max-snippet:-1","max-image-preview":"max-image-preview:large","max-video-preview":"max-video-preview:-1"},"canonical":"https:\/\/www.fotografiassinpalabras.com\/blog\/lago-moraine\/","og_locale":"es_ES","og_type":"article","og_title":"Lago Moraine - Disfrute de la fotograf\u00eda sin palabras","og_description":"Fotograf\u00edas del Lago Moraine realizadas por Iv\u00e1n Ramos Mu\u00f1oz. Un paisaje ic\u00f3nico del Oeste de Canad\u00e1 con un color verde caracter\u00edstico.","og_url":"https:\/\/www.fotografiassinpalabras.com\/blog\/lago-moraine\/","og_site_name":"Disfrute de la fotograf\u00eda sin palabras","article_published_time":"2023-06-06T17:01:38+00:00","article_modified_time":"2023-06-21T06:19:07+00:00","og_image":[{"width":1024,"height":572,"url":"https:\/\/www.fotografiassinpalabras.com\/blog\/wp-content\/uploads\/2023\/06\/9121340_stitch.jpg","type":"image\/jpeg"}],"author":"Iv\u00e1n Ramos Mu\u00f1oz","twitter_card":"summary_large_image","twitter_creator":"@ivanuski9","twitter_site":"@ivanuski9","twitter_misc":{"Escrito por":"Iv\u00e1n Ramos Mu\u00f1oz","Tiempo de lectura":"2 minutos"},"schema":{"@context":"https:\/\/schema.org","@graph":[{"@type":"Article","@id":"https:\/\/www.fotografiassinpalabras.com\/blog\/lago-moraine\/#article","isPartOf":{"@id":"https:\/\/www.fotografiassinpalabras.com\/blog\/lago-moraine\/"},"author":{"name":"Iv\u00e1n Ramos Mu\u00f1oz","@id":"https:\/\/www.fotografiassinpalabras.com\/blog\/#\/schema\/person\/570c06dfae5d1ac88c889586f451770e"},"headline":"Lago Moraine","datePublished":"2023-06-06T17:01:38+00:00","dateModified":"2023-06-21T06:19:07+00:00","mainEntityOfPage":{"@id":"https:\/\/www.fotografiassinpalabras.com\/blog\/lago-moraine\/"},"wordCount":152,"commentCount":0,"publisher":{"@id":"https:\/\/www.fotografiassinpalabras.com\/blog\/#\/schema\/person\/570c06dfae5d1ac88c889586f451770e"},"image":{"@id":"https:\/\/www.fotografiassinpalabras.com\/blog\/lago-moraine\/#primaryimage"},"thumbnailUrl":"https:\/\/www.fotografiassinpalabras.com\/blog\/wp-content\/uploads\/2023\/06\/9121340_stitch.jpg","keywords":["bosque","Canad\u00e1","Fay","fotografia","glaciar","Lago","Lago Moraine","Olympus","Paisaje","pinos","verde"],"inLanguage":"es","potentialAction":[{"@type":"CommentAction","name":"Comment","target":["https:\/\/www.fotografiassinpalabras.com\/blog\/lago-moraine\/#respond"]}]},{"@type":"WebPage","@id":"https:\/\/www.fotografiassinpalabras.com\/blog\/lago-moraine\/","url":"https:\/\/www.fotografiassinpalabras.com\/blog\/lago-moraine\/","name":"Lago Moraine - Disfrute de la fotograf\u00eda sin palabras","isPartOf":{"@id":"https:\/\/www.fotografiassinpalabras.com\/blog\/#website"},"primaryImageOfPage":{"@id":"https:\/\/www.fotografiassinpalabras.com\/blog\/lago-moraine\/#primaryimage"},"image":{"@id":"https:\/\/www.fotografiassinpalabras.com\/blog\/lago-moraine\/#primaryimage"},"thumbnailUrl":"https:\/\/www.fotografiassinpalabras.com\/blog\/wp-content\/uploads\/2023\/06\/9121340_stitch.jpg","datePublished":"2023-06-06T17:01:38+00:00","dateModified":"2023-06-21T06:19:07+00:00","description":"Fotograf\u00edas del Lago Moraine realizadas por Iv\u00e1n Ramos Mu\u00f1oz. Un paisaje ic\u00f3nico del Oeste de Canad\u00e1 con un color verde caracter\u00edstico.","breadcrumb":{"@id":"https:\/\/www.fotografiassinpalabras.com\/blog\/lago-moraine\/#breadcrumb"},"inLanguage":"es","potentialAction":[{"@type":"ReadAction","target":["https:\/\/www.fotografiassinpalabras.com\/blog\/lago-moraine\/"]}]},{"@type":"ImageObject","inLanguage":"es","@id":"https:\/\/www.fotografiassinpalabras.com\/blog\/lago-moraine\/#primaryimage","url":"https:\/\/www.fotografiassinpalabras.com\/blog\/wp-content\/uploads\/2023\/06\/9121340_stitch.jpg","contentUrl":"https:\/\/www.fotografiassinpalabras.com\/blog\/wp-content\/uploads\/2023\/06\/9121340_stitch.jpg","width":1024,"height":572},{"@type":"BreadcrumbList","@id":"https:\/\/www.fotografiassinpalabras.com\/blog\/lago-moraine\/#breadcrumb","itemListElement":[{"@type":"ListItem","position":1,"name":"Portada","item":"https:\/\/www.fotografiassinpalabras.com\/blog\/"},{"@type":"ListItem","position":2,"name":"Lago Moraine"}]},{"@type":"WebSite","@id":"https:\/\/www.fotografiassinpalabras.com\/blog\/#website","url":"https:\/\/www.fotografiassinpalabras.com\/blog\/","name":"Disfrute de la fotograf\u00eda sin palabras","description":"Este blog pretende abrir una ventana a mis fotograf\u00edas. En \u00e9l ir\u00e9 colgando las fotograf\u00edas que voy haciendo sin ning\u00fan tipo de explicaci\u00f3n, simplemente im\u00e1genes que intentar\u00e1n mostrar una historia, un lugar o simplemente instant\u00e1neas sueltas del mundo que nos rodea. #fotografiassinpalabras","publisher":{"@id":"https:\/\/www.fotografiassinpalabras.com\/blog\/#\/schema\/person\/570c06dfae5d1ac88c889586f451770e"},"potentialAction":[{"@type":"SearchAction","target":{"@type":"EntryPoint","urlTemplate":"https:\/\/www.fotografiassinpalabras.com\/blog\/?s={search_term_string}"},"query-input":{"@type":"PropertyValueSpecification","valueRequired":true,"valueName":"search_term_string"}}],"inLanguage":"es"},{"@type":["Person","Organization"],"@id":"https:\/\/www.fotografiassinpalabras.com\/blog\/#\/schema\/person\/570c06dfae5d1ac88c889586f451770e","name":"Iv\u00e1n Ramos Mu\u00f1oz","image":{"@type":"ImageObject","inLanguage":"es","@id":"https:\/\/www.fotografiassinpalabras.com\/blog\/#\/schema\/person\/image\/","url":"https:\/\/www.fotografiassinpalabras.com\/blog\/wp-content\/uploads\/2017\/11\/3064514_1024px.jpg","contentUrl":"https:\/\/www.fotografiassinpalabras.com\/blog\/wp-content\/uploads\/2017\/11\/3064514_1024px.jpg","width":1024,"height":1024,"caption":"Iv\u00e1n Ramos Mu\u00f1oz"},"logo":{"@id":"https:\/\/www.fotografiassinpalabras.com\/blog\/#\/schema\/person\/image\/"},"sameAs":["https:\/\/www.fotografiassinpalabras.com\/blog","https:\/\/x.com\/ivanuski9"]}]}},"_links":{"self":[{"href":"https:\/\/www.fotografiassinpalabras.com\/blog\/wp-json\/wp\/v2\/posts\/3278","targetHints":{"allow":["GET"]}}],"collection":[{"href":"https:\/\/www.fotografiassinpalabras.com\/blog\/wp-json\/wp\/v2\/posts"}],"about":[{"href":"https:\/\/www.fotografiassinpalabras.com\/blog\/wp-json\/wp\/v2\/types\/post"}],"author":[{"embeddable":true,"href":"https:\/\/www.fotografiassinpalabras.com\/blog\/wp-json\/wp\/v2\/users\/1"}],"replies":[{"embeddable":true,"href":"https:\/\/www.fotografiassinpalabras.com\/blog\/wp-json\/wp\/v2\/comments?post=3278"}],"version-history":[{"count":9,"href":"https:\/\/www.fotografiassinpalabras.com\/blog\/wp-json\/wp\/v2\/posts\/3278\/revisions"}],"predecessor-version":[{"id":3305,"href":"https:\/\/www.fotografiassinpalabras.com\/blog\/wp-json\/wp\/v2\/posts\/3278\/revisions\/3305"}],"wp:featuredmedia":[{"embeddable":true,"href":"https:\/\/www.fotografiassinpalabras.com\/blog\/wp-json\/wp\/v2\/media\/3257"}],"wp:attachment":[{"href":"https:\/\/www.fotografiassinpalabras.com\/blog\/wp-json\/wp\/v2\/media?parent=3278"}],"wp:term":[{"taxonomy":"category","embeddable":true,"href":"https:\/\/www.fotografiassinpalabras.com\/blog\/wp-json\/wp\/v2\/categories?post=3278"},{"taxonomy":"post_tag","embeddable":true,"href":"https:\/\/www.fotografiassinpalabras.com\/blog\/wp-json\/wp\/v2\/tags?post=3278"}],"curies":[{"name":"wp","href":"https:\/\/api.w.org\/{rel}","templated":true}]}}