{"id":390,"date":"2018-09-02T08:43:51","date_gmt":"2018-09-02T07:43:51","guid":{"rendered":"https:\/\/www.fotografiassinpalabras.com\/blog\/?p=390"},"modified":"2018-11-19T19:47:15","modified_gmt":"2018-11-19T18:47:15","slug":"cruzando-el-rio","status":"publish","type":"post","link":"https:\/\/www.fotografiassinpalabras.com\/blog\/cruzando-el-rio\/","title":{"rendered":"Cruzando el r\u00edo"},"content":{"rendered":"<p>La fotograf\u00eda me ha hecho conocer a mucha gente, desde los compa\u00f1eros de la asociaci\u00f3n ASFAE hasta personas desconocidas por internet. Este es el caso del proyecto <a href=\"http:\/\/www.fotomasrelato.com\" target=\"_black\">FOTO+RELATO<\/a> en el que colaboran un gran n\u00famero de fot\u00f3grafos, y donde Luis Alberto Serrano escribe un breve relato inspirado en cada fotograf\u00eda. Vi el proyecto en un tweet y le escrib\u00ed. La fotograf\u00eda \u00abCruzando el r\u00edo\u00bb fue la que inspir\u00f3 la historia que escribi\u00f3 <a href=\"https:\/\/espartako64.wixsite.com\/fotomasrelato\/fotografo-ivan-ramos\" target=\"_blank\" rel=\"noopener\">aqu\u00ed<\/a>.<\/p>\n<p>Quiz\u00e1s debamos replantear algunos usos de internet y promover m\u00e1s iniciativas de este tipo. En la que aut\u00e9nticos desconocidos son capaces de crear cultura juntos. Espero que el proyecto siga creciendo.<\/p>\n<p>La imagen fue tomada en las cascadas de Ouzoud en Marruecos. La semana anterior hab\u00eda llovido mucho y se hab\u00edan producido desbordamientos de los r\u00edos. Cuando llegamos a este punto del r\u00edo hab\u00eda varios j\u00f3venes, que con una barca un poco improvisada con varios barriles, hac\u00edan el servicio de cruzar el r\u00edo a cambio de unas monedas.<\/p>\n<p><!--more--><\/p>\n<div style=\"width: 510px\" class=\"wp-caption aligncenter\"><a title=\"Cruzando el r\u00edo\" href=\"\/blog\/wp-content\/uploads\/2018\/09\/16429572492_467ce5eb5a.jpg\" target=\"_blank\" rel=\"noopener\"><img loading=\"lazy\" decoding=\"async\" title=\"Cruzando el r\u00edo\" src=\"\/blog\/wp-content\/uploads\/2018\/09\/16429572492_467ce5eb5a.jpg\" alt=\"Cruzando el r\u00edo\" width=\"500\" height=\"375\" \/><\/a><p class=\"wp-caption-text\"><a href=\"\/blog\/wp-content\/uploads\/2018\/09\/16429572492_467ce5eb5a.jpg\" target=\"_blank\" rel=\"noopener\">Cruzando el r\u00edo<\/a><\/p><\/div>\n","protected":false},"excerpt":{"rendered":"<p>La fotograf\u00eda me ha hecho conocer a mucha gente, desde los compa\u00f1eros de la asociaci\u00f3n ASFAE hasta personas desconocidas por internet. Este es el caso del proyecto FOTO+RELATO en el que colaboran un gran n\u00famero de fot\u00f3grafos, y donde Luis Alberto Serrano escribe un breve relato inspirado en cada fotograf\u00eda. Vi el proyecto en un [&hellip;]<\/p>\n","protected":false},"author":1,"featured_media":682,"comment_status":"open","ping_status":"open","sticky":false,"template":"","format":"standard","meta":{"_exactmetrics_skip_tracking":false,"_exactmetrics_sitenote_active":false,"_exactmetrics_sitenote_note":"","_exactmetrics_sitenote_category":0,"footnotes":""},"categories":[1],"tags":[361,520,265,523,521,367,256,522,297],"class_list":["post-390","post","type-post","status-publish","format-standard","has-post-thumbnail","hentry","category-sin-categoria","tag-blanco","tag-cruzando","tag-e-m1","tag-historias","tag-marruecos","tag-negro","tag-olympus","tag-relato","tag-rio"],"yoast_head":"<!-- This site is optimized with the Yoast SEO plugin v25.9 - https:\/\/yoast.com\/wordpress\/plugins\/seo\/ -->\n<title>Cruzando el r\u00edo - Disfrute de la fotograf\u00eda sin palabras<\/title>\n<meta name=\"description\" content=\"Fotograf\u00edas de Iv\u00e1n Ramos Mu\u00f1oz. Fotograf\u00eda callejera cruzando un r\u00edo en barca en unas cascadas en Marruecos. FOTO+RELATO\" \/>\n<meta name=\"robots\" content=\"index, follow, max-snippet:-1, max-image-preview:large, max-video-preview:-1\" \/>\n<link rel=\"canonical\" href=\"https:\/\/www.fotografiassinpalabras.com\/blog\/cruzando-el-rio\/\" \/>\n<meta property=\"og:locale\" content=\"es_ES\" \/>\n<meta property=\"og:type\" content=\"article\" \/>\n<meta property=\"og:title\" content=\"Cruzando el r\u00edo - Disfrute de la fotograf\u00eda sin palabras\" \/>\n<meta property=\"og:description\" content=\"Fotograf\u00edas de Iv\u00e1n Ramos Mu\u00f1oz. Fotograf\u00eda callejera cruzando un r\u00edo en barca en unas cascadas en Marruecos. FOTO+RELATO\" \/>\n<meta property=\"og:url\" content=\"https:\/\/www.fotografiassinpalabras.com\/blog\/cruzando-el-rio\/\" \/>\n<meta property=\"og:site_name\" content=\"Disfrute de la fotograf\u00eda sin palabras\" \/>\n<meta property=\"article:published_time\" content=\"2018-09-02T07:43:51+00:00\" \/>\n<meta property=\"article:modified_time\" content=\"2018-11-19T18:47:15+00:00\" \/>\n<meta property=\"og:image\" content=\"https:\/\/www.fotografiassinpalabras.com\/blog\/wp-content\/uploads\/2018\/09\/16429572492_467ce5eb5a.jpg\" \/>\n\t<meta property=\"og:image:width\" content=\"768\" \/>\n\t<meta property=\"og:image:height\" content=\"1024\" \/>\n\t<meta property=\"og:image:type\" content=\"image\/jpeg\" \/>\n<meta name=\"author\" content=\"Iv\u00e1n Ramos Mu\u00f1oz\" \/>\n<meta name=\"twitter:card\" content=\"summary_large_image\" \/>\n<meta name=\"twitter:creator\" content=\"@ivanuski9\" \/>\n<meta name=\"twitter:site\" content=\"@ivanuski9\" \/>\n<meta name=\"twitter:label1\" content=\"Escrito por\" \/>\n\t<meta name=\"twitter:data1\" content=\"Iv\u00e1n Ramos Mu\u00f1oz\" \/>\n\t<meta name=\"twitter:label2\" content=\"Tiempo de lectura\" \/>\n\t<meta name=\"twitter:data2\" content=\"1 minuto\" \/>\n<script type=\"application\/ld+json\" class=\"yoast-schema-graph\">{\"@context\":\"https:\/\/schema.org\",\"@graph\":[{\"@type\":\"Article\",\"@id\":\"https:\/\/www.fotografiassinpalabras.com\/blog\/cruzando-el-rio\/#article\",\"isPartOf\":{\"@id\":\"https:\/\/www.fotografiassinpalabras.com\/blog\/cruzando-el-rio\/\"},\"author\":{\"name\":\"Iv\u00e1n Ramos Mu\u00f1oz\",\"@id\":\"https:\/\/www.fotografiassinpalabras.com\/blog\/#\/schema\/person\/570c06dfae5d1ac88c889586f451770e\"},\"headline\":\"Cruzando el r\u00edo\",\"datePublished\":\"2018-09-02T07:43:51+00:00\",\"dateModified\":\"2018-11-19T18:47:15+00:00\",\"mainEntityOfPage\":{\"@id\":\"https:\/\/www.fotografiassinpalabras.com\/blog\/cruzando-el-rio\/\"},\"wordCount\":195,\"commentCount\":0,\"publisher\":{\"@id\":\"https:\/\/www.fotografiassinpalabras.com\/blog\/#\/schema\/person\/570c06dfae5d1ac88c889586f451770e\"},\"image\":{\"@id\":\"https:\/\/www.fotografiassinpalabras.com\/blog\/cruzando-el-rio\/#primaryimage\"},\"thumbnailUrl\":\"https:\/\/www.fotografiassinpalabras.com\/blog\/wp-content\/uploads\/2018\/09\/16429572492_467ce5eb5a.jpg\",\"keywords\":[\"blanco\",\"cruzando\",\"E-M1\",\"historias\",\"Marruecos\",\"negro\",\"Olympus\",\"relato\",\"r\u00edo\"],\"inLanguage\":\"es\",\"potentialAction\":[{\"@type\":\"CommentAction\",\"name\":\"Comment\",\"target\":[\"https:\/\/www.fotografiassinpalabras.com\/blog\/cruzando-el-rio\/#respond\"]}]},{\"@type\":\"WebPage\",\"@id\":\"https:\/\/www.fotografiassinpalabras.com\/blog\/cruzando-el-rio\/\",\"url\":\"https:\/\/www.fotografiassinpalabras.com\/blog\/cruzando-el-rio\/\",\"name\":\"Cruzando el r\u00edo - Disfrute de la fotograf\u00eda sin palabras\",\"isPartOf\":{\"@id\":\"https:\/\/www.fotografiassinpalabras.com\/blog\/#website\"},\"primaryImageOfPage\":{\"@id\":\"https:\/\/www.fotografiassinpalabras.com\/blog\/cruzando-el-rio\/#primaryimage\"},\"image\":{\"@id\":\"https:\/\/www.fotografiassinpalabras.com\/blog\/cruzando-el-rio\/#primaryimage\"},\"thumbnailUrl\":\"https:\/\/www.fotografiassinpalabras.com\/blog\/wp-content\/uploads\/2018\/09\/16429572492_467ce5eb5a.jpg\",\"datePublished\":\"2018-09-02T07:43:51+00:00\",\"dateModified\":\"2018-11-19T18:47:15+00:00\",\"description\":\"Fotograf\u00edas de Iv\u00e1n Ramos Mu\u00f1oz. Fotograf\u00eda callejera cruzando un r\u00edo en barca en unas cascadas en Marruecos. FOTO+RELATO\",\"breadcrumb\":{\"@id\":\"https:\/\/www.fotografiassinpalabras.com\/blog\/cruzando-el-rio\/#breadcrumb\"},\"inLanguage\":\"es\",\"potentialAction\":[{\"@type\":\"ReadAction\",\"target\":[\"https:\/\/www.fotografiassinpalabras.com\/blog\/cruzando-el-rio\/\"]}]},{\"@type\":\"ImageObject\",\"inLanguage\":\"es\",\"@id\":\"https:\/\/www.fotografiassinpalabras.com\/blog\/cruzando-el-rio\/#primaryimage\",\"url\":\"https:\/\/www.fotografiassinpalabras.com\/blog\/wp-content\/uploads\/2018\/09\/16429572492_467ce5eb5a.jpg\",\"contentUrl\":\"https:\/\/www.fotografiassinpalabras.com\/blog\/wp-content\/uploads\/2018\/09\/16429572492_467ce5eb5a.jpg\",\"width\":768,\"height\":1024},{\"@type\":\"BreadcrumbList\",\"@id\":\"https:\/\/www.fotografiassinpalabras.com\/blog\/cruzando-el-rio\/#breadcrumb\",\"itemListElement\":[{\"@type\":\"ListItem\",\"position\":1,\"name\":\"Portada\",\"item\":\"https:\/\/www.fotografiassinpalabras.com\/blog\/\"},{\"@type\":\"ListItem\",\"position\":2,\"name\":\"Cruzando el r\u00edo\"}]},{\"@type\":\"WebSite\",\"@id\":\"https:\/\/www.fotografiassinpalabras.com\/blog\/#website\",\"url\":\"https:\/\/www.fotografiassinpalabras.com\/blog\/\",\"name\":\"Disfrute de la fotograf\u00eda sin palabras\",\"description\":\"Este blog pretende abrir una ventana a mis fotograf\u00edas. En \u00e9l ir\u00e9 colgando las fotograf\u00edas que voy haciendo sin ning\u00fan tipo de explicaci\u00f3n, simplemente im\u00e1genes que intentar\u00e1n mostrar una historia, un lugar o simplemente instant\u00e1neas sueltas del mundo que nos rodea. #fotografiassinpalabras\",\"publisher\":{\"@id\":\"https:\/\/www.fotografiassinpalabras.com\/blog\/#\/schema\/person\/570c06dfae5d1ac88c889586f451770e\"},\"potentialAction\":[{\"@type\":\"SearchAction\",\"target\":{\"@type\":\"EntryPoint\",\"urlTemplate\":\"https:\/\/www.fotografiassinpalabras.com\/blog\/?s={search_term_string}\"},\"query-input\":{\"@type\":\"PropertyValueSpecification\",\"valueRequired\":true,\"valueName\":\"search_term_string\"}}],\"inLanguage\":\"es\"},{\"@type\":[\"Person\",\"Organization\"],\"@id\":\"https:\/\/www.fotografiassinpalabras.com\/blog\/#\/schema\/person\/570c06dfae5d1ac88c889586f451770e\",\"name\":\"Iv\u00e1n Ramos Mu\u00f1oz\",\"image\":{\"@type\":\"ImageObject\",\"inLanguage\":\"es\",\"@id\":\"https:\/\/www.fotografiassinpalabras.com\/blog\/#\/schema\/person\/image\/\",\"url\":\"https:\/\/www.fotografiassinpalabras.com\/blog\/wp-content\/uploads\/2017\/11\/3064514_1024px.jpg\",\"contentUrl\":\"https:\/\/www.fotografiassinpalabras.com\/blog\/wp-content\/uploads\/2017\/11\/3064514_1024px.jpg\",\"width\":1024,\"height\":1024,\"caption\":\"Iv\u00e1n Ramos Mu\u00f1oz\"},\"logo\":{\"@id\":\"https:\/\/www.fotografiassinpalabras.com\/blog\/#\/schema\/person\/image\/\"},\"sameAs\":[\"https:\/\/www.fotografiassinpalabras.com\/blog\",\"https:\/\/x.com\/ivanuski9\"]}]}<\/script>\n<!-- \/ Yoast SEO plugin. -->","yoast_head_json":{"title":"Cruzando el r\u00edo - Disfrute de la fotograf\u00eda sin palabras","description":"Fotograf\u00edas de Iv\u00e1n Ramos Mu\u00f1oz. Fotograf\u00eda callejera cruzando un r\u00edo en barca en unas cascadas en Marruecos. FOTO+RELATO","robots":{"index":"index","follow":"follow","max-snippet":"max-snippet:-1","max-image-preview":"max-image-preview:large","max-video-preview":"max-video-preview:-1"},"canonical":"https:\/\/www.fotografiassinpalabras.com\/blog\/cruzando-el-rio\/","og_locale":"es_ES","og_type":"article","og_title":"Cruzando el r\u00edo - Disfrute de la fotograf\u00eda sin palabras","og_description":"Fotograf\u00edas de Iv\u00e1n Ramos Mu\u00f1oz. Fotograf\u00eda callejera cruzando un r\u00edo en barca en unas cascadas en Marruecos. FOTO+RELATO","og_url":"https:\/\/www.fotografiassinpalabras.com\/blog\/cruzando-el-rio\/","og_site_name":"Disfrute de la fotograf\u00eda sin palabras","article_published_time":"2018-09-02T07:43:51+00:00","article_modified_time":"2018-11-19T18:47:15+00:00","og_image":[{"width":768,"height":1024,"url":"https:\/\/www.fotografiassinpalabras.com\/blog\/wp-content\/uploads\/2018\/09\/16429572492_467ce5eb5a.jpg","type":"image\/jpeg"}],"author":"Iv\u00e1n Ramos Mu\u00f1oz","twitter_card":"summary_large_image","twitter_creator":"@ivanuski9","twitter_site":"@ivanuski9","twitter_misc":{"Escrito por":"Iv\u00e1n Ramos Mu\u00f1oz","Tiempo de lectura":"1 minuto"},"schema":{"@context":"https:\/\/schema.org","@graph":[{"@type":"Article","@id":"https:\/\/www.fotografiassinpalabras.com\/blog\/cruzando-el-rio\/#article","isPartOf":{"@id":"https:\/\/www.fotografiassinpalabras.com\/blog\/cruzando-el-rio\/"},"author":{"name":"Iv\u00e1n Ramos Mu\u00f1oz","@id":"https:\/\/www.fotografiassinpalabras.com\/blog\/#\/schema\/person\/570c06dfae5d1ac88c889586f451770e"},"headline":"Cruzando el r\u00edo","datePublished":"2018-09-02T07:43:51+00:00","dateModified":"2018-11-19T18:47:15+00:00","mainEntityOfPage":{"@id":"https:\/\/www.fotografiassinpalabras.com\/blog\/cruzando-el-rio\/"},"wordCount":195,"commentCount":0,"publisher":{"@id":"https:\/\/www.fotografiassinpalabras.com\/blog\/#\/schema\/person\/570c06dfae5d1ac88c889586f451770e"},"image":{"@id":"https:\/\/www.fotografiassinpalabras.com\/blog\/cruzando-el-rio\/#primaryimage"},"thumbnailUrl":"https:\/\/www.fotografiassinpalabras.com\/blog\/wp-content\/uploads\/2018\/09\/16429572492_467ce5eb5a.jpg","keywords":["blanco","cruzando","E-M1","historias","Marruecos","negro","Olympus","relato","r\u00edo"],"inLanguage":"es","potentialAction":[{"@type":"CommentAction","name":"Comment","target":["https:\/\/www.fotografiassinpalabras.com\/blog\/cruzando-el-rio\/#respond"]}]},{"@type":"WebPage","@id":"https:\/\/www.fotografiassinpalabras.com\/blog\/cruzando-el-rio\/","url":"https:\/\/www.fotografiassinpalabras.com\/blog\/cruzando-el-rio\/","name":"Cruzando el r\u00edo - Disfrute de la fotograf\u00eda sin palabras","isPartOf":{"@id":"https:\/\/www.fotografiassinpalabras.com\/blog\/#website"},"primaryImageOfPage":{"@id":"https:\/\/www.fotografiassinpalabras.com\/blog\/cruzando-el-rio\/#primaryimage"},"image":{"@id":"https:\/\/www.fotografiassinpalabras.com\/blog\/cruzando-el-rio\/#primaryimage"},"thumbnailUrl":"https:\/\/www.fotografiassinpalabras.com\/blog\/wp-content\/uploads\/2018\/09\/16429572492_467ce5eb5a.jpg","datePublished":"2018-09-02T07:43:51+00:00","dateModified":"2018-11-19T18:47:15+00:00","description":"Fotograf\u00edas de Iv\u00e1n Ramos Mu\u00f1oz. Fotograf\u00eda callejera cruzando un r\u00edo en barca en unas cascadas en Marruecos. FOTO+RELATO","breadcrumb":{"@id":"https:\/\/www.fotografiassinpalabras.com\/blog\/cruzando-el-rio\/#breadcrumb"},"inLanguage":"es","potentialAction":[{"@type":"ReadAction","target":["https:\/\/www.fotografiassinpalabras.com\/blog\/cruzando-el-rio\/"]}]},{"@type":"ImageObject","inLanguage":"es","@id":"https:\/\/www.fotografiassinpalabras.com\/blog\/cruzando-el-rio\/#primaryimage","url":"https:\/\/www.fotografiassinpalabras.com\/blog\/wp-content\/uploads\/2018\/09\/16429572492_467ce5eb5a.jpg","contentUrl":"https:\/\/www.fotografiassinpalabras.com\/blog\/wp-content\/uploads\/2018\/09\/16429572492_467ce5eb5a.jpg","width":768,"height":1024},{"@type":"BreadcrumbList","@id":"https:\/\/www.fotografiassinpalabras.com\/blog\/cruzando-el-rio\/#breadcrumb","itemListElement":[{"@type":"ListItem","position":1,"name":"Portada","item":"https:\/\/www.fotografiassinpalabras.com\/blog\/"},{"@type":"ListItem","position":2,"name":"Cruzando el r\u00edo"}]},{"@type":"WebSite","@id":"https:\/\/www.fotografiassinpalabras.com\/blog\/#website","url":"https:\/\/www.fotografiassinpalabras.com\/blog\/","name":"Disfrute de la fotograf\u00eda sin palabras","description":"Este blog pretende abrir una ventana a mis fotograf\u00edas. En \u00e9l ir\u00e9 colgando las fotograf\u00edas que voy haciendo sin ning\u00fan tipo de explicaci\u00f3n, simplemente im\u00e1genes que intentar\u00e1n mostrar una historia, un lugar o simplemente instant\u00e1neas sueltas del mundo que nos rodea. #fotografiassinpalabras","publisher":{"@id":"https:\/\/www.fotografiassinpalabras.com\/blog\/#\/schema\/person\/570c06dfae5d1ac88c889586f451770e"},"potentialAction":[{"@type":"SearchAction","target":{"@type":"EntryPoint","urlTemplate":"https:\/\/www.fotografiassinpalabras.com\/blog\/?s={search_term_string}"},"query-input":{"@type":"PropertyValueSpecification","valueRequired":true,"valueName":"search_term_string"}}],"inLanguage":"es"},{"@type":["Person","Organization"],"@id":"https:\/\/www.fotografiassinpalabras.com\/blog\/#\/schema\/person\/570c06dfae5d1ac88c889586f451770e","name":"Iv\u00e1n Ramos Mu\u00f1oz","image":{"@type":"ImageObject","inLanguage":"es","@id":"https:\/\/www.fotografiassinpalabras.com\/blog\/#\/schema\/person\/image\/","url":"https:\/\/www.fotografiassinpalabras.com\/blog\/wp-content\/uploads\/2017\/11\/3064514_1024px.jpg","contentUrl":"https:\/\/www.fotografiassinpalabras.com\/blog\/wp-content\/uploads\/2017\/11\/3064514_1024px.jpg","width":1024,"height":1024,"caption":"Iv\u00e1n Ramos Mu\u00f1oz"},"logo":{"@id":"https:\/\/www.fotografiassinpalabras.com\/blog\/#\/schema\/person\/image\/"},"sameAs":["https:\/\/www.fotografiassinpalabras.com\/blog","https:\/\/x.com\/ivanuski9"]}]}},"_links":{"self":[{"href":"https:\/\/www.fotografiassinpalabras.com\/blog\/wp-json\/wp\/v2\/posts\/390","targetHints":{"allow":["GET"]}}],"collection":[{"href":"https:\/\/www.fotografiassinpalabras.com\/blog\/wp-json\/wp\/v2\/posts"}],"about":[{"href":"https:\/\/www.fotografiassinpalabras.com\/blog\/wp-json\/wp\/v2\/types\/post"}],"author":[{"embeddable":true,"href":"https:\/\/www.fotografiassinpalabras.com\/blog\/wp-json\/wp\/v2\/users\/1"}],"replies":[{"embeddable":true,"href":"https:\/\/www.fotografiassinpalabras.com\/blog\/wp-json\/wp\/v2\/comments?post=390"}],"version-history":[{"count":10,"href":"https:\/\/www.fotografiassinpalabras.com\/blog\/wp-json\/wp\/v2\/posts\/390\/revisions"}],"predecessor-version":[{"id":751,"href":"https:\/\/www.fotografiassinpalabras.com\/blog\/wp-json\/wp\/v2\/posts\/390\/revisions\/751"}],"wp:featuredmedia":[{"embeddable":true,"href":"https:\/\/www.fotografiassinpalabras.com\/blog\/wp-json\/wp\/v2\/media\/682"}],"wp:attachment":[{"href":"https:\/\/www.fotografiassinpalabras.com\/blog\/wp-json\/wp\/v2\/media?parent=390"}],"wp:term":[{"taxonomy":"category","embeddable":true,"href":"https:\/\/www.fotografiassinpalabras.com\/blog\/wp-json\/wp\/v2\/categories?post=390"},{"taxonomy":"post_tag","embeddable":true,"href":"https:\/\/www.fotografiassinpalabras.com\/blog\/wp-json\/wp\/v2\/tags?post=390"}],"curies":[{"name":"wp","href":"https:\/\/api.w.org\/{rel}","templated":true}]}}