{"id":450,"date":"2018-09-09T19:30:42","date_gmt":"2018-09-09T18:30:42","guid":{"rendered":"https:\/\/www.fotografiassinpalabras.com\/blog\/?p=450"},"modified":"2018-11-19T19:51:09","modified_gmt":"2018-11-19T18:51:09","slug":"incertidumbre","status":"publish","type":"post","link":"https:\/\/www.fotografiassinpalabras.com\/blog\/incertidumbre\/","title":{"rendered":"Incertidumbre"},"content":{"rendered":"<p>La fotograf\u00eda que hoy os present\u00f3 fue realizada en Praga en el puente de Carlos. Intent\u00e9 plasmar lo que sent\u00eda en ese momento ya que en ese viaje sufrimos un robo. La incertidumbre y desprotecci\u00f3n que sientes despu\u00e9s de una situaci\u00f3n as\u00ed es muy desagradable. El puente es precioso de noche con las farolas te traslada a otras \u00e9pocas, cuando el farolero encend\u00eda una a una cada farola. Pero mi objetivo era dar m\u00e1s dramatismo y transmitir la de inseguridad que ten\u00eda. Esper\u00e9 que varios peatones pasasen delante m\u00edo y baj\u00e9 la velocidad de obturaci\u00f3n, y los contrastes, la oscuridad y las g\u00e1rgolas hicieron que tuviese miedo.<\/p>\n<p>Esta fotograf\u00eda la he mostrado varias veces buscando lo que la gente percib\u00eda al verla. He obtenido resultados muy diversos, desde &#8216;que bonito es ese puente de Praga&#8217; hasta &#8216;pues una calle con gente&#8217;. Transmitir un mensaje concreto con una fotograf\u00eda es complejo. Existe un lenguaje visual que ha ido evolucionando a lo largo de la historia del arte pero que a veces el desconocimiento nos hace ignorar. Quiz\u00e1s es algo en que los aficionados y profesionales de la fotograf\u00eda deber\u00edan trabajar m\u00e1s, aunque siempre una imagen quedar\u00e1 abierta a la interpretaci\u00f3n. Y ah\u00ed es donde est\u00e1 la gracia de este juego, en reinterpretar lo ya plasmado.<\/p>\n<p>Pon tu comentario diciendo que te trasmite a ti la fotograf\u00eda.<\/p>\n<p><!--more--><\/p>\n<div style=\"width: 510px\" class=\"wp-caption aligncenter\"><a title=\"Incertidumbre\" href=\"\/blog\/wp-content\/uploads\/2018\/09\/34494773514_514f8ef089.jpg\" target=\"_blank\" rel=\"noopener\"><img loading=\"lazy\" decoding=\"async\" title=\"Incertidumbre\" src=\"\/blog\/wp-content\/uploads\/2018\/09\/34494773514_514f8ef089.jpg\" alt=\"Incertidumbre\" width=\"500\" height=\"375\" \/><\/a><p class=\"wp-caption-text\"><a href=\"\/blog\/wp-content\/uploads\/2018\/09\/34494773514_514f8ef089.jpg\" target=\"_blank\" rel=\"noopener\">Incertidumbre<\/a><\/p><\/div>\n","protected":false},"excerpt":{"rendered":"<p>La fotograf\u00eda que hoy os present\u00f3 fue realizada en Praga en el puente de Carlos. Intent\u00e9 plasmar lo que sent\u00eda en ese momento ya que en ese viaje sufrimos un robo. La incertidumbre y desprotecci\u00f3n que sientes despu\u00e9s de una situaci\u00f3n as\u00ed es muy desagradable. El puente es precioso de noche con las farolas te [&hellip;]<\/p>\n","protected":false},"author":1,"featured_media":684,"comment_status":"open","ping_status":"open","sticky":false,"template":"","format":"standard","meta":{"_exactmetrics_skip_tracking":false,"_exactmetrics_sitenote_active":false,"_exactmetrics_sitenote_note":"","_exactmetrics_sitenote_category":0,"footnotes":""},"categories":[1],"tags":[361,525,265,249,517,524,367,256,519],"class_list":["post-450","post","type-post","status-publish","format-standard","has-post-thumbnail","hentry","category-sin-categoria","tag-blanco","tag-callejera","tag-e-m1","tag-fotografia","tag-incertidumbre","tag-inseguridad","tag-negro","tag-olympus","tag-praga"],"yoast_head":"<!-- This site is optimized with the Yoast SEO plugin v25.9 - https:\/\/yoast.com\/wordpress\/plugins\/seo\/ -->\n<title>Incertidumbre - Disfrute de la fotograf\u00eda sin palabras<\/title>\n<meta name=\"description\" content=\"Fotograf\u00edas de Iv\u00e1n Ramos Mu\u00f1oz. Fotograf\u00eda callejera en Praga. Mensajes de las fotografias intenci\u00f3n frente a percepci\u00f3n de incertidumbre.\" \/>\n<meta name=\"robots\" content=\"index, follow, max-snippet:-1, max-image-preview:large, max-video-preview:-1\" \/>\n<link rel=\"canonical\" href=\"https:\/\/www.fotografiassinpalabras.com\/blog\/incertidumbre\/\" \/>\n<meta property=\"og:locale\" content=\"es_ES\" \/>\n<meta property=\"og:type\" content=\"article\" \/>\n<meta property=\"og:title\" content=\"Incertidumbre - Disfrute de la fotograf\u00eda sin palabras\" \/>\n<meta property=\"og:description\" content=\"Fotograf\u00edas de Iv\u00e1n Ramos Mu\u00f1oz. Fotograf\u00eda callejera en Praga. Mensajes de las fotografias intenci\u00f3n frente a percepci\u00f3n de incertidumbre.\" \/>\n<meta property=\"og:url\" content=\"https:\/\/www.fotografiassinpalabras.com\/blog\/incertidumbre\/\" \/>\n<meta property=\"og:site_name\" content=\"Disfrute de la fotograf\u00eda sin palabras\" \/>\n<meta property=\"article:published_time\" content=\"2018-09-09T18:30:42+00:00\" \/>\n<meta property=\"article:modified_time\" content=\"2018-11-19T18:51:09+00:00\" \/>\n<meta property=\"og:image\" content=\"https:\/\/www.fotografiassinpalabras.com\/blog\/wp-content\/uploads\/2018\/09\/34494773514_514f8ef089.jpg\" \/>\n\t<meta property=\"og:image:width\" content=\"1024\" \/>\n\t<meta property=\"og:image:height\" content=\"768\" \/>\n\t<meta property=\"og:image:type\" content=\"image\/jpeg\" \/>\n<meta name=\"author\" content=\"Iv\u00e1n Ramos Mu\u00f1oz\" \/>\n<meta name=\"twitter:card\" content=\"summary_large_image\" \/>\n<meta name=\"twitter:creator\" content=\"@ivanuski9\" \/>\n<meta name=\"twitter:site\" content=\"@ivanuski9\" \/>\n<meta name=\"twitter:label1\" content=\"Escrito por\" \/>\n\t<meta name=\"twitter:data1\" content=\"Iv\u00e1n Ramos Mu\u00f1oz\" \/>\n\t<meta name=\"twitter:label2\" content=\"Tiempo de lectura\" \/>\n\t<meta name=\"twitter:data2\" content=\"1 minuto\" \/>\n<script type=\"application\/ld+json\" class=\"yoast-schema-graph\">{\"@context\":\"https:\/\/schema.org\",\"@graph\":[{\"@type\":\"Article\",\"@id\":\"https:\/\/www.fotografiassinpalabras.com\/blog\/incertidumbre\/#article\",\"isPartOf\":{\"@id\":\"https:\/\/www.fotografiassinpalabras.com\/blog\/incertidumbre\/\"},\"author\":{\"name\":\"Iv\u00e1n Ramos Mu\u00f1oz\",\"@id\":\"https:\/\/www.fotografiassinpalabras.com\/blog\/#\/schema\/person\/570c06dfae5d1ac88c889586f451770e\"},\"headline\":\"Incertidumbre\",\"datePublished\":\"2018-09-09T18:30:42+00:00\",\"dateModified\":\"2018-11-19T18:51:09+00:00\",\"mainEntityOfPage\":{\"@id\":\"https:\/\/www.fotografiassinpalabras.com\/blog\/incertidumbre\/\"},\"wordCount\":253,\"commentCount\":0,\"publisher\":{\"@id\":\"https:\/\/www.fotografiassinpalabras.com\/blog\/#\/schema\/person\/570c06dfae5d1ac88c889586f451770e\"},\"image\":{\"@id\":\"https:\/\/www.fotografiassinpalabras.com\/blog\/incertidumbre\/#primaryimage\"},\"thumbnailUrl\":\"https:\/\/www.fotografiassinpalabras.com\/blog\/wp-content\/uploads\/2018\/09\/34494773514_514f8ef089.jpg\",\"keywords\":[\"blanco\",\"callejera\",\"E-M1\",\"fotografia\",\"incertidumbre\",\"inseguridad\",\"negro\",\"Olympus\",\"Praga\"],\"inLanguage\":\"es\",\"potentialAction\":[{\"@type\":\"CommentAction\",\"name\":\"Comment\",\"target\":[\"https:\/\/www.fotografiassinpalabras.com\/blog\/incertidumbre\/#respond\"]}]},{\"@type\":\"WebPage\",\"@id\":\"https:\/\/www.fotografiassinpalabras.com\/blog\/incertidumbre\/\",\"url\":\"https:\/\/www.fotografiassinpalabras.com\/blog\/incertidumbre\/\",\"name\":\"Incertidumbre - Disfrute de la fotograf\u00eda sin palabras\",\"isPartOf\":{\"@id\":\"https:\/\/www.fotografiassinpalabras.com\/blog\/#website\"},\"primaryImageOfPage\":{\"@id\":\"https:\/\/www.fotografiassinpalabras.com\/blog\/incertidumbre\/#primaryimage\"},\"image\":{\"@id\":\"https:\/\/www.fotografiassinpalabras.com\/blog\/incertidumbre\/#primaryimage\"},\"thumbnailUrl\":\"https:\/\/www.fotografiassinpalabras.com\/blog\/wp-content\/uploads\/2018\/09\/34494773514_514f8ef089.jpg\",\"datePublished\":\"2018-09-09T18:30:42+00:00\",\"dateModified\":\"2018-11-19T18:51:09+00:00\",\"description\":\"Fotograf\u00edas de Iv\u00e1n Ramos Mu\u00f1oz. Fotograf\u00eda callejera en Praga. Mensajes de las fotografias intenci\u00f3n frente a percepci\u00f3n de incertidumbre.\",\"breadcrumb\":{\"@id\":\"https:\/\/www.fotografiassinpalabras.com\/blog\/incertidumbre\/#breadcrumb\"},\"inLanguage\":\"es\",\"potentialAction\":[{\"@type\":\"ReadAction\",\"target\":[\"https:\/\/www.fotografiassinpalabras.com\/blog\/incertidumbre\/\"]}]},{\"@type\":\"ImageObject\",\"inLanguage\":\"es\",\"@id\":\"https:\/\/www.fotografiassinpalabras.com\/blog\/incertidumbre\/#primaryimage\",\"url\":\"https:\/\/www.fotografiassinpalabras.com\/blog\/wp-content\/uploads\/2018\/09\/34494773514_514f8ef089.jpg\",\"contentUrl\":\"https:\/\/www.fotografiassinpalabras.com\/blog\/wp-content\/uploads\/2018\/09\/34494773514_514f8ef089.jpg\",\"width\":1024,\"height\":768},{\"@type\":\"BreadcrumbList\",\"@id\":\"https:\/\/www.fotografiassinpalabras.com\/blog\/incertidumbre\/#breadcrumb\",\"itemListElement\":[{\"@type\":\"ListItem\",\"position\":1,\"name\":\"Portada\",\"item\":\"https:\/\/www.fotografiassinpalabras.com\/blog\/\"},{\"@type\":\"ListItem\",\"position\":2,\"name\":\"Incertidumbre\"}]},{\"@type\":\"WebSite\",\"@id\":\"https:\/\/www.fotografiassinpalabras.com\/blog\/#website\",\"url\":\"https:\/\/www.fotografiassinpalabras.com\/blog\/\",\"name\":\"Disfrute de la fotograf\u00eda sin palabras\",\"description\":\"Este blog pretende abrir una ventana a mis fotograf\u00edas. En \u00e9l ir\u00e9 colgando las fotograf\u00edas que voy haciendo sin ning\u00fan tipo de explicaci\u00f3n, simplemente im\u00e1genes que intentar\u00e1n mostrar una historia, un lugar o simplemente instant\u00e1neas sueltas del mundo que nos rodea. #fotografiassinpalabras\",\"publisher\":{\"@id\":\"https:\/\/www.fotografiassinpalabras.com\/blog\/#\/schema\/person\/570c06dfae5d1ac88c889586f451770e\"},\"potentialAction\":[{\"@type\":\"SearchAction\",\"target\":{\"@type\":\"EntryPoint\",\"urlTemplate\":\"https:\/\/www.fotografiassinpalabras.com\/blog\/?s={search_term_string}\"},\"query-input\":{\"@type\":\"PropertyValueSpecification\",\"valueRequired\":true,\"valueName\":\"search_term_string\"}}],\"inLanguage\":\"es\"},{\"@type\":[\"Person\",\"Organization\"],\"@id\":\"https:\/\/www.fotografiassinpalabras.com\/blog\/#\/schema\/person\/570c06dfae5d1ac88c889586f451770e\",\"name\":\"Iv\u00e1n Ramos Mu\u00f1oz\",\"image\":{\"@type\":\"ImageObject\",\"inLanguage\":\"es\",\"@id\":\"https:\/\/www.fotografiassinpalabras.com\/blog\/#\/schema\/person\/image\/\",\"url\":\"https:\/\/www.fotografiassinpalabras.com\/blog\/wp-content\/uploads\/2017\/11\/3064514_1024px.jpg\",\"contentUrl\":\"https:\/\/www.fotografiassinpalabras.com\/blog\/wp-content\/uploads\/2017\/11\/3064514_1024px.jpg\",\"width\":1024,\"height\":1024,\"caption\":\"Iv\u00e1n Ramos Mu\u00f1oz\"},\"logo\":{\"@id\":\"https:\/\/www.fotografiassinpalabras.com\/blog\/#\/schema\/person\/image\/\"},\"sameAs\":[\"https:\/\/www.fotografiassinpalabras.com\/blog\",\"https:\/\/x.com\/ivanuski9\"]}]}<\/script>\n<!-- \/ Yoast SEO plugin. -->","yoast_head_json":{"title":"Incertidumbre - Disfrute de la fotograf\u00eda sin palabras","description":"Fotograf\u00edas de Iv\u00e1n Ramos Mu\u00f1oz. Fotograf\u00eda callejera en Praga. Mensajes de las fotografias intenci\u00f3n frente a percepci\u00f3n de incertidumbre.","robots":{"index":"index","follow":"follow","max-snippet":"max-snippet:-1","max-image-preview":"max-image-preview:large","max-video-preview":"max-video-preview:-1"},"canonical":"https:\/\/www.fotografiassinpalabras.com\/blog\/incertidumbre\/","og_locale":"es_ES","og_type":"article","og_title":"Incertidumbre - Disfrute de la fotograf\u00eda sin palabras","og_description":"Fotograf\u00edas de Iv\u00e1n Ramos Mu\u00f1oz. Fotograf\u00eda callejera en Praga. Mensajes de las fotografias intenci\u00f3n frente a percepci\u00f3n de incertidumbre.","og_url":"https:\/\/www.fotografiassinpalabras.com\/blog\/incertidumbre\/","og_site_name":"Disfrute de la fotograf\u00eda sin palabras","article_published_time":"2018-09-09T18:30:42+00:00","article_modified_time":"2018-11-19T18:51:09+00:00","og_image":[{"width":1024,"height":768,"url":"https:\/\/www.fotografiassinpalabras.com\/blog\/wp-content\/uploads\/2018\/09\/34494773514_514f8ef089.jpg","type":"image\/jpeg"}],"author":"Iv\u00e1n Ramos Mu\u00f1oz","twitter_card":"summary_large_image","twitter_creator":"@ivanuski9","twitter_site":"@ivanuski9","twitter_misc":{"Escrito por":"Iv\u00e1n Ramos Mu\u00f1oz","Tiempo de lectura":"1 minuto"},"schema":{"@context":"https:\/\/schema.org","@graph":[{"@type":"Article","@id":"https:\/\/www.fotografiassinpalabras.com\/blog\/incertidumbre\/#article","isPartOf":{"@id":"https:\/\/www.fotografiassinpalabras.com\/blog\/incertidumbre\/"},"author":{"name":"Iv\u00e1n Ramos Mu\u00f1oz","@id":"https:\/\/www.fotografiassinpalabras.com\/blog\/#\/schema\/person\/570c06dfae5d1ac88c889586f451770e"},"headline":"Incertidumbre","datePublished":"2018-09-09T18:30:42+00:00","dateModified":"2018-11-19T18:51:09+00:00","mainEntityOfPage":{"@id":"https:\/\/www.fotografiassinpalabras.com\/blog\/incertidumbre\/"},"wordCount":253,"commentCount":0,"publisher":{"@id":"https:\/\/www.fotografiassinpalabras.com\/blog\/#\/schema\/person\/570c06dfae5d1ac88c889586f451770e"},"image":{"@id":"https:\/\/www.fotografiassinpalabras.com\/blog\/incertidumbre\/#primaryimage"},"thumbnailUrl":"https:\/\/www.fotografiassinpalabras.com\/blog\/wp-content\/uploads\/2018\/09\/34494773514_514f8ef089.jpg","keywords":["blanco","callejera","E-M1","fotografia","incertidumbre","inseguridad","negro","Olympus","Praga"],"inLanguage":"es","potentialAction":[{"@type":"CommentAction","name":"Comment","target":["https:\/\/www.fotografiassinpalabras.com\/blog\/incertidumbre\/#respond"]}]},{"@type":"WebPage","@id":"https:\/\/www.fotografiassinpalabras.com\/blog\/incertidumbre\/","url":"https:\/\/www.fotografiassinpalabras.com\/blog\/incertidumbre\/","name":"Incertidumbre - Disfrute de la fotograf\u00eda sin palabras","isPartOf":{"@id":"https:\/\/www.fotografiassinpalabras.com\/blog\/#website"},"primaryImageOfPage":{"@id":"https:\/\/www.fotografiassinpalabras.com\/blog\/incertidumbre\/#primaryimage"},"image":{"@id":"https:\/\/www.fotografiassinpalabras.com\/blog\/incertidumbre\/#primaryimage"},"thumbnailUrl":"https:\/\/www.fotografiassinpalabras.com\/blog\/wp-content\/uploads\/2018\/09\/34494773514_514f8ef089.jpg","datePublished":"2018-09-09T18:30:42+00:00","dateModified":"2018-11-19T18:51:09+00:00","description":"Fotograf\u00edas de Iv\u00e1n Ramos Mu\u00f1oz. Fotograf\u00eda callejera en Praga. Mensajes de las fotografias intenci\u00f3n frente a percepci\u00f3n de incertidumbre.","breadcrumb":{"@id":"https:\/\/www.fotografiassinpalabras.com\/blog\/incertidumbre\/#breadcrumb"},"inLanguage":"es","potentialAction":[{"@type":"ReadAction","target":["https:\/\/www.fotografiassinpalabras.com\/blog\/incertidumbre\/"]}]},{"@type":"ImageObject","inLanguage":"es","@id":"https:\/\/www.fotografiassinpalabras.com\/blog\/incertidumbre\/#primaryimage","url":"https:\/\/www.fotografiassinpalabras.com\/blog\/wp-content\/uploads\/2018\/09\/34494773514_514f8ef089.jpg","contentUrl":"https:\/\/www.fotografiassinpalabras.com\/blog\/wp-content\/uploads\/2018\/09\/34494773514_514f8ef089.jpg","width":1024,"height":768},{"@type":"BreadcrumbList","@id":"https:\/\/www.fotografiassinpalabras.com\/blog\/incertidumbre\/#breadcrumb","itemListElement":[{"@type":"ListItem","position":1,"name":"Portada","item":"https:\/\/www.fotografiassinpalabras.com\/blog\/"},{"@type":"ListItem","position":2,"name":"Incertidumbre"}]},{"@type":"WebSite","@id":"https:\/\/www.fotografiassinpalabras.com\/blog\/#website","url":"https:\/\/www.fotografiassinpalabras.com\/blog\/","name":"Disfrute de la fotograf\u00eda sin palabras","description":"Este blog pretende abrir una ventana a mis fotograf\u00edas. En \u00e9l ir\u00e9 colgando las fotograf\u00edas que voy haciendo sin ning\u00fan tipo de explicaci\u00f3n, simplemente im\u00e1genes que intentar\u00e1n mostrar una historia, un lugar o simplemente instant\u00e1neas sueltas del mundo que nos rodea. #fotografiassinpalabras","publisher":{"@id":"https:\/\/www.fotografiassinpalabras.com\/blog\/#\/schema\/person\/570c06dfae5d1ac88c889586f451770e"},"potentialAction":[{"@type":"SearchAction","target":{"@type":"EntryPoint","urlTemplate":"https:\/\/www.fotografiassinpalabras.com\/blog\/?s={search_term_string}"},"query-input":{"@type":"PropertyValueSpecification","valueRequired":true,"valueName":"search_term_string"}}],"inLanguage":"es"},{"@type":["Person","Organization"],"@id":"https:\/\/www.fotografiassinpalabras.com\/blog\/#\/schema\/person\/570c06dfae5d1ac88c889586f451770e","name":"Iv\u00e1n Ramos Mu\u00f1oz","image":{"@type":"ImageObject","inLanguage":"es","@id":"https:\/\/www.fotografiassinpalabras.com\/blog\/#\/schema\/person\/image\/","url":"https:\/\/www.fotografiassinpalabras.com\/blog\/wp-content\/uploads\/2017\/11\/3064514_1024px.jpg","contentUrl":"https:\/\/www.fotografiassinpalabras.com\/blog\/wp-content\/uploads\/2017\/11\/3064514_1024px.jpg","width":1024,"height":1024,"caption":"Iv\u00e1n Ramos Mu\u00f1oz"},"logo":{"@id":"https:\/\/www.fotografiassinpalabras.com\/blog\/#\/schema\/person\/image\/"},"sameAs":["https:\/\/www.fotografiassinpalabras.com\/blog","https:\/\/x.com\/ivanuski9"]}]}},"_links":{"self":[{"href":"https:\/\/www.fotografiassinpalabras.com\/blog\/wp-json\/wp\/v2\/posts\/450","targetHints":{"allow":["GET"]}}],"collection":[{"href":"https:\/\/www.fotografiassinpalabras.com\/blog\/wp-json\/wp\/v2\/posts"}],"about":[{"href":"https:\/\/www.fotografiassinpalabras.com\/blog\/wp-json\/wp\/v2\/types\/post"}],"author":[{"embeddable":true,"href":"https:\/\/www.fotografiassinpalabras.com\/blog\/wp-json\/wp\/v2\/users\/1"}],"replies":[{"embeddable":true,"href":"https:\/\/www.fotografiassinpalabras.com\/blog\/wp-json\/wp\/v2\/comments?post=450"}],"version-history":[{"count":3,"href":"https:\/\/www.fotografiassinpalabras.com\/blog\/wp-json\/wp\/v2\/posts\/450\/revisions"}],"predecessor-version":[{"id":752,"href":"https:\/\/www.fotografiassinpalabras.com\/blog\/wp-json\/wp\/v2\/posts\/450\/revisions\/752"}],"wp:featuredmedia":[{"embeddable":true,"href":"https:\/\/www.fotografiassinpalabras.com\/blog\/wp-json\/wp\/v2\/media\/684"}],"wp:attachment":[{"href":"https:\/\/www.fotografiassinpalabras.com\/blog\/wp-json\/wp\/v2\/media?parent=450"}],"wp:term":[{"taxonomy":"category","embeddable":true,"href":"https:\/\/www.fotografiassinpalabras.com\/blog\/wp-json\/wp\/v2\/categories?post=450"},{"taxonomy":"post_tag","embeddable":true,"href":"https:\/\/www.fotografiassinpalabras.com\/blog\/wp-json\/wp\/v2\/tags?post=450"}],"curies":[{"name":"wp","href":"https:\/\/api.w.org\/{rel}","templated":true}]}}