{"id":452,"date":"2018-09-18T19:30:35","date_gmt":"2018-09-18T18:30:35","guid":{"rendered":"https:\/\/www.fotografiassinpalabras.com\/blog\/?p=452"},"modified":"2018-11-19T19:56:36","modified_gmt":"2018-11-19T18:56:36","slug":"holocausto","status":"publish","type":"post","link":"https:\/\/www.fotografiassinpalabras.com\/blog\/holocausto\/","title":{"rendered":"Holocausto"},"content":{"rendered":"<p>La segunda guerra mundial provoc\u00f3 un n\u00famero escalofriante de muertos. A parte de los provocados por la propia guerra, se produjo una matanza \u00e9tnica contra los judios, un holocausto. Durante el viaje que realic\u00e9 a Praga y Budapest observ\u00e9 que estas cicatrices est\u00e1n prensentes en muchos sitios. Desde Espa\u00f1a la segunda guerra mundial se vivi\u00f3 en dictadura, pero el ruido de los tanques no lleg\u00f3 hasta aqu\u00ed. Sin embargo en pleno centro de Europa, Praga y Budapest se vieron invadidas por los nazis, en el n\u00facleo de la contienda.<\/p>\n<p>Se han escrito r\u00edos y r\u00edos de tinta sobre la segunda guerra mundial y existen miles de peque\u00f1as historias sobre la vida de personas que sufrieron este horror. El monumento de los zapatos en las orillas del Danubio realizado por Gyula Pauer y Can Togay nos hace recordar una de esas historias. Son una alegor\u00eda de lo que qued\u00f3 de los judios en Budapest al ser asesinados y arrojados al r\u00edo. Pod\u00e9is profundizar m\u00e1s en la historia de los judios en Budapest en este <a href=\"https:\/\/www.mibauldeblogs.com\/judios-budapest-y-monumento-de-los-zapatos\/\" target=\"_blank\">blog<\/a>.<\/p>\n<p>En Praga tambi\u00e9n vimos alguna muestra del horror. Visitamos la sinagoga Pinkas en la que existe una exposici\u00f3n de los dibujos que realizaron ni\u00f1os judios en el campo de concetraci\u00f3n de Terez\u00edn. Este campo de concentraci\u00f3n era un escaparate nazi y un lugar de paso para las familias jud\u00edas que all\u00ed encerraron. Esto hizo que el ambiente del lugar fuera m\u00e1s familiar y hubiera actividades culturales como teatro, biblioteca, pintura&#8230; Pero el destino final de estas familias ser\u00eda Auschwitz. La maestra Dicker antes de partir escondi\u00f3 miles de dibujos y poemas, y estos son expuestos en el Museo Judio de Praga ubicado en dicha sinagoga. Las paredes de la sinagoga est\u00e1n llenas de los nombres de los judios muertos durante la segunda guerra mundial.<\/p>\n<p>Estas historias hacen que tengamos que reflexionar de lo que pas\u00f3 all\u00ed y mantenerlo en el recuerdo para que no vuelva a pasar. El d\u00eda que olvidemos este horror estaremos en riesgo de repetirlo.<\/p>\n<p><!--more--><\/p>\n<p><div style=\"width: 510px\" class=\"wp-caption aligncenter\"><a title=\"Cuando un zapato vale m\u00e1s que una vida\" href=\"\/blog\/wp-content\/uploads\/2018\/09\/35359402176_d9f497ef9b.jpg\" target=\"_blank\" rel=\"noopener\"><img loading=\"lazy\" decoding=\"async\" title=\"Cuando un zapato vale m\u00e1s que una vida\" src=\"\/blog\/wp-content\/uploads\/2018\/09\/35359402176_d9f497ef9b.jpg\" alt=\"Cuando un zapato vale m\u00e1s que una vida\" width=\"500\" height=\"375\" \/><\/a><p class=\"wp-caption-text\"><a href=\"\/blog\/wp-content\/uploads\/2018\/09\/35359402176_d9f497ef9b.jpg\" target=\"_blank\" rel=\"noopener\">Cuando un zapato vale m\u00e1s que una vida<\/a><\/p><\/div><br \/>\n<div style=\"width: 510px\" class=\"wp-caption aligncenter\"><a title=\"El recuerdo\" href=\"\/blog\/wp-content\/uploads\/2018\/09\/35359401386_a3987bf3d5.jpg\" target=\"_blank\" rel=\"noopener\"><img loading=\"lazy\" decoding=\"async\" title=\"El recuerdo\" src=\"\/blog\/wp-content\/uploads\/2018\/09\/35359401386_a3987bf3d5.jpg\" alt=\"El recuerdo\" width=\"500\" height=\"375\" \/><\/a><p class=\"wp-caption-text\"><a href=\"\/blog\/wp-content\/uploads\/2018\/09\/35359401386_a3987bf3d5.jpg\" target=\"_blank\" rel=\"noopener\">El recuerdo<\/a><\/p><\/div><br \/>\n<div style=\"width: 510px\" class=\"wp-caption aligncenter\"><a title=\"Holocausto\" href=\"\/blog\/wp-content\/uploads\/2018\/09\/34494774384_6628f48928.jpg\" target=\"_blank\" rel=\"noopener\"><img loading=\"lazy\" decoding=\"async\" title=\"Holocausto\" src=\"\/blog\/wp-content\/uploads\/2018\/09\/34494774384_6628f48928.jpg\" alt=\"Holocausto\" width=\"500\" height=\"375\" \/><\/a><p class=\"wp-caption-text\"><a href=\"\/blog\/wp-content\/uploads\/2018\/09\/34494774384_6628f48928.jpg\" target=\"_blank\" rel=\"noopener\">Holocausto<\/a><\/p><\/div><\/p>\n","protected":false},"excerpt":{"rendered":"<p>La segunda guerra mundial provoc\u00f3 un n\u00famero escalofriante de muertos. A parte de los provocados por la propia guerra, se produjo una matanza \u00e9tnica contra los judios, un holocausto. Durante el viaje que realic\u00e9 a Praga y Budapest observ\u00e9 que estas cicatrices est\u00e1n prensentes en muchos sitios. Desde Espa\u00f1a la segunda guerra mundial se vivi\u00f3 [&hellip;]<\/p>\n","protected":false},"author":1,"featured_media":686,"comment_status":"open","ping_status":"open","sticky":false,"template":"","format":"standard","meta":{"_exactmetrics_skip_tracking":false,"_exactmetrics_sitenote_active":false,"_exactmetrics_sitenote_note":"","_exactmetrics_sitenote_category":0,"footnotes":""},"categories":[1],"tags":[361,265,528,526,530,529,367,532,256,533,298,527,531],"class_list":["post-452","post","type-post","status-publish","format-standard","has-post-thumbnail","hentry","category-sin-categoria","tag-blanco","tag-e-m1","tag-guerra","tag-holocausto","tag-judios","tag-mundial","tag-negro","tag-nombres","tag-olympus","tag-recuerdo","tag-rosa","tag-segunda","tag-zapatos"],"yoast_head":"<!-- This site is optimized with the Yoast SEO plugin v25.9 - https:\/\/yoast.com\/wordpress\/plugins\/seo\/ -->\n<title>Holocausto - Disfrute de la fotograf\u00eda sin palabras<\/title>\n<meta name=\"description\" content=\"Fotograf\u00edas de Iv\u00e1n Ramos Mu\u00f1oz. Fotograf\u00edas realizadas en Praga y Budapest que tienen como tema principal el da\u00f1o que caus\u00f3 la 2\u00aa Guerra Mundial y el holocausto judio\" \/>\n<meta name=\"robots\" content=\"index, follow, max-snippet:-1, max-image-preview:large, max-video-preview:-1\" \/>\n<link rel=\"canonical\" href=\"https:\/\/www.fotografiassinpalabras.com\/blog\/holocausto\/\" \/>\n<meta property=\"og:locale\" content=\"es_ES\" \/>\n<meta property=\"og:type\" content=\"article\" \/>\n<meta property=\"og:title\" content=\"Holocausto - Disfrute de la fotograf\u00eda sin palabras\" \/>\n<meta property=\"og:description\" content=\"Fotograf\u00edas de Iv\u00e1n Ramos Mu\u00f1oz. Fotograf\u00edas realizadas en Praga y Budapest que tienen como tema principal el da\u00f1o que caus\u00f3 la 2\u00aa Guerra Mundial y el holocausto judio\" \/>\n<meta property=\"og:url\" content=\"https:\/\/www.fotografiassinpalabras.com\/blog\/holocausto\/\" \/>\n<meta property=\"og:site_name\" content=\"Disfrute de la fotograf\u00eda sin palabras\" \/>\n<meta property=\"article:published_time\" content=\"2018-09-18T18:30:35+00:00\" \/>\n<meta property=\"article:modified_time\" content=\"2018-11-19T18:56:36+00:00\" \/>\n<meta property=\"og:image\" content=\"https:\/\/www.fotografiassinpalabras.com\/blog\/wp-content\/uploads\/2018\/09\/35359402176_d9f497ef9b.jpg\" \/>\n\t<meta property=\"og:image:width\" content=\"768\" \/>\n\t<meta property=\"og:image:height\" content=\"1024\" \/>\n\t<meta property=\"og:image:type\" content=\"image\/jpeg\" \/>\n<meta name=\"author\" content=\"Iv\u00e1n Ramos Mu\u00f1oz\" \/>\n<meta name=\"twitter:card\" content=\"summary_large_image\" \/>\n<meta name=\"twitter:creator\" content=\"@ivanuski9\" \/>\n<meta name=\"twitter:site\" content=\"@ivanuski9\" \/>\n<meta name=\"twitter:label1\" content=\"Escrito por\" \/>\n\t<meta name=\"twitter:data1\" content=\"Iv\u00e1n Ramos Mu\u00f1oz\" \/>\n\t<meta name=\"twitter:label2\" content=\"Tiempo de lectura\" \/>\n\t<meta name=\"twitter:data2\" content=\"2 minutos\" \/>\n<script type=\"application\/ld+json\" class=\"yoast-schema-graph\">{\"@context\":\"https:\/\/schema.org\",\"@graph\":[{\"@type\":\"Article\",\"@id\":\"https:\/\/www.fotografiassinpalabras.com\/blog\/holocausto\/#article\",\"isPartOf\":{\"@id\":\"https:\/\/www.fotografiassinpalabras.com\/blog\/holocausto\/\"},\"author\":{\"name\":\"Iv\u00e1n Ramos Mu\u00f1oz\",\"@id\":\"https:\/\/www.fotografiassinpalabras.com\/blog\/#\/schema\/person\/570c06dfae5d1ac88c889586f451770e\"},\"headline\":\"Holocausto\",\"datePublished\":\"2018-09-18T18:30:35+00:00\",\"dateModified\":\"2018-11-19T18:56:36+00:00\",\"mainEntityOfPage\":{\"@id\":\"https:\/\/www.fotografiassinpalabras.com\/blog\/holocausto\/\"},\"wordCount\":385,\"commentCount\":0,\"publisher\":{\"@id\":\"https:\/\/www.fotografiassinpalabras.com\/blog\/#\/schema\/person\/570c06dfae5d1ac88c889586f451770e\"},\"image\":{\"@id\":\"https:\/\/www.fotografiassinpalabras.com\/blog\/holocausto\/#primaryimage\"},\"thumbnailUrl\":\"https:\/\/www.fotografiassinpalabras.com\/blog\/wp-content\/uploads\/2018\/09\/35359402176_d9f497ef9b.jpg\",\"keywords\":[\"blanco\",\"E-M1\",\"Guerra\",\"Holocausto\",\"Judios\",\"Mundial\",\"negro\",\"nombres\",\"Olympus\",\"recuerdo\",\"rosa\",\"Segunda\",\"zapatos\"],\"inLanguage\":\"es\",\"potentialAction\":[{\"@type\":\"CommentAction\",\"name\":\"Comment\",\"target\":[\"https:\/\/www.fotografiassinpalabras.com\/blog\/holocausto\/#respond\"]}]},{\"@type\":\"WebPage\",\"@id\":\"https:\/\/www.fotografiassinpalabras.com\/blog\/holocausto\/\",\"url\":\"https:\/\/www.fotografiassinpalabras.com\/blog\/holocausto\/\",\"name\":\"Holocausto - Disfrute de la fotograf\u00eda sin palabras\",\"isPartOf\":{\"@id\":\"https:\/\/www.fotografiassinpalabras.com\/blog\/#website\"},\"primaryImageOfPage\":{\"@id\":\"https:\/\/www.fotografiassinpalabras.com\/blog\/holocausto\/#primaryimage\"},\"image\":{\"@id\":\"https:\/\/www.fotografiassinpalabras.com\/blog\/holocausto\/#primaryimage\"},\"thumbnailUrl\":\"https:\/\/www.fotografiassinpalabras.com\/blog\/wp-content\/uploads\/2018\/09\/35359402176_d9f497ef9b.jpg\",\"datePublished\":\"2018-09-18T18:30:35+00:00\",\"dateModified\":\"2018-11-19T18:56:36+00:00\",\"description\":\"Fotograf\u00edas de Iv\u00e1n Ramos Mu\u00f1oz. Fotograf\u00edas realizadas en Praga y Budapest que tienen como tema principal el da\u00f1o que caus\u00f3 la 2\u00aa Guerra Mundial y el holocausto judio\",\"breadcrumb\":{\"@id\":\"https:\/\/www.fotografiassinpalabras.com\/blog\/holocausto\/#breadcrumb\"},\"inLanguage\":\"es\",\"potentialAction\":[{\"@type\":\"ReadAction\",\"target\":[\"https:\/\/www.fotografiassinpalabras.com\/blog\/holocausto\/\"]}]},{\"@type\":\"ImageObject\",\"inLanguage\":\"es\",\"@id\":\"https:\/\/www.fotografiassinpalabras.com\/blog\/holocausto\/#primaryimage\",\"url\":\"https:\/\/www.fotografiassinpalabras.com\/blog\/wp-content\/uploads\/2018\/09\/35359402176_d9f497ef9b.jpg\",\"contentUrl\":\"https:\/\/www.fotografiassinpalabras.com\/blog\/wp-content\/uploads\/2018\/09\/35359402176_d9f497ef9b.jpg\",\"width\":768,\"height\":1024},{\"@type\":\"BreadcrumbList\",\"@id\":\"https:\/\/www.fotografiassinpalabras.com\/blog\/holocausto\/#breadcrumb\",\"itemListElement\":[{\"@type\":\"ListItem\",\"position\":1,\"name\":\"Portada\",\"item\":\"https:\/\/www.fotografiassinpalabras.com\/blog\/\"},{\"@type\":\"ListItem\",\"position\":2,\"name\":\"Holocausto\"}]},{\"@type\":\"WebSite\",\"@id\":\"https:\/\/www.fotografiassinpalabras.com\/blog\/#website\",\"url\":\"https:\/\/www.fotografiassinpalabras.com\/blog\/\",\"name\":\"Disfrute de la fotograf\u00eda sin palabras\",\"description\":\"Este blog pretende abrir una ventana a mis fotograf\u00edas. En \u00e9l ir\u00e9 colgando las fotograf\u00edas que voy haciendo sin ning\u00fan tipo de explicaci\u00f3n, simplemente im\u00e1genes que intentar\u00e1n mostrar una historia, un lugar o simplemente instant\u00e1neas sueltas del mundo que nos rodea. #fotografiassinpalabras\",\"publisher\":{\"@id\":\"https:\/\/www.fotografiassinpalabras.com\/blog\/#\/schema\/person\/570c06dfae5d1ac88c889586f451770e\"},\"potentialAction\":[{\"@type\":\"SearchAction\",\"target\":{\"@type\":\"EntryPoint\",\"urlTemplate\":\"https:\/\/www.fotografiassinpalabras.com\/blog\/?s={search_term_string}\"},\"query-input\":{\"@type\":\"PropertyValueSpecification\",\"valueRequired\":true,\"valueName\":\"search_term_string\"}}],\"inLanguage\":\"es\"},{\"@type\":[\"Person\",\"Organization\"],\"@id\":\"https:\/\/www.fotografiassinpalabras.com\/blog\/#\/schema\/person\/570c06dfae5d1ac88c889586f451770e\",\"name\":\"Iv\u00e1n Ramos Mu\u00f1oz\",\"image\":{\"@type\":\"ImageObject\",\"inLanguage\":\"es\",\"@id\":\"https:\/\/www.fotografiassinpalabras.com\/blog\/#\/schema\/person\/image\/\",\"url\":\"https:\/\/www.fotografiassinpalabras.com\/blog\/wp-content\/uploads\/2017\/11\/3064514_1024px.jpg\",\"contentUrl\":\"https:\/\/www.fotografiassinpalabras.com\/blog\/wp-content\/uploads\/2017\/11\/3064514_1024px.jpg\",\"width\":1024,\"height\":1024,\"caption\":\"Iv\u00e1n Ramos Mu\u00f1oz\"},\"logo\":{\"@id\":\"https:\/\/www.fotografiassinpalabras.com\/blog\/#\/schema\/person\/image\/\"},\"sameAs\":[\"https:\/\/www.fotografiassinpalabras.com\/blog\",\"https:\/\/x.com\/ivanuski9\"]}]}<\/script>\n<!-- \/ Yoast SEO plugin. -->","yoast_head_json":{"title":"Holocausto - Disfrute de la fotograf\u00eda sin palabras","description":"Fotograf\u00edas de Iv\u00e1n Ramos Mu\u00f1oz. Fotograf\u00edas realizadas en Praga y Budapest que tienen como tema principal el da\u00f1o que caus\u00f3 la 2\u00aa Guerra Mundial y el holocausto judio","robots":{"index":"index","follow":"follow","max-snippet":"max-snippet:-1","max-image-preview":"max-image-preview:large","max-video-preview":"max-video-preview:-1"},"canonical":"https:\/\/www.fotografiassinpalabras.com\/blog\/holocausto\/","og_locale":"es_ES","og_type":"article","og_title":"Holocausto - Disfrute de la fotograf\u00eda sin palabras","og_description":"Fotograf\u00edas de Iv\u00e1n Ramos Mu\u00f1oz. Fotograf\u00edas realizadas en Praga y Budapest que tienen como tema principal el da\u00f1o que caus\u00f3 la 2\u00aa Guerra Mundial y el holocausto judio","og_url":"https:\/\/www.fotografiassinpalabras.com\/blog\/holocausto\/","og_site_name":"Disfrute de la fotograf\u00eda sin palabras","article_published_time":"2018-09-18T18:30:35+00:00","article_modified_time":"2018-11-19T18:56:36+00:00","og_image":[{"width":768,"height":1024,"url":"https:\/\/www.fotografiassinpalabras.com\/blog\/wp-content\/uploads\/2018\/09\/35359402176_d9f497ef9b.jpg","type":"image\/jpeg"}],"author":"Iv\u00e1n Ramos Mu\u00f1oz","twitter_card":"summary_large_image","twitter_creator":"@ivanuski9","twitter_site":"@ivanuski9","twitter_misc":{"Escrito por":"Iv\u00e1n Ramos Mu\u00f1oz","Tiempo de lectura":"2 minutos"},"schema":{"@context":"https:\/\/schema.org","@graph":[{"@type":"Article","@id":"https:\/\/www.fotografiassinpalabras.com\/blog\/holocausto\/#article","isPartOf":{"@id":"https:\/\/www.fotografiassinpalabras.com\/blog\/holocausto\/"},"author":{"name":"Iv\u00e1n Ramos Mu\u00f1oz","@id":"https:\/\/www.fotografiassinpalabras.com\/blog\/#\/schema\/person\/570c06dfae5d1ac88c889586f451770e"},"headline":"Holocausto","datePublished":"2018-09-18T18:30:35+00:00","dateModified":"2018-11-19T18:56:36+00:00","mainEntityOfPage":{"@id":"https:\/\/www.fotografiassinpalabras.com\/blog\/holocausto\/"},"wordCount":385,"commentCount":0,"publisher":{"@id":"https:\/\/www.fotografiassinpalabras.com\/blog\/#\/schema\/person\/570c06dfae5d1ac88c889586f451770e"},"image":{"@id":"https:\/\/www.fotografiassinpalabras.com\/blog\/holocausto\/#primaryimage"},"thumbnailUrl":"https:\/\/www.fotografiassinpalabras.com\/blog\/wp-content\/uploads\/2018\/09\/35359402176_d9f497ef9b.jpg","keywords":["blanco","E-M1","Guerra","Holocausto","Judios","Mundial","negro","nombres","Olympus","recuerdo","rosa","Segunda","zapatos"],"inLanguage":"es","potentialAction":[{"@type":"CommentAction","name":"Comment","target":["https:\/\/www.fotografiassinpalabras.com\/blog\/holocausto\/#respond"]}]},{"@type":"WebPage","@id":"https:\/\/www.fotografiassinpalabras.com\/blog\/holocausto\/","url":"https:\/\/www.fotografiassinpalabras.com\/blog\/holocausto\/","name":"Holocausto - Disfrute de la fotograf\u00eda sin palabras","isPartOf":{"@id":"https:\/\/www.fotografiassinpalabras.com\/blog\/#website"},"primaryImageOfPage":{"@id":"https:\/\/www.fotografiassinpalabras.com\/blog\/holocausto\/#primaryimage"},"image":{"@id":"https:\/\/www.fotografiassinpalabras.com\/blog\/holocausto\/#primaryimage"},"thumbnailUrl":"https:\/\/www.fotografiassinpalabras.com\/blog\/wp-content\/uploads\/2018\/09\/35359402176_d9f497ef9b.jpg","datePublished":"2018-09-18T18:30:35+00:00","dateModified":"2018-11-19T18:56:36+00:00","description":"Fotograf\u00edas de Iv\u00e1n Ramos Mu\u00f1oz. Fotograf\u00edas realizadas en Praga y Budapest que tienen como tema principal el da\u00f1o que caus\u00f3 la 2\u00aa Guerra Mundial y el holocausto judio","breadcrumb":{"@id":"https:\/\/www.fotografiassinpalabras.com\/blog\/holocausto\/#breadcrumb"},"inLanguage":"es","potentialAction":[{"@type":"ReadAction","target":["https:\/\/www.fotografiassinpalabras.com\/blog\/holocausto\/"]}]},{"@type":"ImageObject","inLanguage":"es","@id":"https:\/\/www.fotografiassinpalabras.com\/blog\/holocausto\/#primaryimage","url":"https:\/\/www.fotografiassinpalabras.com\/blog\/wp-content\/uploads\/2018\/09\/35359402176_d9f497ef9b.jpg","contentUrl":"https:\/\/www.fotografiassinpalabras.com\/blog\/wp-content\/uploads\/2018\/09\/35359402176_d9f497ef9b.jpg","width":768,"height":1024},{"@type":"BreadcrumbList","@id":"https:\/\/www.fotografiassinpalabras.com\/blog\/holocausto\/#breadcrumb","itemListElement":[{"@type":"ListItem","position":1,"name":"Portada","item":"https:\/\/www.fotografiassinpalabras.com\/blog\/"},{"@type":"ListItem","position":2,"name":"Holocausto"}]},{"@type":"WebSite","@id":"https:\/\/www.fotografiassinpalabras.com\/blog\/#website","url":"https:\/\/www.fotografiassinpalabras.com\/blog\/","name":"Disfrute de la fotograf\u00eda sin palabras","description":"Este blog pretende abrir una ventana a mis fotograf\u00edas. En \u00e9l ir\u00e9 colgando las fotograf\u00edas que voy haciendo sin ning\u00fan tipo de explicaci\u00f3n, simplemente im\u00e1genes que intentar\u00e1n mostrar una historia, un lugar o simplemente instant\u00e1neas sueltas del mundo que nos rodea. #fotografiassinpalabras","publisher":{"@id":"https:\/\/www.fotografiassinpalabras.com\/blog\/#\/schema\/person\/570c06dfae5d1ac88c889586f451770e"},"potentialAction":[{"@type":"SearchAction","target":{"@type":"EntryPoint","urlTemplate":"https:\/\/www.fotografiassinpalabras.com\/blog\/?s={search_term_string}"},"query-input":{"@type":"PropertyValueSpecification","valueRequired":true,"valueName":"search_term_string"}}],"inLanguage":"es"},{"@type":["Person","Organization"],"@id":"https:\/\/www.fotografiassinpalabras.com\/blog\/#\/schema\/person\/570c06dfae5d1ac88c889586f451770e","name":"Iv\u00e1n Ramos Mu\u00f1oz","image":{"@type":"ImageObject","inLanguage":"es","@id":"https:\/\/www.fotografiassinpalabras.com\/blog\/#\/schema\/person\/image\/","url":"https:\/\/www.fotografiassinpalabras.com\/blog\/wp-content\/uploads\/2017\/11\/3064514_1024px.jpg","contentUrl":"https:\/\/www.fotografiassinpalabras.com\/blog\/wp-content\/uploads\/2017\/11\/3064514_1024px.jpg","width":1024,"height":1024,"caption":"Iv\u00e1n Ramos Mu\u00f1oz"},"logo":{"@id":"https:\/\/www.fotografiassinpalabras.com\/blog\/#\/schema\/person\/image\/"},"sameAs":["https:\/\/www.fotografiassinpalabras.com\/blog","https:\/\/x.com\/ivanuski9"]}]}},"_links":{"self":[{"href":"https:\/\/www.fotografiassinpalabras.com\/blog\/wp-json\/wp\/v2\/posts\/452","targetHints":{"allow":["GET"]}}],"collection":[{"href":"https:\/\/www.fotografiassinpalabras.com\/blog\/wp-json\/wp\/v2\/posts"}],"about":[{"href":"https:\/\/www.fotografiassinpalabras.com\/blog\/wp-json\/wp\/v2\/types\/post"}],"author":[{"embeddable":true,"href":"https:\/\/www.fotografiassinpalabras.com\/blog\/wp-json\/wp\/v2\/users\/1"}],"replies":[{"embeddable":true,"href":"https:\/\/www.fotografiassinpalabras.com\/blog\/wp-json\/wp\/v2\/comments?post=452"}],"version-history":[{"count":6,"href":"https:\/\/www.fotografiassinpalabras.com\/blog\/wp-json\/wp\/v2\/posts\/452\/revisions"}],"predecessor-version":[{"id":753,"href":"https:\/\/www.fotografiassinpalabras.com\/blog\/wp-json\/wp\/v2\/posts\/452\/revisions\/753"}],"wp:featuredmedia":[{"embeddable":true,"href":"https:\/\/www.fotografiassinpalabras.com\/blog\/wp-json\/wp\/v2\/media\/686"}],"wp:attachment":[{"href":"https:\/\/www.fotografiassinpalabras.com\/blog\/wp-json\/wp\/v2\/media?parent=452"}],"wp:term":[{"taxonomy":"category","embeddable":true,"href":"https:\/\/www.fotografiassinpalabras.com\/blog\/wp-json\/wp\/v2\/categories?post=452"},{"taxonomy":"post_tag","embeddable":true,"href":"https:\/\/www.fotografiassinpalabras.com\/blog\/wp-json\/wp\/v2\/tags?post=452"}],"curies":[{"name":"wp","href":"https:\/\/api.w.org\/{rel}","templated":true}]}}