{"id":455,"date":"2018-09-27T07:05:43","date_gmt":"2018-09-27T06:05:43","guid":{"rendered":"https:\/\/www.fotografiassinpalabras.com\/blog\/?p=455"},"modified":"2018-11-19T18:48:06","modified_gmt":"2018-11-19T17:48:06","slug":"marrakech","status":"publish","type":"post","link":"https:\/\/www.fotografiassinpalabras.com\/blog\/marrakech\/","title":{"rendered":"Marrakech"},"content":{"rendered":"<p>En la entrada de hoy os presento un peque\u00f1o reportaje de mi viaje a Marrakech. Visitamos una ciudad con un ambiente muy din\u00e1mico, la sociedad Marroqu\u00ed vive en la calle. La mayor parte de las actividades las realizan al aire libre; una gran actividad es la contemplaci\u00f3n, se sientan en un banco y ven la vida pasar. El zoco, un barrio repleto de peque\u00f1as tiendas en callejones estrechos se cubre con ca\u00f1izo huyendo del sol. El bullicio no para, ir y venir de gente, los regateos en todos los puesto y un ambiente abierto sin ninguna puerta.<\/p>\n<p>Visitamos la madraza de Ben Youssef, un lugar muy bonito. Las madrazas eran lugares de estudio y donde se impart\u00edan conocimientos tanto religiosos como seculares. All\u00ed hab\u00eda un artista realizando pliegos con letras \u00e1rabes y desde arriba captur\u00e9 el movimiento tranquilo comparado al bullicio existente en las calles del zoco.<\/p>\n<p>Tambi\u00e9n visitamos algunas zonas cercanas a Marrakech. Visitamos una cooperativa de argan donde las mujeres trabajaban su fruto para sacar el jugo. Este trabajo totalmente manual emplea a estas mujeres e intenta darles un sitio en una sociedad muy machista. Con este trabajo realizan muchos productos de belleza y aceites que consiguen financiar la cooperativa. El argan es el producto de un \u00e1rbol muy similar al olivo pero con un fruto m\u00e1s duro. Unas mujeres pelaban el fruto y otras trituraban con una rueda de piedra para sacar el jugo del argan. Otra de las zonas que visitamos fue la cascada de Ouzoud donde pudimos ver los destrozos producidos por las riadas de las semanas anteriores. All\u00ed un joven nos ayud\u00f3 a cruzar el r\u00edo con una barca improvisada. Espero que os gusten las fotograf\u00edas.<\/p>\n<p><!--more--><\/p>\n<p><div style=\"width: 510px\" class=\"wp-caption aligncenter\"><a title=\"Madraza Ben Youssef\" href=\"\/blog\/wp-content\/uploads\/2018\/09\/16473663892_a7a478e72c.jpg\" target=\"_blank\" rel=\"noopener\"><img loading=\"lazy\" decoding=\"async\" title=\"Madraza Ben Youssef\" src=\"\/blog\/wp-content\/uploads\/2018\/09\/16473663892_a7a478e72c.jpg\" alt=\"Madraza Ben Youssef\" width=\"500\" height=\"375\" \/><\/a><p class=\"wp-caption-text\"><a href=\"\/blog\/wp-content\/uploads\/2018\/09\/16473663892_a7a478e72c.jpg\" target=\"_blank\" rel=\"noopener\">Madraza Ben Youssef<\/a><\/p><\/div><br \/>\n<div style=\"width: 510px\" class=\"wp-caption aligncenter\"><a title=\"Zoco de Marrakech\" href=\"\/blog\/wp-content\/uploads\/2018\/09\/15854532903_bcf9be2744.jpg\" target=\"_blank\" rel=\"noopener\"><img loading=\"lazy\" decoding=\"async\" title=\"Zoco de Marrakech\" src=\"\/blog\/wp-content\/uploads\/2018\/09\/15854532903_bcf9be2744.jpg\" alt=\"Zoco de Marrakech\" width=\"500\" height=\"375\" \/><\/a><p class=\"wp-caption-text\"><a href=\"\/blog\/wp-content\/uploads\/2018\/09\/15854532903_bcf9be2744.jpg\" target=\"_blank\" rel=\"noopener\">Zoco de Marrakech<\/a><\/p><\/div><br \/>\n<div style=\"width: 510px\" class=\"wp-caption aligncenter\"><a title=\"Viendo pasar\" href=\"\/blog\/wp-content\/uploads\/2018\/09\/15795624604_c97fd6e1a8.jpg\" target=\"_blank\" rel=\"noopener\"><img loading=\"lazy\" decoding=\"async\" title=\"Viendo pasar\" src=\"\/blog\/wp-content\/uploads\/2018\/09\/15795624604_c97fd6e1a8.jpg\" alt=\"Viendo pasar\" width=\"500\" height=\"375\" \/><\/a><p class=\"wp-caption-text\"><a href=\"\/blog\/wp-content\/uploads\/2018\/09\/15795624604_c97fd6e1a8.jpg\" target=\"_blank\" rel=\"noopener\">Viendo pasar<\/a><\/p><\/div><br \/>\n<div style=\"width: 510px\" class=\"wp-caption aligncenter\"><a title=\"Cooperativa de Argan\" href=\"\/blog\/wp-content\/uploads\/2018\/09\/15829227884_a06b07dfc2.jpg\" target=\"_blank\" rel=\"noopener\"><img loading=\"lazy\" decoding=\"async\" title=\"Cooperativa de Argan\" src=\"\/blog\/wp-content\/uploads\/2018\/09\/15829227884_a06b07dfc2.jpg\" alt=\"Cooperativa de Argan\" width=\"500\" height=\"375\" \/><\/a><p class=\"wp-caption-text\"><a href=\"\/blog\/wp-content\/uploads\/2018\/09\/15829227884_a06b07dfc2.jpg\" target=\"_blank\" rel=\"noopener\">Cooperativa de Argan<\/a><\/p><\/div><br \/>\n<div style=\"width: 510px\" class=\"wp-caption aligncenter\"><a title=\"Cascadas de Ouzoud\" href=\"\/blog\/wp-content\/uploads\/2018\/09\/16429572492_467ce5eb5a.jpg\" target=\"_blank\" rel=\"noopener\"><img loading=\"lazy\" decoding=\"async\" title=\"Cascadas de Ouzoud\" src=\"\/blog\/wp-content\/uploads\/2018\/09\/16429572492_467ce5eb5a.jpg\" alt=\"Cascadas de Ouzoud\" width=\"500\" height=\"375\" \/><\/a><p class=\"wp-caption-text\"><a href=\"\/blog\/wp-content\/uploads\/2018\/09\/16429572492_467ce5eb5a.jpg\" target=\"_blank\" rel=\"noopener\">Cascadas de Ouzoud<\/a><\/p><\/div><\/p>\n","protected":false},"excerpt":{"rendered":"<p>En la entrada de hoy os presento un peque\u00f1o reportaje de mi viaje a Marrakech. Visitamos una ciudad con un ambiente muy din\u00e1mico, la sociedad Marroqu\u00ed vive en la calle. La mayor parte de las actividades las realizan al aire libre; una gran actividad es la contemplaci\u00f3n, se sientan en un banco y ven la [&hellip;]<\/p>\n","protected":false},"author":1,"featured_media":456,"comment_status":"open","ping_status":"open","sticky":false,"template":"","format":"standard","meta":{"_exactmetrics_skip_tracking":false,"_exactmetrics_sitenote_active":false,"_exactmetrics_sitenote_note":"","_exactmetrics_sitenote_category":0,"footnotes":""},"categories":[1],"tags":[537,361,525,508,265,249,536,534,521,367,256,535],"class_list":["post-455","post","type-post","status-publish","format-standard","has-post-thumbnail","hentry","category-sin-categoria","tag-arabe","tag-blanco","tag-callejera","tag-documental","tag-e-m1","tag-fotografia","tag-madraza","tag-marrakech","tag-marruecos","tag-negro","tag-olympus","tag-zoco"],"yoast_head":"<!-- This site is optimized with the Yoast SEO plugin v25.9 - https:\/\/yoast.com\/wordpress\/plugins\/seo\/ -->\n<title>Marrakech - Disfrute de la fotograf\u00eda sin palabras<\/title>\n<meta name=\"description\" content=\"Fotograf\u00edas de Iv\u00e1n Ramos Mu\u00f1oz. Fotograf\u00eda callejera realizada en Marruecos y algunas concretamente en Marrakech. Vida en el zoco, la madraza, etc...\" \/>\n<meta name=\"robots\" content=\"index, follow, max-snippet:-1, max-image-preview:large, max-video-preview:-1\" \/>\n<link rel=\"canonical\" href=\"https:\/\/www.fotografiassinpalabras.com\/blog\/marrakech\/\" \/>\n<meta property=\"og:locale\" content=\"es_ES\" \/>\n<meta property=\"og:type\" content=\"article\" \/>\n<meta property=\"og:title\" content=\"Marrakech - Disfrute de la fotograf\u00eda sin palabras\" \/>\n<meta property=\"og:description\" content=\"Fotograf\u00edas de Iv\u00e1n Ramos Mu\u00f1oz. Fotograf\u00eda callejera realizada en Marruecos y algunas concretamente en Marrakech. Vida en el zoco, la madraza, etc...\" \/>\n<meta property=\"og:url\" content=\"https:\/\/www.fotografiassinpalabras.com\/blog\/marrakech\/\" \/>\n<meta property=\"og:site_name\" content=\"Disfrute de la fotograf\u00eda sin palabras\" \/>\n<meta property=\"article:published_time\" content=\"2018-09-27T06:05:43+00:00\" \/>\n<meta property=\"article:modified_time\" content=\"2018-11-19T17:48:06+00:00\" \/>\n<meta property=\"og:image\" content=\"https:\/\/www.fotografiassinpalabras.com\/blog\/wp-content\/uploads\/2018\/09\/16473663892_19afcf17a6_o.jpg\" \/>\n\t<meta property=\"og:image:width\" content=\"1024\" \/>\n\t<meta property=\"og:image:height\" content=\"768\" \/>\n\t<meta property=\"og:image:type\" content=\"image\/jpeg\" \/>\n<meta name=\"author\" content=\"Iv\u00e1n Ramos Mu\u00f1oz\" \/>\n<meta name=\"twitter:card\" content=\"summary_large_image\" \/>\n<meta name=\"twitter:creator\" content=\"@ivanuski9\" \/>\n<meta name=\"twitter:site\" content=\"@ivanuski9\" \/>\n<meta name=\"twitter:label1\" content=\"Escrito por\" \/>\n\t<meta name=\"twitter:data1\" content=\"Iv\u00e1n Ramos Mu\u00f1oz\" \/>\n\t<meta name=\"twitter:label2\" content=\"Tiempo de lectura\" \/>\n\t<meta name=\"twitter:data2\" content=\"2 minutos\" \/>\n<script type=\"application\/ld+json\" class=\"yoast-schema-graph\">{\"@context\":\"https:\/\/schema.org\",\"@graph\":[{\"@type\":\"Article\",\"@id\":\"https:\/\/www.fotografiassinpalabras.com\/blog\/marrakech\/#article\",\"isPartOf\":{\"@id\":\"https:\/\/www.fotografiassinpalabras.com\/blog\/marrakech\/\"},\"author\":{\"name\":\"Iv\u00e1n Ramos Mu\u00f1oz\",\"@id\":\"https:\/\/www.fotografiassinpalabras.com\/blog\/#\/schema\/person\/570c06dfae5d1ac88c889586f451770e\"},\"headline\":\"Marrakech\",\"datePublished\":\"2018-09-27T06:05:43+00:00\",\"dateModified\":\"2018-11-19T17:48:06+00:00\",\"mainEntityOfPage\":{\"@id\":\"https:\/\/www.fotografiassinpalabras.com\/blog\/marrakech\/\"},\"wordCount\":338,\"commentCount\":0,\"publisher\":{\"@id\":\"https:\/\/www.fotografiassinpalabras.com\/blog\/#\/schema\/person\/570c06dfae5d1ac88c889586f451770e\"},\"image\":{\"@id\":\"https:\/\/www.fotografiassinpalabras.com\/blog\/marrakech\/#primaryimage\"},\"thumbnailUrl\":\"https:\/\/www.fotografiassinpalabras.com\/blog\/wp-content\/uploads\/2018\/09\/16473663892_19afcf17a6_o.jpg\",\"keywords\":[\"arabe\",\"blanco\",\"callejera\",\"documental\",\"E-M1\",\"fotografia\",\"madraza\",\"Marrakech\",\"Marruecos\",\"negro\",\"Olympus\",\"zoco\"],\"inLanguage\":\"es\",\"potentialAction\":[{\"@type\":\"CommentAction\",\"name\":\"Comment\",\"target\":[\"https:\/\/www.fotografiassinpalabras.com\/blog\/marrakech\/#respond\"]}]},{\"@type\":\"WebPage\",\"@id\":\"https:\/\/www.fotografiassinpalabras.com\/blog\/marrakech\/\",\"url\":\"https:\/\/www.fotografiassinpalabras.com\/blog\/marrakech\/\",\"name\":\"Marrakech - Disfrute de la fotograf\u00eda sin palabras\",\"isPartOf\":{\"@id\":\"https:\/\/www.fotografiassinpalabras.com\/blog\/#website\"},\"primaryImageOfPage\":{\"@id\":\"https:\/\/www.fotografiassinpalabras.com\/blog\/marrakech\/#primaryimage\"},\"image\":{\"@id\":\"https:\/\/www.fotografiassinpalabras.com\/blog\/marrakech\/#primaryimage\"},\"thumbnailUrl\":\"https:\/\/www.fotografiassinpalabras.com\/blog\/wp-content\/uploads\/2018\/09\/16473663892_19afcf17a6_o.jpg\",\"datePublished\":\"2018-09-27T06:05:43+00:00\",\"dateModified\":\"2018-11-19T17:48:06+00:00\",\"description\":\"Fotograf\u00edas de Iv\u00e1n Ramos Mu\u00f1oz. Fotograf\u00eda callejera realizada en Marruecos y algunas concretamente en Marrakech. Vida en el zoco, la madraza, etc...\",\"breadcrumb\":{\"@id\":\"https:\/\/www.fotografiassinpalabras.com\/blog\/marrakech\/#breadcrumb\"},\"inLanguage\":\"es\",\"potentialAction\":[{\"@type\":\"ReadAction\",\"target\":[\"https:\/\/www.fotografiassinpalabras.com\/blog\/marrakech\/\"]}]},{\"@type\":\"ImageObject\",\"inLanguage\":\"es\",\"@id\":\"https:\/\/www.fotografiassinpalabras.com\/blog\/marrakech\/#primaryimage\",\"url\":\"https:\/\/www.fotografiassinpalabras.com\/blog\/wp-content\/uploads\/2018\/09\/16473663892_19afcf17a6_o.jpg\",\"contentUrl\":\"https:\/\/www.fotografiassinpalabras.com\/blog\/wp-content\/uploads\/2018\/09\/16473663892_19afcf17a6_o.jpg\",\"width\":1024,\"height\":768,\"caption\":\"Viaje a Marrakech 2014\"},{\"@type\":\"BreadcrumbList\",\"@id\":\"https:\/\/www.fotografiassinpalabras.com\/blog\/marrakech\/#breadcrumb\",\"itemListElement\":[{\"@type\":\"ListItem\",\"position\":1,\"name\":\"Portada\",\"item\":\"https:\/\/www.fotografiassinpalabras.com\/blog\/\"},{\"@type\":\"ListItem\",\"position\":2,\"name\":\"Marrakech\"}]},{\"@type\":\"WebSite\",\"@id\":\"https:\/\/www.fotografiassinpalabras.com\/blog\/#website\",\"url\":\"https:\/\/www.fotografiassinpalabras.com\/blog\/\",\"name\":\"Disfrute de la fotograf\u00eda sin palabras\",\"description\":\"Este blog pretende abrir una ventana a mis fotograf\u00edas. En \u00e9l ir\u00e9 colgando las fotograf\u00edas que voy haciendo sin ning\u00fan tipo de explicaci\u00f3n, simplemente im\u00e1genes que intentar\u00e1n mostrar una historia, un lugar o simplemente instant\u00e1neas sueltas del mundo que nos rodea. #fotografiassinpalabras\",\"publisher\":{\"@id\":\"https:\/\/www.fotografiassinpalabras.com\/blog\/#\/schema\/person\/570c06dfae5d1ac88c889586f451770e\"},\"potentialAction\":[{\"@type\":\"SearchAction\",\"target\":{\"@type\":\"EntryPoint\",\"urlTemplate\":\"https:\/\/www.fotografiassinpalabras.com\/blog\/?s={search_term_string}\"},\"query-input\":{\"@type\":\"PropertyValueSpecification\",\"valueRequired\":true,\"valueName\":\"search_term_string\"}}],\"inLanguage\":\"es\"},{\"@type\":[\"Person\",\"Organization\"],\"@id\":\"https:\/\/www.fotografiassinpalabras.com\/blog\/#\/schema\/person\/570c06dfae5d1ac88c889586f451770e\",\"name\":\"Iv\u00e1n Ramos Mu\u00f1oz\",\"image\":{\"@type\":\"ImageObject\",\"inLanguage\":\"es\",\"@id\":\"https:\/\/www.fotografiassinpalabras.com\/blog\/#\/schema\/person\/image\/\",\"url\":\"https:\/\/www.fotografiassinpalabras.com\/blog\/wp-content\/uploads\/2017\/11\/3064514_1024px.jpg\",\"contentUrl\":\"https:\/\/www.fotografiassinpalabras.com\/blog\/wp-content\/uploads\/2017\/11\/3064514_1024px.jpg\",\"width\":1024,\"height\":1024,\"caption\":\"Iv\u00e1n Ramos Mu\u00f1oz\"},\"logo\":{\"@id\":\"https:\/\/www.fotografiassinpalabras.com\/blog\/#\/schema\/person\/image\/\"},\"sameAs\":[\"https:\/\/www.fotografiassinpalabras.com\/blog\",\"https:\/\/x.com\/ivanuski9\"]}]}<\/script>\n<!-- \/ Yoast SEO plugin. -->","yoast_head_json":{"title":"Marrakech - Disfrute de la fotograf\u00eda sin palabras","description":"Fotograf\u00edas de Iv\u00e1n Ramos Mu\u00f1oz. Fotograf\u00eda callejera realizada en Marruecos y algunas concretamente en Marrakech. Vida en el zoco, la madraza, etc...","robots":{"index":"index","follow":"follow","max-snippet":"max-snippet:-1","max-image-preview":"max-image-preview:large","max-video-preview":"max-video-preview:-1"},"canonical":"https:\/\/www.fotografiassinpalabras.com\/blog\/marrakech\/","og_locale":"es_ES","og_type":"article","og_title":"Marrakech - Disfrute de la fotograf\u00eda sin palabras","og_description":"Fotograf\u00edas de Iv\u00e1n Ramos Mu\u00f1oz. Fotograf\u00eda callejera realizada en Marruecos y algunas concretamente en Marrakech. Vida en el zoco, la madraza, etc...","og_url":"https:\/\/www.fotografiassinpalabras.com\/blog\/marrakech\/","og_site_name":"Disfrute de la fotograf\u00eda sin palabras","article_published_time":"2018-09-27T06:05:43+00:00","article_modified_time":"2018-11-19T17:48:06+00:00","og_image":[{"width":1024,"height":768,"url":"https:\/\/www.fotografiassinpalabras.com\/blog\/wp-content\/uploads\/2018\/09\/16473663892_19afcf17a6_o.jpg","type":"image\/jpeg"}],"author":"Iv\u00e1n Ramos Mu\u00f1oz","twitter_card":"summary_large_image","twitter_creator":"@ivanuski9","twitter_site":"@ivanuski9","twitter_misc":{"Escrito por":"Iv\u00e1n Ramos Mu\u00f1oz","Tiempo de lectura":"2 minutos"},"schema":{"@context":"https:\/\/schema.org","@graph":[{"@type":"Article","@id":"https:\/\/www.fotografiassinpalabras.com\/blog\/marrakech\/#article","isPartOf":{"@id":"https:\/\/www.fotografiassinpalabras.com\/blog\/marrakech\/"},"author":{"name":"Iv\u00e1n Ramos Mu\u00f1oz","@id":"https:\/\/www.fotografiassinpalabras.com\/blog\/#\/schema\/person\/570c06dfae5d1ac88c889586f451770e"},"headline":"Marrakech","datePublished":"2018-09-27T06:05:43+00:00","dateModified":"2018-11-19T17:48:06+00:00","mainEntityOfPage":{"@id":"https:\/\/www.fotografiassinpalabras.com\/blog\/marrakech\/"},"wordCount":338,"commentCount":0,"publisher":{"@id":"https:\/\/www.fotografiassinpalabras.com\/blog\/#\/schema\/person\/570c06dfae5d1ac88c889586f451770e"},"image":{"@id":"https:\/\/www.fotografiassinpalabras.com\/blog\/marrakech\/#primaryimage"},"thumbnailUrl":"https:\/\/www.fotografiassinpalabras.com\/blog\/wp-content\/uploads\/2018\/09\/16473663892_19afcf17a6_o.jpg","keywords":["arabe","blanco","callejera","documental","E-M1","fotografia","madraza","Marrakech","Marruecos","negro","Olympus","zoco"],"inLanguage":"es","potentialAction":[{"@type":"CommentAction","name":"Comment","target":["https:\/\/www.fotografiassinpalabras.com\/blog\/marrakech\/#respond"]}]},{"@type":"WebPage","@id":"https:\/\/www.fotografiassinpalabras.com\/blog\/marrakech\/","url":"https:\/\/www.fotografiassinpalabras.com\/blog\/marrakech\/","name":"Marrakech - Disfrute de la fotograf\u00eda sin palabras","isPartOf":{"@id":"https:\/\/www.fotografiassinpalabras.com\/blog\/#website"},"primaryImageOfPage":{"@id":"https:\/\/www.fotografiassinpalabras.com\/blog\/marrakech\/#primaryimage"},"image":{"@id":"https:\/\/www.fotografiassinpalabras.com\/blog\/marrakech\/#primaryimage"},"thumbnailUrl":"https:\/\/www.fotografiassinpalabras.com\/blog\/wp-content\/uploads\/2018\/09\/16473663892_19afcf17a6_o.jpg","datePublished":"2018-09-27T06:05:43+00:00","dateModified":"2018-11-19T17:48:06+00:00","description":"Fotograf\u00edas de Iv\u00e1n Ramos Mu\u00f1oz. Fotograf\u00eda callejera realizada en Marruecos y algunas concretamente en Marrakech. Vida en el zoco, la madraza, etc...","breadcrumb":{"@id":"https:\/\/www.fotografiassinpalabras.com\/blog\/marrakech\/#breadcrumb"},"inLanguage":"es","potentialAction":[{"@type":"ReadAction","target":["https:\/\/www.fotografiassinpalabras.com\/blog\/marrakech\/"]}]},{"@type":"ImageObject","inLanguage":"es","@id":"https:\/\/www.fotografiassinpalabras.com\/blog\/marrakech\/#primaryimage","url":"https:\/\/www.fotografiassinpalabras.com\/blog\/wp-content\/uploads\/2018\/09\/16473663892_19afcf17a6_o.jpg","contentUrl":"https:\/\/www.fotografiassinpalabras.com\/blog\/wp-content\/uploads\/2018\/09\/16473663892_19afcf17a6_o.jpg","width":1024,"height":768,"caption":"Viaje a Marrakech 2014"},{"@type":"BreadcrumbList","@id":"https:\/\/www.fotografiassinpalabras.com\/blog\/marrakech\/#breadcrumb","itemListElement":[{"@type":"ListItem","position":1,"name":"Portada","item":"https:\/\/www.fotografiassinpalabras.com\/blog\/"},{"@type":"ListItem","position":2,"name":"Marrakech"}]},{"@type":"WebSite","@id":"https:\/\/www.fotografiassinpalabras.com\/blog\/#website","url":"https:\/\/www.fotografiassinpalabras.com\/blog\/","name":"Disfrute de la fotograf\u00eda sin palabras","description":"Este blog pretende abrir una ventana a mis fotograf\u00edas. En \u00e9l ir\u00e9 colgando las fotograf\u00edas que voy haciendo sin ning\u00fan tipo de explicaci\u00f3n, simplemente im\u00e1genes que intentar\u00e1n mostrar una historia, un lugar o simplemente instant\u00e1neas sueltas del mundo que nos rodea. #fotografiassinpalabras","publisher":{"@id":"https:\/\/www.fotografiassinpalabras.com\/blog\/#\/schema\/person\/570c06dfae5d1ac88c889586f451770e"},"potentialAction":[{"@type":"SearchAction","target":{"@type":"EntryPoint","urlTemplate":"https:\/\/www.fotografiassinpalabras.com\/blog\/?s={search_term_string}"},"query-input":{"@type":"PropertyValueSpecification","valueRequired":true,"valueName":"search_term_string"}}],"inLanguage":"es"},{"@type":["Person","Organization"],"@id":"https:\/\/www.fotografiassinpalabras.com\/blog\/#\/schema\/person\/570c06dfae5d1ac88c889586f451770e","name":"Iv\u00e1n Ramos Mu\u00f1oz","image":{"@type":"ImageObject","inLanguage":"es","@id":"https:\/\/www.fotografiassinpalabras.com\/blog\/#\/schema\/person\/image\/","url":"https:\/\/www.fotografiassinpalabras.com\/blog\/wp-content\/uploads\/2017\/11\/3064514_1024px.jpg","contentUrl":"https:\/\/www.fotografiassinpalabras.com\/blog\/wp-content\/uploads\/2017\/11\/3064514_1024px.jpg","width":1024,"height":1024,"caption":"Iv\u00e1n Ramos Mu\u00f1oz"},"logo":{"@id":"https:\/\/www.fotografiassinpalabras.com\/blog\/#\/schema\/person\/image\/"},"sameAs":["https:\/\/www.fotografiassinpalabras.com\/blog","https:\/\/x.com\/ivanuski9"]}]}},"_links":{"self":[{"href":"https:\/\/www.fotografiassinpalabras.com\/blog\/wp-json\/wp\/v2\/posts\/455","targetHints":{"allow":["GET"]}}],"collection":[{"href":"https:\/\/www.fotografiassinpalabras.com\/blog\/wp-json\/wp\/v2\/posts"}],"about":[{"href":"https:\/\/www.fotografiassinpalabras.com\/blog\/wp-json\/wp\/v2\/types\/post"}],"author":[{"embeddable":true,"href":"https:\/\/www.fotografiassinpalabras.com\/blog\/wp-json\/wp\/v2\/users\/1"}],"replies":[{"embeddable":true,"href":"https:\/\/www.fotografiassinpalabras.com\/blog\/wp-json\/wp\/v2\/comments?post=455"}],"version-history":[{"count":6,"href":"https:\/\/www.fotografiassinpalabras.com\/blog\/wp-json\/wp\/v2\/posts\/455\/revisions"}],"predecessor-version":[{"id":754,"href":"https:\/\/www.fotografiassinpalabras.com\/blog\/wp-json\/wp\/v2\/posts\/455\/revisions\/754"}],"wp:featuredmedia":[{"embeddable":true,"href":"https:\/\/www.fotografiassinpalabras.com\/blog\/wp-json\/wp\/v2\/media\/456"}],"wp:attachment":[{"href":"https:\/\/www.fotografiassinpalabras.com\/blog\/wp-json\/wp\/v2\/media?parent=455"}],"wp:term":[{"taxonomy":"category","embeddable":true,"href":"https:\/\/www.fotografiassinpalabras.com\/blog\/wp-json\/wp\/v2\/categories?post=455"},{"taxonomy":"post_tag","embeddable":true,"href":"https:\/\/www.fotografiassinpalabras.com\/blog\/wp-json\/wp\/v2\/tags?post=455"}],"curies":[{"name":"wp","href":"https:\/\/api.w.org\/{rel}","templated":true}]}}