{"id":458,"date":"2018-09-29T16:46:22","date_gmt":"2018-09-29T15:46:22","guid":{"rendered":"https:\/\/www.fotografiassinpalabras.com\/blog\/?p=458"},"modified":"2018-11-19T18:49:08","modified_gmt":"2018-11-19T17:49:08","slug":"delta-del-ebro","status":"publish","type":"post","link":"https:\/\/www.fotografiassinpalabras.com\/blog\/delta-del-ebro\/","title":{"rendered":"Delta del Ebro"},"content":{"rendered":"<p>El Delta del Ebro es una formaci\u00f3n geogr\u00e1fica situada en la desembocadura del r\u00edo Ebro. A lo largo de los siglos el r\u00edo ha ido depositando sedimentos haciendo crecer la lengua kil\u00f3metros y kil\u00f3metros.<\/p>\n<p>El delta est\u00e1 en retroceso, la construcci\u00f3n de embalses a lo largo de su cauce hace que estos sedimentos no viajen hasta el mar. Esto est\u00e1 provocando que a\u00f1o a a\u00f1o la punta est\u00e9 m\u00e1s cerca de la costa. Este hecho tambi\u00e9n hace que muchas de las playas de la zona cada vez tengan menos arenal. Los embalses fueron un gran cambio en el paisaje y cumplen una labor de abastecimiento de agua que parece cada vez m\u00e1s necesaria por el cambio clim\u00e1tico, pero cualquier cambio que hacemos en nuestro entorno tiene consecuencias y algunas no las imaginamos.<\/p>\n<p>El Delta del Ebro ha sido una zona muy f\u00e9rtil, y el ser humano ha sabido vivir en armon\u00eda con el medio ambiente. Esto ha creado unos cultivos adaptados a la zona como el arroz. Tambien ha influido en sus costumbres y manera de moverse en peque\u00f1as barcas. Todo esto nos lo explic\u00f3 el patr\u00f3n del barco que nos llev\u00f3 por el delta, \u00e9l se hab\u00eda criado y vivido all\u00ed. Las aves lo visitan a\u00f1o a a\u00f1o como lugar de paso.  Tuvimos la suerte de ver como una garza real pescaba. No era la \u00e9poca del a\u00f1o con m\u00e1s actividad, pero ver esta escena mereci\u00f3 la pena. Espero que os gusten las fotograf\u00edas y leer\u00e9 vuestros comentarios.<\/p>\n<p><!--more--><\/p>\n<p><div style=\"width: 510px\" class=\"wp-caption aligncenter\"><a title=\"Sembrando el arroz\" href=\"\/blog\/wp-content\/uploads\/2018\/09\/37637925320_d8c302deef.jpg\" target=\"_blank\" rel=\"noopener\"><img loading=\"lazy\" decoding=\"async\" title=\"Sembrando el arroz\" src=\"\/blog\/wp-content\/uploads\/2018\/09\/37637925320_d8c302deef.jpg\" alt=\"Sembrando el arroz\" width=\"500\" height=\"375\" \/><\/a><p class=\"wp-caption-text\"><a href=\"\/blog\/wp-content\/uploads\/2018\/09\/37637925320_d8c302deef.jpg\" target=\"_blank\" rel=\"noopener\">Sembrando el arroz<\/a><\/p><\/div><br \/>\n<div style=\"width: 510px\" class=\"wp-caption aligncenter\"><a title=\"Flamencos\" href=\"\/blog\/wp-content\/uploads\/2018\/09\/37637920770_3233cd1ffe.jpg\" target=\"_blank\" rel=\"noopener\"><img loading=\"lazy\" decoding=\"async\" title=\"Flamencos\" src=\"\/blog\/wp-content\/uploads\/2018\/09\/37637920770_3233cd1ffe.jpg\" alt=\"Flamencos\" width=\"500\" height=\"375\" \/><\/a><p class=\"wp-caption-text\"><a href=\"\/blog\/wp-content\/uploads\/2018\/09\/37637920770_3233cd1ffe.jpg\" target=\"_blank\" rel=\"noopener\">Flamencos<\/a><\/p><\/div><br \/>\n<div style=\"width: 510px\" class=\"wp-caption aligncenter\"><a title=\"Garza real pescando\" href=\"\/blog\/wp-content\/uploads\/2018\/09\/37637922970_6fc75409e1.jpg\" target=\"_blank\" rel=\"noopener\"><img loading=\"lazy\" decoding=\"async\" title=\"Garza real pescando\" src=\"\/blog\/wp-content\/uploads\/2018\/09\/37637922970_6fc75409e1.jpg\" alt=\"Garza real pescando\" width=\"500\" height=\"375\" \/><\/a><p class=\"wp-caption-text\"><a href=\"\/blog\/wp-content\/uploads\/2018\/09\/37637922970_6fc75409e1.jpg\" target=\"_blank\" rel=\"noopener\">Garza real pescando<\/a><\/p><\/div><\/p>\n","protected":false},"excerpt":{"rendered":"<p>El Delta del Ebro es una formaci\u00f3n geogr\u00e1fica situada en la desembocadura del r\u00edo Ebro. A lo largo de los siglos el r\u00edo ha ido depositando sedimentos haciendo crecer la lengua kil\u00f3metros y kil\u00f3metros. El delta est\u00e1 en retroceso, la construcci\u00f3n de embalses a lo largo de su cauce hace que estos sedimentos no viajen [&hellip;]<\/p>\n","protected":false},"author":1,"featured_media":459,"comment_status":"open","ping_status":"open","sticky":false,"template":"","format":"standard","meta":{"_exactmetrics_skip_tracking":false,"_exactmetrics_sitenote_active":false,"_exactmetrics_sitenote_note":"","_exactmetrics_sitenote_category":0,"footnotes":""},"categories":[1],"tags":[541,503,538,265,539,540,542,543,256],"class_list":["post-458","post","type-post","status-publish","format-standard","has-post-thumbnail","hentry","category-sin-categoria","tag-arroz","tag-conservacion","tag-delta","tag-e-m1","tag-ebro","tag-fauna","tag-flamencos","tag-garza","tag-olympus"],"yoast_head":"<!-- This site is optimized with the Yoast SEO plugin v25.9 - https:\/\/yoast.com\/wordpress\/plugins\/seo\/ -->\n<title>Delta del Ebro - Disfrute de la fotograf\u00eda sin palabras<\/title>\n<meta name=\"description\" content=\"Fotograf\u00edas de Iv\u00e1n Ramos Mu\u00f1oz. Fotograf\u00edas realizadas en el Delta del Ebro. Un lugar importante para la fauna y las costumbre de cultivo del arroz.\" \/>\n<meta name=\"robots\" content=\"index, follow, max-snippet:-1, max-image-preview:large, max-video-preview:-1\" \/>\n<link rel=\"canonical\" href=\"https:\/\/www.fotografiassinpalabras.com\/blog\/delta-del-ebro\/\" \/>\n<meta property=\"og:locale\" content=\"es_ES\" \/>\n<meta property=\"og:type\" content=\"article\" \/>\n<meta property=\"og:title\" content=\"Delta del Ebro - Disfrute de la fotograf\u00eda sin palabras\" \/>\n<meta property=\"og:description\" content=\"Fotograf\u00edas de Iv\u00e1n Ramos Mu\u00f1oz. Fotograf\u00edas realizadas en el Delta del Ebro. Un lugar importante para la fauna y las costumbre de cultivo del arroz.\" \/>\n<meta property=\"og:url\" content=\"https:\/\/www.fotografiassinpalabras.com\/blog\/delta-del-ebro\/\" \/>\n<meta property=\"og:site_name\" content=\"Disfrute de la fotograf\u00eda sin palabras\" \/>\n<meta property=\"article:published_time\" content=\"2018-09-29T15:46:22+00:00\" \/>\n<meta property=\"article:modified_time\" content=\"2018-11-19T17:49:08+00:00\" \/>\n<meta property=\"og:image\" content=\"https:\/\/www.fotografiassinpalabras.com\/blog\/wp-content\/uploads\/2018\/09\/37637925320_ffaa2dd2be_o.jpg\" \/>\n\t<meta property=\"og:image:width\" content=\"1024\" \/>\n\t<meta property=\"og:image:height\" content=\"683\" \/>\n\t<meta property=\"og:image:type\" content=\"image\/jpeg\" \/>\n<meta name=\"author\" content=\"Iv\u00e1n Ramos Mu\u00f1oz\" \/>\n<meta name=\"twitter:card\" content=\"summary_large_image\" \/>\n<meta name=\"twitter:creator\" content=\"@ivanuski9\" \/>\n<meta name=\"twitter:site\" content=\"@ivanuski9\" \/>\n<meta name=\"twitter:label1\" content=\"Escrito por\" \/>\n\t<meta name=\"twitter:data1\" content=\"Iv\u00e1n Ramos Mu\u00f1oz\" \/>\n\t<meta name=\"twitter:label2\" content=\"Tiempo de lectura\" \/>\n\t<meta name=\"twitter:data2\" content=\"1 minuto\" \/>\n<script type=\"application\/ld+json\" class=\"yoast-schema-graph\">{\"@context\":\"https:\/\/schema.org\",\"@graph\":[{\"@type\":\"Article\",\"@id\":\"https:\/\/www.fotografiassinpalabras.com\/blog\/delta-del-ebro\/#article\",\"isPartOf\":{\"@id\":\"https:\/\/www.fotografiassinpalabras.com\/blog\/delta-del-ebro\/\"},\"author\":{\"name\":\"Iv\u00e1n Ramos Mu\u00f1oz\",\"@id\":\"https:\/\/www.fotografiassinpalabras.com\/blog\/#\/schema\/person\/570c06dfae5d1ac88c889586f451770e\"},\"headline\":\"Delta del Ebro\",\"datePublished\":\"2018-09-29T15:46:22+00:00\",\"dateModified\":\"2018-11-19T17:49:08+00:00\",\"mainEntityOfPage\":{\"@id\":\"https:\/\/www.fotografiassinpalabras.com\/blog\/delta-del-ebro\/\"},\"wordCount\":300,\"commentCount\":0,\"publisher\":{\"@id\":\"https:\/\/www.fotografiassinpalabras.com\/blog\/#\/schema\/person\/570c06dfae5d1ac88c889586f451770e\"},\"image\":{\"@id\":\"https:\/\/www.fotografiassinpalabras.com\/blog\/delta-del-ebro\/#primaryimage\"},\"thumbnailUrl\":\"https:\/\/www.fotografiassinpalabras.com\/blog\/wp-content\/uploads\/2018\/09\/37637925320_ffaa2dd2be_o.jpg\",\"keywords\":[\"arroz\",\"conservaci\u00f3n\",\"Delta\",\"E-M1\",\"Ebro\",\"fauna\",\"flamencos\",\"garza\",\"Olympus\"],\"inLanguage\":\"es\",\"potentialAction\":[{\"@type\":\"CommentAction\",\"name\":\"Comment\",\"target\":[\"https:\/\/www.fotografiassinpalabras.com\/blog\/delta-del-ebro\/#respond\"]}]},{\"@type\":\"WebPage\",\"@id\":\"https:\/\/www.fotografiassinpalabras.com\/blog\/delta-del-ebro\/\",\"url\":\"https:\/\/www.fotografiassinpalabras.com\/blog\/delta-del-ebro\/\",\"name\":\"Delta del Ebro - Disfrute de la fotograf\u00eda sin palabras\",\"isPartOf\":{\"@id\":\"https:\/\/www.fotografiassinpalabras.com\/blog\/#website\"},\"primaryImageOfPage\":{\"@id\":\"https:\/\/www.fotografiassinpalabras.com\/blog\/delta-del-ebro\/#primaryimage\"},\"image\":{\"@id\":\"https:\/\/www.fotografiassinpalabras.com\/blog\/delta-del-ebro\/#primaryimage\"},\"thumbnailUrl\":\"https:\/\/www.fotografiassinpalabras.com\/blog\/wp-content\/uploads\/2018\/09\/37637925320_ffaa2dd2be_o.jpg\",\"datePublished\":\"2018-09-29T15:46:22+00:00\",\"dateModified\":\"2018-11-19T17:49:08+00:00\",\"description\":\"Fotograf\u00edas de Iv\u00e1n Ramos Mu\u00f1oz. Fotograf\u00edas realizadas en el Delta del Ebro. Un lugar importante para la fauna y las costumbre de cultivo del arroz.\",\"breadcrumb\":{\"@id\":\"https:\/\/www.fotografiassinpalabras.com\/blog\/delta-del-ebro\/#breadcrumb\"},\"inLanguage\":\"es\",\"potentialAction\":[{\"@type\":\"ReadAction\",\"target\":[\"https:\/\/www.fotografiassinpalabras.com\/blog\/delta-del-ebro\/\"]}]},{\"@type\":\"ImageObject\",\"inLanguage\":\"es\",\"@id\":\"https:\/\/www.fotografiassinpalabras.com\/blog\/delta-del-ebro\/#primaryimage\",\"url\":\"https:\/\/www.fotografiassinpalabras.com\/blog\/wp-content\/uploads\/2018\/09\/37637925320_ffaa2dd2be_o.jpg\",\"contentUrl\":\"https:\/\/www.fotografiassinpalabras.com\/blog\/wp-content\/uploads\/2018\/09\/37637925320_ffaa2dd2be_o.jpg\",\"width\":1024,\"height\":683,\"caption\":\"OLYMPUS DIGITAL CAMERA\"},{\"@type\":\"BreadcrumbList\",\"@id\":\"https:\/\/www.fotografiassinpalabras.com\/blog\/delta-del-ebro\/#breadcrumb\",\"itemListElement\":[{\"@type\":\"ListItem\",\"position\":1,\"name\":\"Portada\",\"item\":\"https:\/\/www.fotografiassinpalabras.com\/blog\/\"},{\"@type\":\"ListItem\",\"position\":2,\"name\":\"Delta del Ebro\"}]},{\"@type\":\"WebSite\",\"@id\":\"https:\/\/www.fotografiassinpalabras.com\/blog\/#website\",\"url\":\"https:\/\/www.fotografiassinpalabras.com\/blog\/\",\"name\":\"Disfrute de la fotograf\u00eda sin palabras\",\"description\":\"Este blog pretende abrir una ventana a mis fotograf\u00edas. En \u00e9l ir\u00e9 colgando las fotograf\u00edas que voy haciendo sin ning\u00fan tipo de explicaci\u00f3n, simplemente im\u00e1genes que intentar\u00e1n mostrar una historia, un lugar o simplemente instant\u00e1neas sueltas del mundo que nos rodea. #fotografiassinpalabras\",\"publisher\":{\"@id\":\"https:\/\/www.fotografiassinpalabras.com\/blog\/#\/schema\/person\/570c06dfae5d1ac88c889586f451770e\"},\"potentialAction\":[{\"@type\":\"SearchAction\",\"target\":{\"@type\":\"EntryPoint\",\"urlTemplate\":\"https:\/\/www.fotografiassinpalabras.com\/blog\/?s={search_term_string}\"},\"query-input\":{\"@type\":\"PropertyValueSpecification\",\"valueRequired\":true,\"valueName\":\"search_term_string\"}}],\"inLanguage\":\"es\"},{\"@type\":[\"Person\",\"Organization\"],\"@id\":\"https:\/\/www.fotografiassinpalabras.com\/blog\/#\/schema\/person\/570c06dfae5d1ac88c889586f451770e\",\"name\":\"Iv\u00e1n Ramos Mu\u00f1oz\",\"image\":{\"@type\":\"ImageObject\",\"inLanguage\":\"es\",\"@id\":\"https:\/\/www.fotografiassinpalabras.com\/blog\/#\/schema\/person\/image\/\",\"url\":\"https:\/\/www.fotografiassinpalabras.com\/blog\/wp-content\/uploads\/2017\/11\/3064514_1024px.jpg\",\"contentUrl\":\"https:\/\/www.fotografiassinpalabras.com\/blog\/wp-content\/uploads\/2017\/11\/3064514_1024px.jpg\",\"width\":1024,\"height\":1024,\"caption\":\"Iv\u00e1n Ramos Mu\u00f1oz\"},\"logo\":{\"@id\":\"https:\/\/www.fotografiassinpalabras.com\/blog\/#\/schema\/person\/image\/\"},\"sameAs\":[\"https:\/\/www.fotografiassinpalabras.com\/blog\",\"https:\/\/x.com\/ivanuski9\"]}]}<\/script>\n<!-- \/ Yoast SEO plugin. -->","yoast_head_json":{"title":"Delta del Ebro - Disfrute de la fotograf\u00eda sin palabras","description":"Fotograf\u00edas de Iv\u00e1n Ramos Mu\u00f1oz. Fotograf\u00edas realizadas en el Delta del Ebro. Un lugar importante para la fauna y las costumbre de cultivo del arroz.","robots":{"index":"index","follow":"follow","max-snippet":"max-snippet:-1","max-image-preview":"max-image-preview:large","max-video-preview":"max-video-preview:-1"},"canonical":"https:\/\/www.fotografiassinpalabras.com\/blog\/delta-del-ebro\/","og_locale":"es_ES","og_type":"article","og_title":"Delta del Ebro - Disfrute de la fotograf\u00eda sin palabras","og_description":"Fotograf\u00edas de Iv\u00e1n Ramos Mu\u00f1oz. Fotograf\u00edas realizadas en el Delta del Ebro. Un lugar importante para la fauna y las costumbre de cultivo del arroz.","og_url":"https:\/\/www.fotografiassinpalabras.com\/blog\/delta-del-ebro\/","og_site_name":"Disfrute de la fotograf\u00eda sin palabras","article_published_time":"2018-09-29T15:46:22+00:00","article_modified_time":"2018-11-19T17:49:08+00:00","og_image":[{"width":1024,"height":683,"url":"https:\/\/www.fotografiassinpalabras.com\/blog\/wp-content\/uploads\/2018\/09\/37637925320_ffaa2dd2be_o.jpg","type":"image\/jpeg"}],"author":"Iv\u00e1n Ramos Mu\u00f1oz","twitter_card":"summary_large_image","twitter_creator":"@ivanuski9","twitter_site":"@ivanuski9","twitter_misc":{"Escrito por":"Iv\u00e1n Ramos Mu\u00f1oz","Tiempo de lectura":"1 minuto"},"schema":{"@context":"https:\/\/schema.org","@graph":[{"@type":"Article","@id":"https:\/\/www.fotografiassinpalabras.com\/blog\/delta-del-ebro\/#article","isPartOf":{"@id":"https:\/\/www.fotografiassinpalabras.com\/blog\/delta-del-ebro\/"},"author":{"name":"Iv\u00e1n Ramos Mu\u00f1oz","@id":"https:\/\/www.fotografiassinpalabras.com\/blog\/#\/schema\/person\/570c06dfae5d1ac88c889586f451770e"},"headline":"Delta del Ebro","datePublished":"2018-09-29T15:46:22+00:00","dateModified":"2018-11-19T17:49:08+00:00","mainEntityOfPage":{"@id":"https:\/\/www.fotografiassinpalabras.com\/blog\/delta-del-ebro\/"},"wordCount":300,"commentCount":0,"publisher":{"@id":"https:\/\/www.fotografiassinpalabras.com\/blog\/#\/schema\/person\/570c06dfae5d1ac88c889586f451770e"},"image":{"@id":"https:\/\/www.fotografiassinpalabras.com\/blog\/delta-del-ebro\/#primaryimage"},"thumbnailUrl":"https:\/\/www.fotografiassinpalabras.com\/blog\/wp-content\/uploads\/2018\/09\/37637925320_ffaa2dd2be_o.jpg","keywords":["arroz","conservaci\u00f3n","Delta","E-M1","Ebro","fauna","flamencos","garza","Olympus"],"inLanguage":"es","potentialAction":[{"@type":"CommentAction","name":"Comment","target":["https:\/\/www.fotografiassinpalabras.com\/blog\/delta-del-ebro\/#respond"]}]},{"@type":"WebPage","@id":"https:\/\/www.fotografiassinpalabras.com\/blog\/delta-del-ebro\/","url":"https:\/\/www.fotografiassinpalabras.com\/blog\/delta-del-ebro\/","name":"Delta del Ebro - Disfrute de la fotograf\u00eda sin palabras","isPartOf":{"@id":"https:\/\/www.fotografiassinpalabras.com\/blog\/#website"},"primaryImageOfPage":{"@id":"https:\/\/www.fotografiassinpalabras.com\/blog\/delta-del-ebro\/#primaryimage"},"image":{"@id":"https:\/\/www.fotografiassinpalabras.com\/blog\/delta-del-ebro\/#primaryimage"},"thumbnailUrl":"https:\/\/www.fotografiassinpalabras.com\/blog\/wp-content\/uploads\/2018\/09\/37637925320_ffaa2dd2be_o.jpg","datePublished":"2018-09-29T15:46:22+00:00","dateModified":"2018-11-19T17:49:08+00:00","description":"Fotograf\u00edas de Iv\u00e1n Ramos Mu\u00f1oz. Fotograf\u00edas realizadas en el Delta del Ebro. Un lugar importante para la fauna y las costumbre de cultivo del arroz.","breadcrumb":{"@id":"https:\/\/www.fotografiassinpalabras.com\/blog\/delta-del-ebro\/#breadcrumb"},"inLanguage":"es","potentialAction":[{"@type":"ReadAction","target":["https:\/\/www.fotografiassinpalabras.com\/blog\/delta-del-ebro\/"]}]},{"@type":"ImageObject","inLanguage":"es","@id":"https:\/\/www.fotografiassinpalabras.com\/blog\/delta-del-ebro\/#primaryimage","url":"https:\/\/www.fotografiassinpalabras.com\/blog\/wp-content\/uploads\/2018\/09\/37637925320_ffaa2dd2be_o.jpg","contentUrl":"https:\/\/www.fotografiassinpalabras.com\/blog\/wp-content\/uploads\/2018\/09\/37637925320_ffaa2dd2be_o.jpg","width":1024,"height":683,"caption":"OLYMPUS DIGITAL CAMERA"},{"@type":"BreadcrumbList","@id":"https:\/\/www.fotografiassinpalabras.com\/blog\/delta-del-ebro\/#breadcrumb","itemListElement":[{"@type":"ListItem","position":1,"name":"Portada","item":"https:\/\/www.fotografiassinpalabras.com\/blog\/"},{"@type":"ListItem","position":2,"name":"Delta del Ebro"}]},{"@type":"WebSite","@id":"https:\/\/www.fotografiassinpalabras.com\/blog\/#website","url":"https:\/\/www.fotografiassinpalabras.com\/blog\/","name":"Disfrute de la fotograf\u00eda sin palabras","description":"Este blog pretende abrir una ventana a mis fotograf\u00edas. En \u00e9l ir\u00e9 colgando las fotograf\u00edas que voy haciendo sin ning\u00fan tipo de explicaci\u00f3n, simplemente im\u00e1genes que intentar\u00e1n mostrar una historia, un lugar o simplemente instant\u00e1neas sueltas del mundo que nos rodea. #fotografiassinpalabras","publisher":{"@id":"https:\/\/www.fotografiassinpalabras.com\/blog\/#\/schema\/person\/570c06dfae5d1ac88c889586f451770e"},"potentialAction":[{"@type":"SearchAction","target":{"@type":"EntryPoint","urlTemplate":"https:\/\/www.fotografiassinpalabras.com\/blog\/?s={search_term_string}"},"query-input":{"@type":"PropertyValueSpecification","valueRequired":true,"valueName":"search_term_string"}}],"inLanguage":"es"},{"@type":["Person","Organization"],"@id":"https:\/\/www.fotografiassinpalabras.com\/blog\/#\/schema\/person\/570c06dfae5d1ac88c889586f451770e","name":"Iv\u00e1n Ramos Mu\u00f1oz","image":{"@type":"ImageObject","inLanguage":"es","@id":"https:\/\/www.fotografiassinpalabras.com\/blog\/#\/schema\/person\/image\/","url":"https:\/\/www.fotografiassinpalabras.com\/blog\/wp-content\/uploads\/2017\/11\/3064514_1024px.jpg","contentUrl":"https:\/\/www.fotografiassinpalabras.com\/blog\/wp-content\/uploads\/2017\/11\/3064514_1024px.jpg","width":1024,"height":1024,"caption":"Iv\u00e1n Ramos Mu\u00f1oz"},"logo":{"@id":"https:\/\/www.fotografiassinpalabras.com\/blog\/#\/schema\/person\/image\/"},"sameAs":["https:\/\/www.fotografiassinpalabras.com\/blog","https:\/\/x.com\/ivanuski9"]}]}},"_links":{"self":[{"href":"https:\/\/www.fotografiassinpalabras.com\/blog\/wp-json\/wp\/v2\/posts\/458","targetHints":{"allow":["GET"]}}],"collection":[{"href":"https:\/\/www.fotografiassinpalabras.com\/blog\/wp-json\/wp\/v2\/posts"}],"about":[{"href":"https:\/\/www.fotografiassinpalabras.com\/blog\/wp-json\/wp\/v2\/types\/post"}],"author":[{"embeddable":true,"href":"https:\/\/www.fotografiassinpalabras.com\/blog\/wp-json\/wp\/v2\/users\/1"}],"replies":[{"embeddable":true,"href":"https:\/\/www.fotografiassinpalabras.com\/blog\/wp-json\/wp\/v2\/comments?post=458"}],"version-history":[{"count":7,"href":"https:\/\/www.fotografiassinpalabras.com\/blog\/wp-json\/wp\/v2\/posts\/458\/revisions"}],"predecessor-version":[{"id":755,"href":"https:\/\/www.fotografiassinpalabras.com\/blog\/wp-json\/wp\/v2\/posts\/458\/revisions\/755"}],"wp:featuredmedia":[{"embeddable":true,"href":"https:\/\/www.fotografiassinpalabras.com\/blog\/wp-json\/wp\/v2\/media\/459"}],"wp:attachment":[{"href":"https:\/\/www.fotografiassinpalabras.com\/blog\/wp-json\/wp\/v2\/media?parent=458"}],"wp:term":[{"taxonomy":"category","embeddable":true,"href":"https:\/\/www.fotografiassinpalabras.com\/blog\/wp-json\/wp\/v2\/categories?post=458"},{"taxonomy":"post_tag","embeddable":true,"href":"https:\/\/www.fotografiassinpalabras.com\/blog\/wp-json\/wp\/v2\/tags?post=458"}],"curies":[{"name":"wp","href":"https:\/\/api.w.org\/{rel}","templated":true}]}}