{"id":473,"date":"2018-10-14T14:49:48","date_gmt":"2018-10-14T13:49:48","guid":{"rendered":"https:\/\/www.fotografiassinpalabras.com\/blog\/?p=473"},"modified":"2018-11-19T18:49:53","modified_gmt":"2018-11-19T17:49:53","slug":"playa-de-portizuelo","status":"publish","type":"post","link":"https:\/\/www.fotografiassinpalabras.com\/blog\/playa-de-portizuelo\/","title":{"rendered":"Playa de Portizuelo"},"content":{"rendered":"<p>La entrada que os presento hoy pertenece a una serie de varias entradas sobre fotograf\u00eda de costa. La playa de Portizuelo la visit\u00e9 en el curso de Rafa Irusta de fotograf\u00eda de costa en Asturias. Estuvimos todo el fin de semana con este fot\u00f3grafo profesional del paisajismo visitando varias playas y aprendiendo de como trabaja. Pod\u00e9is ver un resumen del curso en su <a href=\"https:\/\/rafairusta.com\/asi-fue-taller-costa-asturias-octubre-2018\/\" target=\"_blank\">blog<\/a>.<\/p>\n<p>Es un tipo de fotograf\u00eda que siempre me ha interesado. Tengo unos filtros degradados desde hace unos a\u00f1os pero no los he utilizado mucho. En el curso pude practicar un poco m\u00e1s con ellos y aprender a manejarlos algo mejor. Seguramente podr\u00e9is ver la evoluci\u00f3n en las fotograf\u00edas que vaya colgando.<\/p>\n<p>Compartir un fin de semana con gente que practica esta misma afici\u00f3n siempre es gratificante. Surgen conversaciones sobre el material que utilizamos, como lo utiliza cada uno y los peque\u00f1os trucos que aplica cada cu\u00e1l. Siempre hay que estar dispuesto a aprender de todo el mundo. Espero que os guste y agradecer\u00eda vuestra cr\u00edtica constructiva.<\/p>\n<p><!--more--><\/p>\n<p><div style=\"width: 510px\" class=\"wp-caption aligncenter\"><a title=\"Playa de Portizuelo\" href=\"\/blog\/wp-content\/uploads\/2018\/10\/30369781567_1804f46b9d.jpg\" target=\"_blank\" rel=\"noopener\"><img loading=\"lazy\" decoding=\"async\" title=\"Playa de Portizuelo\" src=\"\/blog\/wp-content\/uploads\/2018\/10\/30369781567_1804f46b9d.jpg\" alt=\"Playa de Portizuelo\" width=\"500\" height=\"375\" \/><\/a><p class=\"wp-caption-text\"><a href=\"\/blog\/wp-content\/uploads\/2018\/10\/30369781567_1804f46b9d.jpg\" target=\"_blank\" rel=\"noopener\">Playa de Portizuelo<\/a><\/p><\/div><br \/>\n<div style=\"width: 510px\" class=\"wp-caption aligncenter\"><a title=\"Playa de Portizuelo\" href=\"\/blog\/wp-content\/uploads\/2018\/10\/31434996818_ea54e65a05.jpg\" target=\"_blank\" rel=\"noopener\"><img loading=\"lazy\" decoding=\"async\" title=\"Playa de Portizuelo\" src=\"\/blog\/wp-content\/uploads\/2018\/10\/31434996818_ea54e65a05.jpg\" alt=\"Playa de Portizuelo\" width=\"500\" height=\"375\" \/><\/a><p class=\"wp-caption-text\"><a href=\"\/blog\/wp-content\/uploads\/2018\/10\/31434996818_ea54e65a05.jpg\" target=\"_blank\" rel=\"noopener\">Playa de Portizuelo<\/a><\/p><\/div><br \/>\n<div style=\"width: 510px\" class=\"wp-caption aligncenter\"><a title=\"Playa de Portizuelo\" href=\"\/blog\/wp-content\/uploads\/2018\/10\/44586531034_27f3d72c5d.jpg\" target=\"_blank\" rel=\"noopener\"><img loading=\"lazy\" decoding=\"async\" title=\"Playa de Portizuelo\" src=\"\/blog\/wp-content\/uploads\/2018\/10\/44586531034_27f3d72c5d.jpg\" alt=\"Playa de Portizuelo\" width=\"500\" height=\"375\" \/><\/a><p class=\"wp-caption-text\"><a href=\"\/blog\/wp-content\/uploads\/2018\/10\/44586531034_27f3d72c5d.jpg\" target=\"_blank\" rel=\"noopener\">Playa de Portizuelo<\/a><\/p><\/div><br \/>\n<div style=\"width: 510px\" class=\"wp-caption aligncenter\"><a title=\"La mascara\" href=\"\/blog\/wp-content\/uploads\/2018\/10\/30369708607_14507525c3.jpg\" target=\"_blank\" rel=\"noopener\"><img loading=\"lazy\" decoding=\"async\" title=\"La mascara\" src=\"\/blog\/wp-content\/uploads\/2018\/10\/30369708607_14507525c3.jpg\" alt=\"La mascara\" width=\"500\" height=\"375\" \/><\/a><p class=\"wp-caption-text\"><a href=\"\/blog\/wp-content\/uploads\/2018\/10\/30369708607_14507525c3.jpg\" target=\"_blank\" rel=\"noopener\">La mascara<\/a><\/p><\/div><\/p>\n","protected":false},"excerpt":{"rendered":"<p>La entrada que os presento hoy pertenece a una serie de varias entradas sobre fotograf\u00eda de costa. La playa de Portizuelo la visit\u00e9 en el curso de Rafa Irusta de fotograf\u00eda de costa en Asturias. Estuvimos todo el fin de semana con este fot\u00f3grafo profesional del paisajismo visitando varias playas y aprendiendo de como trabaja. [&hellip;]<\/p>\n","protected":false},"author":1,"featured_media":477,"comment_status":"open","ping_status":"open","sticky":false,"template":"","format":"standard","meta":{"_exactmetrics_skip_tracking":false,"_exactmetrics_sitenote_active":false,"_exactmetrics_sitenote_note":"","_exactmetrics_sitenote_category":0,"footnotes":""},"categories":[1],"tags":[546,436,544,265,547,249,548,256,377,545],"class_list":["post-473","post","type-post","status-publish","format-standard","has-post-thumbnail","hentry","category-sin-categoria","tag-amanecer","tag-asturias","tag-costa","tag-e-m1","tag-filtros","tag-fotografia","tag-nd","tag-olympus","tag-playa","tag-portizuelo"],"yoast_head":"<!-- This site is optimized with the Yoast SEO plugin v25.9 - https:\/\/yoast.com\/wordpress\/plugins\/seo\/ -->\n<title>Playa de Portizuelo - Disfrute de la fotograf\u00eda sin palabras<\/title>\n<meta name=\"description\" content=\"Fotograf\u00edas de Iv\u00e1n Ramos Mu\u00f1oz. Fotograf\u00edas realizadas en el taller de costa con Rafa Irusta. Utilizaci\u00f3n de filtros ND, filtros degradados.\" \/>\n<meta name=\"robots\" content=\"index, follow, max-snippet:-1, max-image-preview:large, max-video-preview:-1\" \/>\n<link rel=\"canonical\" href=\"https:\/\/www.fotografiassinpalabras.com\/blog\/playa-de-portizuelo\/\" \/>\n<meta property=\"og:locale\" content=\"es_ES\" \/>\n<meta property=\"og:type\" content=\"article\" \/>\n<meta property=\"og:title\" content=\"Playa de Portizuelo - Disfrute de la fotograf\u00eda sin palabras\" \/>\n<meta property=\"og:description\" content=\"Fotograf\u00edas de Iv\u00e1n Ramos Mu\u00f1oz. Fotograf\u00edas realizadas en el taller de costa con Rafa Irusta. Utilizaci\u00f3n de filtros ND, filtros degradados.\" \/>\n<meta property=\"og:url\" content=\"https:\/\/www.fotografiassinpalabras.com\/blog\/playa-de-portizuelo\/\" \/>\n<meta property=\"og:site_name\" content=\"Disfrute de la fotograf\u00eda sin palabras\" \/>\n<meta property=\"article:published_time\" content=\"2018-10-14T13:49:48+00:00\" \/>\n<meta property=\"article:modified_time\" content=\"2018-11-19T17:49:53+00:00\" \/>\n<meta property=\"og:image\" content=\"https:\/\/www.fotografiassinpalabras.com\/blog\/wp-content\/uploads\/2018\/10\/30369781567_1804f46b9d.jpg\" \/>\n\t<meta property=\"og:image:width\" content=\"1024\" \/>\n\t<meta property=\"og:image:height\" content=\"768\" \/>\n\t<meta property=\"og:image:type\" content=\"image\/jpeg\" \/>\n<meta name=\"author\" content=\"Iv\u00e1n Ramos Mu\u00f1oz\" \/>\n<meta name=\"twitter:card\" content=\"summary_large_image\" \/>\n<meta name=\"twitter:creator\" content=\"@ivanuski9\" \/>\n<meta name=\"twitter:site\" content=\"@ivanuski9\" \/>\n<meta name=\"twitter:label1\" content=\"Escrito por\" \/>\n\t<meta name=\"twitter:data1\" content=\"Iv\u00e1n Ramos Mu\u00f1oz\" \/>\n\t<meta name=\"twitter:label2\" content=\"Tiempo de lectura\" \/>\n\t<meta name=\"twitter:data2\" content=\"1 minuto\" \/>\n<script type=\"application\/ld+json\" class=\"yoast-schema-graph\">{\"@context\":\"https:\/\/schema.org\",\"@graph\":[{\"@type\":\"Article\",\"@id\":\"https:\/\/www.fotografiassinpalabras.com\/blog\/playa-de-portizuelo\/#article\",\"isPartOf\":{\"@id\":\"https:\/\/www.fotografiassinpalabras.com\/blog\/playa-de-portizuelo\/\"},\"author\":{\"name\":\"Iv\u00e1n Ramos Mu\u00f1oz\",\"@id\":\"https:\/\/www.fotografiassinpalabras.com\/blog\/#\/schema\/person\/570c06dfae5d1ac88c889586f451770e\"},\"headline\":\"Playa de Portizuelo\",\"datePublished\":\"2018-10-14T13:49:48+00:00\",\"dateModified\":\"2018-11-19T17:49:53+00:00\",\"mainEntityOfPage\":{\"@id\":\"https:\/\/www.fotografiassinpalabras.com\/blog\/playa-de-portizuelo\/\"},\"wordCount\":223,\"commentCount\":0,\"publisher\":{\"@id\":\"https:\/\/www.fotografiassinpalabras.com\/blog\/#\/schema\/person\/570c06dfae5d1ac88c889586f451770e\"},\"image\":{\"@id\":\"https:\/\/www.fotografiassinpalabras.com\/blog\/playa-de-portizuelo\/#primaryimage\"},\"thumbnailUrl\":\"https:\/\/www.fotografiassinpalabras.com\/blog\/wp-content\/uploads\/2018\/10\/30369781567_1804f46b9d.jpg\",\"keywords\":[\"amanecer\",\"asturias\",\"costa\",\"E-M1\",\"filtros\",\"fotografia\",\"ND\",\"Olympus\",\"playa\",\"Portizuelo\"],\"inLanguage\":\"es\",\"potentialAction\":[{\"@type\":\"CommentAction\",\"name\":\"Comment\",\"target\":[\"https:\/\/www.fotografiassinpalabras.com\/blog\/playa-de-portizuelo\/#respond\"]}]},{\"@type\":\"WebPage\",\"@id\":\"https:\/\/www.fotografiassinpalabras.com\/blog\/playa-de-portizuelo\/\",\"url\":\"https:\/\/www.fotografiassinpalabras.com\/blog\/playa-de-portizuelo\/\",\"name\":\"Playa de Portizuelo - Disfrute de la fotograf\u00eda sin palabras\",\"isPartOf\":{\"@id\":\"https:\/\/www.fotografiassinpalabras.com\/blog\/#website\"},\"primaryImageOfPage\":{\"@id\":\"https:\/\/www.fotografiassinpalabras.com\/blog\/playa-de-portizuelo\/#primaryimage\"},\"image\":{\"@id\":\"https:\/\/www.fotografiassinpalabras.com\/blog\/playa-de-portizuelo\/#primaryimage\"},\"thumbnailUrl\":\"https:\/\/www.fotografiassinpalabras.com\/blog\/wp-content\/uploads\/2018\/10\/30369781567_1804f46b9d.jpg\",\"datePublished\":\"2018-10-14T13:49:48+00:00\",\"dateModified\":\"2018-11-19T17:49:53+00:00\",\"description\":\"Fotograf\u00edas de Iv\u00e1n Ramos Mu\u00f1oz. Fotograf\u00edas realizadas en el taller de costa con Rafa Irusta. Utilizaci\u00f3n de filtros ND, filtros degradados.\",\"breadcrumb\":{\"@id\":\"https:\/\/www.fotografiassinpalabras.com\/blog\/playa-de-portizuelo\/#breadcrumb\"},\"inLanguage\":\"es\",\"potentialAction\":[{\"@type\":\"ReadAction\",\"target\":[\"https:\/\/www.fotografiassinpalabras.com\/blog\/playa-de-portizuelo\/\"]}]},{\"@type\":\"ImageObject\",\"inLanguage\":\"es\",\"@id\":\"https:\/\/www.fotografiassinpalabras.com\/blog\/playa-de-portizuelo\/#primaryimage\",\"url\":\"https:\/\/www.fotografiassinpalabras.com\/blog\/wp-content\/uploads\/2018\/10\/30369781567_1804f46b9d.jpg\",\"contentUrl\":\"https:\/\/www.fotografiassinpalabras.com\/blog\/wp-content\/uploads\/2018\/10\/30369781567_1804f46b9d.jpg\",\"width\":1024,\"height\":768},{\"@type\":\"BreadcrumbList\",\"@id\":\"https:\/\/www.fotografiassinpalabras.com\/blog\/playa-de-portizuelo\/#breadcrumb\",\"itemListElement\":[{\"@type\":\"ListItem\",\"position\":1,\"name\":\"Portada\",\"item\":\"https:\/\/www.fotografiassinpalabras.com\/blog\/\"},{\"@type\":\"ListItem\",\"position\":2,\"name\":\"Playa de Portizuelo\"}]},{\"@type\":\"WebSite\",\"@id\":\"https:\/\/www.fotografiassinpalabras.com\/blog\/#website\",\"url\":\"https:\/\/www.fotografiassinpalabras.com\/blog\/\",\"name\":\"Disfrute de la fotograf\u00eda sin palabras\",\"description\":\"Este blog pretende abrir una ventana a mis fotograf\u00edas. En \u00e9l ir\u00e9 colgando las fotograf\u00edas que voy haciendo sin ning\u00fan tipo de explicaci\u00f3n, simplemente im\u00e1genes que intentar\u00e1n mostrar una historia, un lugar o simplemente instant\u00e1neas sueltas del mundo que nos rodea. #fotografiassinpalabras\",\"publisher\":{\"@id\":\"https:\/\/www.fotografiassinpalabras.com\/blog\/#\/schema\/person\/570c06dfae5d1ac88c889586f451770e\"},\"potentialAction\":[{\"@type\":\"SearchAction\",\"target\":{\"@type\":\"EntryPoint\",\"urlTemplate\":\"https:\/\/www.fotografiassinpalabras.com\/blog\/?s={search_term_string}\"},\"query-input\":{\"@type\":\"PropertyValueSpecification\",\"valueRequired\":true,\"valueName\":\"search_term_string\"}}],\"inLanguage\":\"es\"},{\"@type\":[\"Person\",\"Organization\"],\"@id\":\"https:\/\/www.fotografiassinpalabras.com\/blog\/#\/schema\/person\/570c06dfae5d1ac88c889586f451770e\",\"name\":\"Iv\u00e1n Ramos Mu\u00f1oz\",\"image\":{\"@type\":\"ImageObject\",\"inLanguage\":\"es\",\"@id\":\"https:\/\/www.fotografiassinpalabras.com\/blog\/#\/schema\/person\/image\/\",\"url\":\"https:\/\/www.fotografiassinpalabras.com\/blog\/wp-content\/uploads\/2017\/11\/3064514_1024px.jpg\",\"contentUrl\":\"https:\/\/www.fotografiassinpalabras.com\/blog\/wp-content\/uploads\/2017\/11\/3064514_1024px.jpg\",\"width\":1024,\"height\":1024,\"caption\":\"Iv\u00e1n Ramos Mu\u00f1oz\"},\"logo\":{\"@id\":\"https:\/\/www.fotografiassinpalabras.com\/blog\/#\/schema\/person\/image\/\"},\"sameAs\":[\"https:\/\/www.fotografiassinpalabras.com\/blog\",\"https:\/\/x.com\/ivanuski9\"]}]}<\/script>\n<!-- \/ Yoast SEO plugin. -->","yoast_head_json":{"title":"Playa de Portizuelo - Disfrute de la fotograf\u00eda sin palabras","description":"Fotograf\u00edas de Iv\u00e1n Ramos Mu\u00f1oz. Fotograf\u00edas realizadas en el taller de costa con Rafa Irusta. Utilizaci\u00f3n de filtros ND, filtros degradados.","robots":{"index":"index","follow":"follow","max-snippet":"max-snippet:-1","max-image-preview":"max-image-preview:large","max-video-preview":"max-video-preview:-1"},"canonical":"https:\/\/www.fotografiassinpalabras.com\/blog\/playa-de-portizuelo\/","og_locale":"es_ES","og_type":"article","og_title":"Playa de Portizuelo - Disfrute de la fotograf\u00eda sin palabras","og_description":"Fotograf\u00edas de Iv\u00e1n Ramos Mu\u00f1oz. Fotograf\u00edas realizadas en el taller de costa con Rafa Irusta. Utilizaci\u00f3n de filtros ND, filtros degradados.","og_url":"https:\/\/www.fotografiassinpalabras.com\/blog\/playa-de-portizuelo\/","og_site_name":"Disfrute de la fotograf\u00eda sin palabras","article_published_time":"2018-10-14T13:49:48+00:00","article_modified_time":"2018-11-19T17:49:53+00:00","og_image":[{"width":1024,"height":768,"url":"https:\/\/www.fotografiassinpalabras.com\/blog\/wp-content\/uploads\/2018\/10\/30369781567_1804f46b9d.jpg","type":"image\/jpeg"}],"author":"Iv\u00e1n Ramos Mu\u00f1oz","twitter_card":"summary_large_image","twitter_creator":"@ivanuski9","twitter_site":"@ivanuski9","twitter_misc":{"Escrito por":"Iv\u00e1n Ramos Mu\u00f1oz","Tiempo de lectura":"1 minuto"},"schema":{"@context":"https:\/\/schema.org","@graph":[{"@type":"Article","@id":"https:\/\/www.fotografiassinpalabras.com\/blog\/playa-de-portizuelo\/#article","isPartOf":{"@id":"https:\/\/www.fotografiassinpalabras.com\/blog\/playa-de-portizuelo\/"},"author":{"name":"Iv\u00e1n Ramos Mu\u00f1oz","@id":"https:\/\/www.fotografiassinpalabras.com\/blog\/#\/schema\/person\/570c06dfae5d1ac88c889586f451770e"},"headline":"Playa de Portizuelo","datePublished":"2018-10-14T13:49:48+00:00","dateModified":"2018-11-19T17:49:53+00:00","mainEntityOfPage":{"@id":"https:\/\/www.fotografiassinpalabras.com\/blog\/playa-de-portizuelo\/"},"wordCount":223,"commentCount":0,"publisher":{"@id":"https:\/\/www.fotografiassinpalabras.com\/blog\/#\/schema\/person\/570c06dfae5d1ac88c889586f451770e"},"image":{"@id":"https:\/\/www.fotografiassinpalabras.com\/blog\/playa-de-portizuelo\/#primaryimage"},"thumbnailUrl":"https:\/\/www.fotografiassinpalabras.com\/blog\/wp-content\/uploads\/2018\/10\/30369781567_1804f46b9d.jpg","keywords":["amanecer","asturias","costa","E-M1","filtros","fotografia","ND","Olympus","playa","Portizuelo"],"inLanguage":"es","potentialAction":[{"@type":"CommentAction","name":"Comment","target":["https:\/\/www.fotografiassinpalabras.com\/blog\/playa-de-portizuelo\/#respond"]}]},{"@type":"WebPage","@id":"https:\/\/www.fotografiassinpalabras.com\/blog\/playa-de-portizuelo\/","url":"https:\/\/www.fotografiassinpalabras.com\/blog\/playa-de-portizuelo\/","name":"Playa de Portizuelo - Disfrute de la fotograf\u00eda sin palabras","isPartOf":{"@id":"https:\/\/www.fotografiassinpalabras.com\/blog\/#website"},"primaryImageOfPage":{"@id":"https:\/\/www.fotografiassinpalabras.com\/blog\/playa-de-portizuelo\/#primaryimage"},"image":{"@id":"https:\/\/www.fotografiassinpalabras.com\/blog\/playa-de-portizuelo\/#primaryimage"},"thumbnailUrl":"https:\/\/www.fotografiassinpalabras.com\/blog\/wp-content\/uploads\/2018\/10\/30369781567_1804f46b9d.jpg","datePublished":"2018-10-14T13:49:48+00:00","dateModified":"2018-11-19T17:49:53+00:00","description":"Fotograf\u00edas de Iv\u00e1n Ramos Mu\u00f1oz. Fotograf\u00edas realizadas en el taller de costa con Rafa Irusta. Utilizaci\u00f3n de filtros ND, filtros degradados.","breadcrumb":{"@id":"https:\/\/www.fotografiassinpalabras.com\/blog\/playa-de-portizuelo\/#breadcrumb"},"inLanguage":"es","potentialAction":[{"@type":"ReadAction","target":["https:\/\/www.fotografiassinpalabras.com\/blog\/playa-de-portizuelo\/"]}]},{"@type":"ImageObject","inLanguage":"es","@id":"https:\/\/www.fotografiassinpalabras.com\/blog\/playa-de-portizuelo\/#primaryimage","url":"https:\/\/www.fotografiassinpalabras.com\/blog\/wp-content\/uploads\/2018\/10\/30369781567_1804f46b9d.jpg","contentUrl":"https:\/\/www.fotografiassinpalabras.com\/blog\/wp-content\/uploads\/2018\/10\/30369781567_1804f46b9d.jpg","width":1024,"height":768},{"@type":"BreadcrumbList","@id":"https:\/\/www.fotografiassinpalabras.com\/blog\/playa-de-portizuelo\/#breadcrumb","itemListElement":[{"@type":"ListItem","position":1,"name":"Portada","item":"https:\/\/www.fotografiassinpalabras.com\/blog\/"},{"@type":"ListItem","position":2,"name":"Playa de Portizuelo"}]},{"@type":"WebSite","@id":"https:\/\/www.fotografiassinpalabras.com\/blog\/#website","url":"https:\/\/www.fotografiassinpalabras.com\/blog\/","name":"Disfrute de la fotograf\u00eda sin palabras","description":"Este blog pretende abrir una ventana a mis fotograf\u00edas. En \u00e9l ir\u00e9 colgando las fotograf\u00edas que voy haciendo sin ning\u00fan tipo de explicaci\u00f3n, simplemente im\u00e1genes que intentar\u00e1n mostrar una historia, un lugar o simplemente instant\u00e1neas sueltas del mundo que nos rodea. #fotografiassinpalabras","publisher":{"@id":"https:\/\/www.fotografiassinpalabras.com\/blog\/#\/schema\/person\/570c06dfae5d1ac88c889586f451770e"},"potentialAction":[{"@type":"SearchAction","target":{"@type":"EntryPoint","urlTemplate":"https:\/\/www.fotografiassinpalabras.com\/blog\/?s={search_term_string}"},"query-input":{"@type":"PropertyValueSpecification","valueRequired":true,"valueName":"search_term_string"}}],"inLanguage":"es"},{"@type":["Person","Organization"],"@id":"https:\/\/www.fotografiassinpalabras.com\/blog\/#\/schema\/person\/570c06dfae5d1ac88c889586f451770e","name":"Iv\u00e1n Ramos Mu\u00f1oz","image":{"@type":"ImageObject","inLanguage":"es","@id":"https:\/\/www.fotografiassinpalabras.com\/blog\/#\/schema\/person\/image\/","url":"https:\/\/www.fotografiassinpalabras.com\/blog\/wp-content\/uploads\/2017\/11\/3064514_1024px.jpg","contentUrl":"https:\/\/www.fotografiassinpalabras.com\/blog\/wp-content\/uploads\/2017\/11\/3064514_1024px.jpg","width":1024,"height":1024,"caption":"Iv\u00e1n Ramos Mu\u00f1oz"},"logo":{"@id":"https:\/\/www.fotografiassinpalabras.com\/blog\/#\/schema\/person\/image\/"},"sameAs":["https:\/\/www.fotografiassinpalabras.com\/blog","https:\/\/x.com\/ivanuski9"]}]}},"_links":{"self":[{"href":"https:\/\/www.fotografiassinpalabras.com\/blog\/wp-json\/wp\/v2\/posts\/473","targetHints":{"allow":["GET"]}}],"collection":[{"href":"https:\/\/www.fotografiassinpalabras.com\/blog\/wp-json\/wp\/v2\/posts"}],"about":[{"href":"https:\/\/www.fotografiassinpalabras.com\/blog\/wp-json\/wp\/v2\/types\/post"}],"author":[{"embeddable":true,"href":"https:\/\/www.fotografiassinpalabras.com\/blog\/wp-json\/wp\/v2\/users\/1"}],"replies":[{"embeddable":true,"href":"https:\/\/www.fotografiassinpalabras.com\/blog\/wp-json\/wp\/v2\/comments?post=473"}],"version-history":[{"count":9,"href":"https:\/\/www.fotografiassinpalabras.com\/blog\/wp-json\/wp\/v2\/posts\/473\/revisions"}],"predecessor-version":[{"id":756,"href":"https:\/\/www.fotografiassinpalabras.com\/blog\/wp-json\/wp\/v2\/posts\/473\/revisions\/756"}],"wp:featuredmedia":[{"embeddable":true,"href":"https:\/\/www.fotografiassinpalabras.com\/blog\/wp-json\/wp\/v2\/media\/477"}],"wp:attachment":[{"href":"https:\/\/www.fotografiassinpalabras.com\/blog\/wp-json\/wp\/v2\/media?parent=473"}],"wp:term":[{"taxonomy":"category","embeddable":true,"href":"https:\/\/www.fotografiassinpalabras.com\/blog\/wp-json\/wp\/v2\/categories?post=473"},{"taxonomy":"post_tag","embeddable":true,"href":"https:\/\/www.fotografiassinpalabras.com\/blog\/wp-json\/wp\/v2\/tags?post=473"}],"curies":[{"name":"wp","href":"https:\/\/api.w.org\/{rel}","templated":true}]}}