{"id":482,"date":"2018-10-21T09:51:47","date_gmt":"2018-10-21T08:51:47","guid":{"rendered":"https:\/\/www.fotografiassinpalabras.com\/blog\/?p=482"},"modified":"2018-11-19T20:29:26","modified_gmt":"2018-11-19T19:29:26","slug":"pendones-leoneses","status":"publish","type":"post","link":"https:\/\/www.fotografiassinpalabras.com\/blog\/pendones-leoneses\/","title":{"rendered":"Pendones leoneses"},"content":{"rendered":"<p>Los pendones son banderas utilizadas como distintivo desde la Edad Media. Su forma m\u00e1s habitual es corneta (cuadrada y farpada) o redondeada. Su origen es militar. En la Edad Media la organizaci\u00f3n de los ej\u00e9rcitos no inclu\u00eda tan si quiera uniforme y el pend\u00f3n permit\u00eda identificar a las mesnadas en la lucha. Inicialmente era una bandera militar sobre una lanza pero con el tiempo fue ganando altura para mejorar la visibilidad. Desde el siglo XVII comenzaron a ser in\u00fatiles para las batallas y se utilizar\u00edan como un distintivo en ceremonias y representaciones del poder local. Su uso tambi\u00e9n se integr\u00f3 en representaciones religiosas, romer\u00edas y fiestas locales.<\/p>\n<p>Este distintivo local en el que cada municipio tiene su representaci\u00f3n con diferentes listas de colores muy llamativas se est\u00e1 recuperando como parte de muchas fiestas locales. Ahora se pueden ver en las justas de Hospital de \u00d3rbigo, en la procesi\u00f3n de nuestra se\u00f1ora de las Angustias en Molinaseca, en las fiestas de San Froil\u00e1n en Le\u00f3n, en la romer\u00eda de los Viriatos en Sayago y otras muchas localidades. Aunque parece ser una tradici\u00f3n que viene de la Edad Media y que se encontraba generalizada, parece ser que se ha mantenido m\u00e1s arraigada en las tierras que pertenec\u00edan al Reino de Le\u00f3n. Incluso existe una <a href=\"http:\/\/pendonesdelreinodeleon.org\" target=\"_blank\">asociaci\u00f3n<\/a> al respecto.<\/p>\n<p>Yo los he podido ver muchas veces dado que tengo raices leonesas. Recuerdo que la primera vez fue en Bembibre en las fiestas del Cristo. Aqu\u00ed era muy joven y las fotos que conservo son en diapositiva. La procesi\u00f3n con el Santo se produce s\u00f3lo cada 7 a\u00f1os y se le acompa\u00f1a con los pendones de muchas de las localidades cercanas. Otra de las veces que he podido ver a los pendones en la calle fue en las justas de Hospital de \u00d3rbigo. En este caso se organiza una simulaci\u00f3n de las justas medievales y, como si nos traslad\u00e1ramos a aquella \u00e9poca, los pendones cruzan el puente izados si el viento lo permite. El \u00faltimo sitio del que podr\u00e9is ver fotos es Molinaseca en la procesi\u00f3n de nuestra se\u00f1ora de las Angustias. El cableado el\u00e9ctrico de muchas calles hace complicado el paso de los pendones y obliga a los pendoneros a hacer la maniobra de bajar y subir el pend\u00f3n en alguno de los tramos. Llevar un m\u00e1stil tan alto no tiene que ser nada f\u00e1cil. Espero que os gusten las fotograf\u00edas que os traigo hoy de la tradici\u00f3n de los pendones en Le\u00f3n.<\/p>\n<p><!--more--><\/p>\n<p><div style=\"width: 510px\" class=\"wp-caption aligncenter\"><a title=\"Levantando el pend\u00f3n\" href=\"\/blog\/wp-content\/uploads\/2018\/10\/30369816967_9fcfe37a87.jpg\" target=\"_blank\" rel=\"noopener\"><img loading=\"lazy\" decoding=\"async\" title=\"Levantando el pend\u00f3n\" src=\"\/blog\/wp-content\/uploads\/2018\/10\/30369816967_9fcfe37a87.jpg\" alt=\"Levantando el pend\u00f3n\" width=\"500\" height=\"375\" \/><\/a><p class=\"wp-caption-text\"><a href=\"\/blog\/wp-content\/uploads\/2018\/10\/30369816967_9fcfe37a87.jpg\" target=\"_blank\" rel=\"noopener\">Levantando el pend\u00f3n<\/a><\/p><\/div><br \/>\n<div style=\"width: 510px\" class=\"wp-caption aligncenter\"><a title=\"Asegurando el apoyo del pend\u00f3n\" href=\"\/blog\/wp-content\/uploads\/2018\/10\/30369802407_09550ca6d1.jpg\" target=\"_blank\" rel=\"noopener\"><img loading=\"lazy\" decoding=\"async\" title=\"Asegurando el apoyo del pend\u00f3n\" src=\"\/blog\/wp-content\/uploads\/2018\/10\/30369802407_09550ca6d1.jpg\" alt=\"Asegurando el apoyo del pend\u00f3n\" width=\"500\" height=\"375\" \/><\/a><p class=\"wp-caption-text\"><a href=\"\/blog\/wp-content\/uploads\/2018\/10\/30369802407_09550ca6d1.jpg\" target=\"_blank\" rel=\"noopener\">Asegurando el apoyo del pend\u00f3n<\/a><\/p><\/div><br \/>\n<div style=\"width: 510px\" class=\"wp-caption aligncenter\"><a title=\"Las justas de Hospital de Orbigo\" href=\"\/blog\/wp-content\/uploads\/2018\/10\/15931514429_c3d8627226.jpg\" target=\"_blank\" rel=\"noopener\"><img loading=\"lazy\" decoding=\"async\" title=\"Las justas de Hospital de Orbigo\" src=\"\/blog\/wp-content\/uploads\/2018\/10\/15931514429_c3d8627226.jpg\" alt=\"Las justas de Hospital de Orbigo\" width=\"500\" height=\"375\" \/><\/a><p class=\"wp-caption-text\"><a href=\"\/blog\/wp-content\/uploads\/2018\/10\/15931514429_c3d8627226.jpg\" target=\"_blank\" rel=\"noopener\">Las justas de Hospital de Orbigo<\/a><\/p><\/div><br \/>\n<div style=\"width: 510px\" class=\"wp-caption aligncenter\"><a title=\"Levantando el pend\u00f3n\" href=\"\/blog\/wp-content\/uploads\/2018\/10\/30372984057_0c866b84ae.jpg\" target=\"_blank\" rel=\"noopener\"><img loading=\"lazy\" decoding=\"async\" title=\"Levantando el pend\u00f3n\" src=\"\/blog\/wp-content\/uploads\/2018\/10\/30372984057_0c866b84ae.jpg\" alt=\"Levantando el pend\u00f3n\" width=\"500\" height=\"375\" \/><\/a><p class=\"wp-caption-text\"><a href=\"\/blog\/wp-content\/uploads\/2018\/10\/30372984057_0c866b84ae.jpg\" target=\"_blank\" rel=\"noopener\">Levantando el pend\u00f3n<\/a><\/p><\/div><br \/>\n<div style=\"width: 510px\" class=\"wp-caption aligncenter\"><a title=\"Preparando para levantar el pend\u00f3n\" href=\"\/blog\/wp-content\/uploads\/2018\/10\/45311923861_10cca66b61.jpg\" target=\"_blank\" rel=\"noopener\"><img loading=\"lazy\" decoding=\"async\" title=\"Preparando para levantar el pend\u00f3n\" src=\"\/blog\/wp-content\/uploads\/2018\/10\/45311923861_10cca66b61.jpg\" alt=\"Preparando para levantar el pend\u00f3n\" width=\"500\" height=\"375\" \/><\/a><p class=\"wp-caption-text\"><a href=\"\/blog\/wp-content\/uploads\/2018\/10\/45311923861_10cca66b61.jpg\" target=\"_blank\" rel=\"noopener\">Preparando para levantar el pend\u00f3n<\/a><\/p><\/div><br \/>\n<div style=\"width: 510px\" class=\"wp-caption aligncenter\"><a title=\"Al cielo con \u00e9l\" href=\"\/blog\/wp-content\/uploads\/2018\/10\/30369842927_5154034a37.jpg\" target=\"_blank\" rel=\"noopener\"><img loading=\"lazy\" decoding=\"async\" title=\"Al cielo con \u00e9l\" src=\"\/blog\/wp-content\/uploads\/2018\/10\/30369842927_5154034a37.jpg\" alt=\"Al cielo con \u00e9l\" width=\"500\" height=\"375\" \/><\/a><p class=\"wp-caption-text\"><a href=\"\/blog\/wp-content\/uploads\/2018\/10\/30369842927_5154034a37.jpg\" target=\"_blank\" rel=\"noopener\">Al cielo con \u00e9l<\/a><\/p><\/div><\/p>\n","protected":false},"excerpt":{"rendered":"<p>Los pendones son banderas utilizadas como distintivo desde la Edad Media. Su forma m\u00e1s habitual es corneta (cuadrada y farpada) o redondeada. Su origen es militar. En la Edad Media la organizaci\u00f3n de los ej\u00e9rcitos no inclu\u00eda tan si quiera uniforme y el pend\u00f3n permit\u00eda identificar a las mesnadas en la lucha. Inicialmente era una [&hellip;]<\/p>\n","protected":false},"author":1,"featured_media":703,"comment_status":"open","ping_status":"open","sticky":false,"template":"","format":"standard","meta":{"_exactmetrics_skip_tracking":false,"_exactmetrics_sitenote_active":false,"_exactmetrics_sitenote_note":"","_exactmetrics_sitenote_category":0,"footnotes":""},"categories":[1],"tags":[551,265,428,249,431,256,271,549,550,552,553],"class_list":["post-482","post","type-post","status-publish","format-standard","has-post-thumbnail","hentry","category-sin-categoria","tag-bandera","tag-e-m1","tag-fiestas","tag-fotografia","tag-leon","tag-olympus","tag-om-d","tag-pendon","tag-pendones","tag-procesion","tag-reino"],"yoast_head":"<!-- This site is optimized with the Yoast SEO plugin v25.9 - https:\/\/yoast.com\/wordpress\/plugins\/seo\/ -->\n<title>Pendones leoneses - Disfrute de la fotograf\u00eda sin palabras<\/title>\n<meta name=\"description\" content=\"Fotograf\u00edas de Iv\u00e1n Ramos Mu\u00f1oz. Fotograf\u00edas realizadas en diferentes fiestas locales en las que los pendones se izan y pasean por las calles.\" \/>\n<meta name=\"robots\" content=\"index, follow, max-snippet:-1, max-image-preview:large, max-video-preview:-1\" \/>\n<link rel=\"canonical\" href=\"https:\/\/www.fotografiassinpalabras.com\/blog\/pendones-leoneses\/\" \/>\n<meta property=\"og:locale\" content=\"es_ES\" \/>\n<meta property=\"og:type\" content=\"article\" \/>\n<meta property=\"og:title\" content=\"Pendones leoneses - Disfrute de la fotograf\u00eda sin palabras\" \/>\n<meta property=\"og:description\" content=\"Fotograf\u00edas de Iv\u00e1n Ramos Mu\u00f1oz. Fotograf\u00edas realizadas en diferentes fiestas locales en las que los pendones se izan y pasean por las calles.\" \/>\n<meta property=\"og:url\" content=\"https:\/\/www.fotografiassinpalabras.com\/blog\/pendones-leoneses\/\" \/>\n<meta property=\"og:site_name\" content=\"Disfrute de la fotograf\u00eda sin palabras\" \/>\n<meta property=\"article:published_time\" content=\"2018-10-21T08:51:47+00:00\" \/>\n<meta property=\"article:modified_time\" content=\"2018-11-19T19:29:26+00:00\" \/>\n<meta property=\"og:image\" content=\"https:\/\/www.fotografiassinpalabras.com\/blog\/wp-content\/uploads\/2018\/10\/30369816967_9fcfe37a87.jpg\" \/>\n\t<meta property=\"og:image:width\" content=\"1024\" \/>\n\t<meta property=\"og:image:height\" content=\"768\" \/>\n\t<meta property=\"og:image:type\" content=\"image\/jpeg\" \/>\n<meta name=\"author\" content=\"Iv\u00e1n Ramos Mu\u00f1oz\" \/>\n<meta name=\"twitter:card\" content=\"summary_large_image\" \/>\n<meta name=\"twitter:creator\" content=\"@ivanuski9\" \/>\n<meta name=\"twitter:site\" content=\"@ivanuski9\" \/>\n<meta name=\"twitter:label1\" content=\"Escrito por\" \/>\n\t<meta name=\"twitter:data1\" content=\"Iv\u00e1n Ramos Mu\u00f1oz\" \/>\n\t<meta name=\"twitter:label2\" content=\"Tiempo de lectura\" \/>\n\t<meta name=\"twitter:data2\" content=\"3 minutos\" \/>\n<script type=\"application\/ld+json\" class=\"yoast-schema-graph\">{\"@context\":\"https:\/\/schema.org\",\"@graph\":[{\"@type\":\"Article\",\"@id\":\"https:\/\/www.fotografiassinpalabras.com\/blog\/pendones-leoneses\/#article\",\"isPartOf\":{\"@id\":\"https:\/\/www.fotografiassinpalabras.com\/blog\/pendones-leoneses\/\"},\"author\":{\"name\":\"Iv\u00e1n Ramos Mu\u00f1oz\",\"@id\":\"https:\/\/www.fotografiassinpalabras.com\/blog\/#\/schema\/person\/570c06dfae5d1ac88c889586f451770e\"},\"headline\":\"Pendones leoneses\",\"datePublished\":\"2018-10-21T08:51:47+00:00\",\"dateModified\":\"2018-11-19T19:29:26+00:00\",\"mainEntityOfPage\":{\"@id\":\"https:\/\/www.fotografiassinpalabras.com\/blog\/pendones-leoneses\/\"},\"wordCount\":513,\"commentCount\":0,\"publisher\":{\"@id\":\"https:\/\/www.fotografiassinpalabras.com\/blog\/#\/schema\/person\/570c06dfae5d1ac88c889586f451770e\"},\"image\":{\"@id\":\"https:\/\/www.fotografiassinpalabras.com\/blog\/pendones-leoneses\/#primaryimage\"},\"thumbnailUrl\":\"https:\/\/www.fotografiassinpalabras.com\/blog\/wp-content\/uploads\/2018\/10\/30369816967_9fcfe37a87.jpg\",\"keywords\":[\"bandera\",\"E-M1\",\"fiestas\",\"fotografia\",\"Le\u00f3n\",\"Olympus\",\"OM-D\",\"pend\u00f3n\",\"pendones\",\"procesi\u00f3n\",\"Reino\"],\"inLanguage\":\"es\",\"potentialAction\":[{\"@type\":\"CommentAction\",\"name\":\"Comment\",\"target\":[\"https:\/\/www.fotografiassinpalabras.com\/blog\/pendones-leoneses\/#respond\"]}]},{\"@type\":\"WebPage\",\"@id\":\"https:\/\/www.fotografiassinpalabras.com\/blog\/pendones-leoneses\/\",\"url\":\"https:\/\/www.fotografiassinpalabras.com\/blog\/pendones-leoneses\/\",\"name\":\"Pendones leoneses - Disfrute de la fotograf\u00eda sin palabras\",\"isPartOf\":{\"@id\":\"https:\/\/www.fotografiassinpalabras.com\/blog\/#website\"},\"primaryImageOfPage\":{\"@id\":\"https:\/\/www.fotografiassinpalabras.com\/blog\/pendones-leoneses\/#primaryimage\"},\"image\":{\"@id\":\"https:\/\/www.fotografiassinpalabras.com\/blog\/pendones-leoneses\/#primaryimage\"},\"thumbnailUrl\":\"https:\/\/www.fotografiassinpalabras.com\/blog\/wp-content\/uploads\/2018\/10\/30369816967_9fcfe37a87.jpg\",\"datePublished\":\"2018-10-21T08:51:47+00:00\",\"dateModified\":\"2018-11-19T19:29:26+00:00\",\"description\":\"Fotograf\u00edas de Iv\u00e1n Ramos Mu\u00f1oz. Fotograf\u00edas realizadas en diferentes fiestas locales en las que los pendones se izan y pasean por las calles.\",\"breadcrumb\":{\"@id\":\"https:\/\/www.fotografiassinpalabras.com\/blog\/pendones-leoneses\/#breadcrumb\"},\"inLanguage\":\"es\",\"potentialAction\":[{\"@type\":\"ReadAction\",\"target\":[\"https:\/\/www.fotografiassinpalabras.com\/blog\/pendones-leoneses\/\"]}]},{\"@type\":\"ImageObject\",\"inLanguage\":\"es\",\"@id\":\"https:\/\/www.fotografiassinpalabras.com\/blog\/pendones-leoneses\/#primaryimage\",\"url\":\"https:\/\/www.fotografiassinpalabras.com\/blog\/wp-content\/uploads\/2018\/10\/30369816967_9fcfe37a87.jpg\",\"contentUrl\":\"https:\/\/www.fotografiassinpalabras.com\/blog\/wp-content\/uploads\/2018\/10\/30369816967_9fcfe37a87.jpg\",\"width\":1024,\"height\":768},{\"@type\":\"BreadcrumbList\",\"@id\":\"https:\/\/www.fotografiassinpalabras.com\/blog\/pendones-leoneses\/#breadcrumb\",\"itemListElement\":[{\"@type\":\"ListItem\",\"position\":1,\"name\":\"Portada\",\"item\":\"https:\/\/www.fotografiassinpalabras.com\/blog\/\"},{\"@type\":\"ListItem\",\"position\":2,\"name\":\"Pendones leoneses\"}]},{\"@type\":\"WebSite\",\"@id\":\"https:\/\/www.fotografiassinpalabras.com\/blog\/#website\",\"url\":\"https:\/\/www.fotografiassinpalabras.com\/blog\/\",\"name\":\"Disfrute de la fotograf\u00eda sin palabras\",\"description\":\"Este blog pretende abrir una ventana a mis fotograf\u00edas. En \u00e9l ir\u00e9 colgando las fotograf\u00edas que voy haciendo sin ning\u00fan tipo de explicaci\u00f3n, simplemente im\u00e1genes que intentar\u00e1n mostrar una historia, un lugar o simplemente instant\u00e1neas sueltas del mundo que nos rodea. #fotografiassinpalabras\",\"publisher\":{\"@id\":\"https:\/\/www.fotografiassinpalabras.com\/blog\/#\/schema\/person\/570c06dfae5d1ac88c889586f451770e\"},\"potentialAction\":[{\"@type\":\"SearchAction\",\"target\":{\"@type\":\"EntryPoint\",\"urlTemplate\":\"https:\/\/www.fotografiassinpalabras.com\/blog\/?s={search_term_string}\"},\"query-input\":{\"@type\":\"PropertyValueSpecification\",\"valueRequired\":true,\"valueName\":\"search_term_string\"}}],\"inLanguage\":\"es\"},{\"@type\":[\"Person\",\"Organization\"],\"@id\":\"https:\/\/www.fotografiassinpalabras.com\/blog\/#\/schema\/person\/570c06dfae5d1ac88c889586f451770e\",\"name\":\"Iv\u00e1n Ramos Mu\u00f1oz\",\"image\":{\"@type\":\"ImageObject\",\"inLanguage\":\"es\",\"@id\":\"https:\/\/www.fotografiassinpalabras.com\/blog\/#\/schema\/person\/image\/\",\"url\":\"https:\/\/www.fotografiassinpalabras.com\/blog\/wp-content\/uploads\/2017\/11\/3064514_1024px.jpg\",\"contentUrl\":\"https:\/\/www.fotografiassinpalabras.com\/blog\/wp-content\/uploads\/2017\/11\/3064514_1024px.jpg\",\"width\":1024,\"height\":1024,\"caption\":\"Iv\u00e1n Ramos Mu\u00f1oz\"},\"logo\":{\"@id\":\"https:\/\/www.fotografiassinpalabras.com\/blog\/#\/schema\/person\/image\/\"},\"sameAs\":[\"https:\/\/www.fotografiassinpalabras.com\/blog\",\"https:\/\/x.com\/ivanuski9\"]}]}<\/script>\n<!-- \/ Yoast SEO plugin. -->","yoast_head_json":{"title":"Pendones leoneses - Disfrute de la fotograf\u00eda sin palabras","description":"Fotograf\u00edas de Iv\u00e1n Ramos Mu\u00f1oz. Fotograf\u00edas realizadas en diferentes fiestas locales en las que los pendones se izan y pasean por las calles.","robots":{"index":"index","follow":"follow","max-snippet":"max-snippet:-1","max-image-preview":"max-image-preview:large","max-video-preview":"max-video-preview:-1"},"canonical":"https:\/\/www.fotografiassinpalabras.com\/blog\/pendones-leoneses\/","og_locale":"es_ES","og_type":"article","og_title":"Pendones leoneses - Disfrute de la fotograf\u00eda sin palabras","og_description":"Fotograf\u00edas de Iv\u00e1n Ramos Mu\u00f1oz. Fotograf\u00edas realizadas en diferentes fiestas locales en las que los pendones se izan y pasean por las calles.","og_url":"https:\/\/www.fotografiassinpalabras.com\/blog\/pendones-leoneses\/","og_site_name":"Disfrute de la fotograf\u00eda sin palabras","article_published_time":"2018-10-21T08:51:47+00:00","article_modified_time":"2018-11-19T19:29:26+00:00","og_image":[{"width":1024,"height":768,"url":"https:\/\/www.fotografiassinpalabras.com\/blog\/wp-content\/uploads\/2018\/10\/30369816967_9fcfe37a87.jpg","type":"image\/jpeg"}],"author":"Iv\u00e1n Ramos Mu\u00f1oz","twitter_card":"summary_large_image","twitter_creator":"@ivanuski9","twitter_site":"@ivanuski9","twitter_misc":{"Escrito por":"Iv\u00e1n Ramos Mu\u00f1oz","Tiempo de lectura":"3 minutos"},"schema":{"@context":"https:\/\/schema.org","@graph":[{"@type":"Article","@id":"https:\/\/www.fotografiassinpalabras.com\/blog\/pendones-leoneses\/#article","isPartOf":{"@id":"https:\/\/www.fotografiassinpalabras.com\/blog\/pendones-leoneses\/"},"author":{"name":"Iv\u00e1n Ramos Mu\u00f1oz","@id":"https:\/\/www.fotografiassinpalabras.com\/blog\/#\/schema\/person\/570c06dfae5d1ac88c889586f451770e"},"headline":"Pendones leoneses","datePublished":"2018-10-21T08:51:47+00:00","dateModified":"2018-11-19T19:29:26+00:00","mainEntityOfPage":{"@id":"https:\/\/www.fotografiassinpalabras.com\/blog\/pendones-leoneses\/"},"wordCount":513,"commentCount":0,"publisher":{"@id":"https:\/\/www.fotografiassinpalabras.com\/blog\/#\/schema\/person\/570c06dfae5d1ac88c889586f451770e"},"image":{"@id":"https:\/\/www.fotografiassinpalabras.com\/blog\/pendones-leoneses\/#primaryimage"},"thumbnailUrl":"https:\/\/www.fotografiassinpalabras.com\/blog\/wp-content\/uploads\/2018\/10\/30369816967_9fcfe37a87.jpg","keywords":["bandera","E-M1","fiestas","fotografia","Le\u00f3n","Olympus","OM-D","pend\u00f3n","pendones","procesi\u00f3n","Reino"],"inLanguage":"es","potentialAction":[{"@type":"CommentAction","name":"Comment","target":["https:\/\/www.fotografiassinpalabras.com\/blog\/pendones-leoneses\/#respond"]}]},{"@type":"WebPage","@id":"https:\/\/www.fotografiassinpalabras.com\/blog\/pendones-leoneses\/","url":"https:\/\/www.fotografiassinpalabras.com\/blog\/pendones-leoneses\/","name":"Pendones leoneses - Disfrute de la fotograf\u00eda sin palabras","isPartOf":{"@id":"https:\/\/www.fotografiassinpalabras.com\/blog\/#website"},"primaryImageOfPage":{"@id":"https:\/\/www.fotografiassinpalabras.com\/blog\/pendones-leoneses\/#primaryimage"},"image":{"@id":"https:\/\/www.fotografiassinpalabras.com\/blog\/pendones-leoneses\/#primaryimage"},"thumbnailUrl":"https:\/\/www.fotografiassinpalabras.com\/blog\/wp-content\/uploads\/2018\/10\/30369816967_9fcfe37a87.jpg","datePublished":"2018-10-21T08:51:47+00:00","dateModified":"2018-11-19T19:29:26+00:00","description":"Fotograf\u00edas de Iv\u00e1n Ramos Mu\u00f1oz. Fotograf\u00edas realizadas en diferentes fiestas locales en las que los pendones se izan y pasean por las calles.","breadcrumb":{"@id":"https:\/\/www.fotografiassinpalabras.com\/blog\/pendones-leoneses\/#breadcrumb"},"inLanguage":"es","potentialAction":[{"@type":"ReadAction","target":["https:\/\/www.fotografiassinpalabras.com\/blog\/pendones-leoneses\/"]}]},{"@type":"ImageObject","inLanguage":"es","@id":"https:\/\/www.fotografiassinpalabras.com\/blog\/pendones-leoneses\/#primaryimage","url":"https:\/\/www.fotografiassinpalabras.com\/blog\/wp-content\/uploads\/2018\/10\/30369816967_9fcfe37a87.jpg","contentUrl":"https:\/\/www.fotografiassinpalabras.com\/blog\/wp-content\/uploads\/2018\/10\/30369816967_9fcfe37a87.jpg","width":1024,"height":768},{"@type":"BreadcrumbList","@id":"https:\/\/www.fotografiassinpalabras.com\/blog\/pendones-leoneses\/#breadcrumb","itemListElement":[{"@type":"ListItem","position":1,"name":"Portada","item":"https:\/\/www.fotografiassinpalabras.com\/blog\/"},{"@type":"ListItem","position":2,"name":"Pendones leoneses"}]},{"@type":"WebSite","@id":"https:\/\/www.fotografiassinpalabras.com\/blog\/#website","url":"https:\/\/www.fotografiassinpalabras.com\/blog\/","name":"Disfrute de la fotograf\u00eda sin palabras","description":"Este blog pretende abrir una ventana a mis fotograf\u00edas. En \u00e9l ir\u00e9 colgando las fotograf\u00edas que voy haciendo sin ning\u00fan tipo de explicaci\u00f3n, simplemente im\u00e1genes que intentar\u00e1n mostrar una historia, un lugar o simplemente instant\u00e1neas sueltas del mundo que nos rodea. #fotografiassinpalabras","publisher":{"@id":"https:\/\/www.fotografiassinpalabras.com\/blog\/#\/schema\/person\/570c06dfae5d1ac88c889586f451770e"},"potentialAction":[{"@type":"SearchAction","target":{"@type":"EntryPoint","urlTemplate":"https:\/\/www.fotografiassinpalabras.com\/blog\/?s={search_term_string}"},"query-input":{"@type":"PropertyValueSpecification","valueRequired":true,"valueName":"search_term_string"}}],"inLanguage":"es"},{"@type":["Person","Organization"],"@id":"https:\/\/www.fotografiassinpalabras.com\/blog\/#\/schema\/person\/570c06dfae5d1ac88c889586f451770e","name":"Iv\u00e1n Ramos Mu\u00f1oz","image":{"@type":"ImageObject","inLanguage":"es","@id":"https:\/\/www.fotografiassinpalabras.com\/blog\/#\/schema\/person\/image\/","url":"https:\/\/www.fotografiassinpalabras.com\/blog\/wp-content\/uploads\/2017\/11\/3064514_1024px.jpg","contentUrl":"https:\/\/www.fotografiassinpalabras.com\/blog\/wp-content\/uploads\/2017\/11\/3064514_1024px.jpg","width":1024,"height":1024,"caption":"Iv\u00e1n Ramos Mu\u00f1oz"},"logo":{"@id":"https:\/\/www.fotografiassinpalabras.com\/blog\/#\/schema\/person\/image\/"},"sameAs":["https:\/\/www.fotografiassinpalabras.com\/blog","https:\/\/x.com\/ivanuski9"]}]}},"_links":{"self":[{"href":"https:\/\/www.fotografiassinpalabras.com\/blog\/wp-json\/wp\/v2\/posts\/482","targetHints":{"allow":["GET"]}}],"collection":[{"href":"https:\/\/www.fotografiassinpalabras.com\/blog\/wp-json\/wp\/v2\/posts"}],"about":[{"href":"https:\/\/www.fotografiassinpalabras.com\/blog\/wp-json\/wp\/v2\/types\/post"}],"author":[{"embeddable":true,"href":"https:\/\/www.fotografiassinpalabras.com\/blog\/wp-json\/wp\/v2\/users\/1"}],"replies":[{"embeddable":true,"href":"https:\/\/www.fotografiassinpalabras.com\/blog\/wp-json\/wp\/v2\/comments?post=482"}],"version-history":[{"count":8,"href":"https:\/\/www.fotografiassinpalabras.com\/blog\/wp-json\/wp\/v2\/posts\/482\/revisions"}],"predecessor-version":[{"id":761,"href":"https:\/\/www.fotografiassinpalabras.com\/blog\/wp-json\/wp\/v2\/posts\/482\/revisions\/761"}],"wp:featuredmedia":[{"embeddable":true,"href":"https:\/\/www.fotografiassinpalabras.com\/blog\/wp-json\/wp\/v2\/media\/703"}],"wp:attachment":[{"href":"https:\/\/www.fotografiassinpalabras.com\/blog\/wp-json\/wp\/v2\/media?parent=482"}],"wp:term":[{"taxonomy":"category","embeddable":true,"href":"https:\/\/www.fotografiassinpalabras.com\/blog\/wp-json\/wp\/v2\/categories?post=482"},{"taxonomy":"post_tag","embeddable":true,"href":"https:\/\/www.fotografiassinpalabras.com\/blog\/wp-json\/wp\/v2\/tags?post=482"}],"curies":[{"name":"wp","href":"https:\/\/api.w.org\/{rel}","templated":true}]}}