{"id":494,"date":"2018-11-17T09:00:27","date_gmt":"2018-11-17T08:00:27","guid":{"rendered":"https:\/\/www.fotografiassinpalabras.com\/blog\/?p=494"},"modified":"2018-11-19T20:41:06","modified_gmt":"2018-11-19T19:41:06","slug":"playa-del-silencio","status":"publish","type":"post","link":"https:\/\/www.fotografiassinpalabras.com\/blog\/playa-del-silencio\/","title":{"rendered":"Playa del Silencio"},"content":{"rendered":"<p>La entrada que os presento hoy pertenece a una serie que trata sobre fotograf\u00eda de costa. Pod\u00e9is ver las dos entradas anteriores aqu\u00ed: <a href=\"\/blog\/playa-de-portizuelo\/\">primera<\/a> y <a href=\"\/blog\/playa-de-la-gueirua\/\">segunda<\/a>. Todas las fotograf\u00edas est\u00e1n realizadas en la Playa del Silencio, esta fue la \u00faltima playa que visitamos el primer d\u00eda de taller con Rafa Irusta. El tiempo no mejor\u00f3 mucho en esta localizaci\u00f3n, llov\u00eda a ratos y el viento azotaba bastante en la parte de arriba. Pero, como vimos en la segunda entrada, hay que intentar hacer fotos. La verdad es que este tiempo se vio acompa\u00f1ado de algunos momentos de luz en el atardecer muy espectaculares.<\/p>\n<p>Esta playa no tiene arena y est\u00e1 llena de peque\u00f1as piedras rodadas. Esto, junto con la pendiente de la orilla, hace que tenga un ruido muy caracter\u00edstico. Este fue el primer elemento que me llam\u00f3 la atenci\u00f3n y que intent\u00e9 fotografiar. Cuando vas a una localizaci\u00f3n sueles realizar bastantes composiciones y te juntas con muchas fotograf\u00edas similares. Al llegar a casa es el momento de decidir cu\u00e1l te gusta m\u00e1s, cu\u00e1l tiene mejor calidad t\u00e9cnica, en cu\u00e1l la exposici\u00f3n fue m\u00e1s precisa, qu\u00e9 instante capturaste mejor&#8230; Lo cierto es que es mi caballo de batalla, me gusta realizar fotograf\u00edas pero no seleccionar y revelar. Por mi trabajo paso muchas horas delante de un ordenador y pasar parte de mi tiempo libre mirando una pantalla se hace duro. En muchas ocasiones algunas de las fotograf\u00edas que pod\u00e9is ver en el blog son de hace un a\u00f1o. Revisitar tus fotograf\u00edas despu\u00e9s de un tiempo ayuda mucho a tener un mejor punto de vista y ser m\u00e1s cr\u00edtico con ellas. Durante el curso, Rafa Irusta nos dio este mismo consejo, que adem\u00e1s he o\u00eddo a m\u00e1s fot\u00f3grafos profesionales, como por ejemplo, Jota. Las redes sociales a veces van en contra de esto y hacen que publiques cosas que luego con el tiempo no envejecen bien.<\/p>\n<p>\u00bfMe ayudas a elegir? Pon un comentario diciendo cual es tu favorita. Nos vemos en el pr\u00f3ximo post.<\/p>\n<p><!--more--><\/p>\n<p><div style=\"width: 510px\" class=\"wp-caption aligncenter\"><a title=\"Playa del Silencio\" href=\"\/blog\/wp-content\/uploads\/2018\/11\/44945607215_78b4372da4.jpg\" target=\"_blank\" rel=\"noopener\"><img loading=\"lazy\" decoding=\"async\" title=\"Playa del Silencio\" src=\"\/blog\/wp-content\/uploads\/2018\/11\/44945607215_78b4372da4.jpg\" alt=\"Playa del Silencio\" width=\"500\" height=\"375\" \/><\/a><p class=\"wp-caption-text\"><a href=\"\/blog\/wp-content\/uploads\/2018\/11\/44945607215_78b4372da4.jpg\" target=\"_blank\" rel=\"noopener\">Playa del Silencio<\/a><\/p><\/div><br \/>\n<div style=\"width: 510px\" class=\"wp-caption aligncenter\"><a title=\"Detalle en roca\" href=\"\/blog\/wp-content\/uploads\/2018\/11\/44945607805_8bfb83f037.jpg\" target=\"_blank\" rel=\"noopener\"><img loading=\"lazy\" decoding=\"async\" title=\"Detalle en roca\" src=\"\/blog\/wp-content\/uploads\/2018\/11\/44945607805_8bfb83f037.jpg\" alt=\"Detalle en roca\" width=\"500\" height=\"375\" \/><\/a><p class=\"wp-caption-text\"><a href=\"\/blog\/wp-content\/uploads\/2018\/11\/44945607805_8bfb83f037.jpg\" target=\"_blank\" rel=\"noopener\">Detalle en roca<\/a><\/p><\/div><br \/>\n<div style=\"width: 510px\" class=\"wp-caption aligncenter\"><a title=\"Playa del Silencio\" href=\"\/blog\/wp-content\/uploads\/2018\/11\/44041892470_2bf58323ee.jpg\" target=\"_blank\" rel=\"noopener\"><img loading=\"lazy\" decoding=\"async\" title=\"Playa del Silencio\" src=\"\/blog\/wp-content\/uploads\/2018\/11\/44041892470_2bf58323ee.jpg\" alt=\"Playa del Silencio\" width=\"500\" height=\"375\" \/><\/a><p class=\"wp-caption-text\"><a href=\"\/blog\/wp-content\/uploads\/2018\/11\/44041892470_2bf58323ee.jpg\" target=\"_blank\" rel=\"noopener\">Playa del Silencio<\/a><\/p><\/div><br \/>\n<div style=\"width: 510px\" class=\"wp-caption aligncenter\"><a title=\"Playa del Silencio\" href=\"\/blog\/wp-content\/uploads\/2018\/11\/45133972674_ef84d3c21d.jpg\" target=\"_blank\" rel=\"noopener\"><img loading=\"lazy\" decoding=\"async\" title=\"Playa del Silencio\" src=\"\/blog\/wp-content\/uploads\/2018\/11\/45133972674_ef84d3c21d.jpg\" alt=\"Playa del Silencio\" width=\"500\" height=\"375\" \/><\/a><p class=\"wp-caption-text\"><a href=\"\/blog\/wp-content\/uploads\/2018\/11\/45133972674_ef84d3c21d.jpg\" target=\"_blank\" rel=\"noopener\">Playa del Silencio<\/a><\/p><\/div><br \/>\n<div style=\"width: 510px\" class=\"wp-caption aligncenter\"><a title=\"Espuma\" href=\"\/blog\/wp-content\/uploads\/2018\/11\/45809169952_c1fc8b910a.jpg\" target=\"_blank\" rel=\"noopener\"><img loading=\"lazy\" decoding=\"async\" title=\"Espuma\" src=\"\/blog\/wp-content\/uploads\/2018\/11\/45809169952_c1fc8b910a.jpg\" alt=\"Espuma\" width=\"500\" height=\"375\" \/><\/a><p class=\"wp-caption-text\"><a href=\"\/blog\/wp-content\/uploads\/2018\/11\/45809169952_c1fc8b910a.jpg\" target=\"_blank\" rel=\"noopener\">Espuma<\/a><\/p><\/div><br \/>\n<div style=\"width: 510px\" class=\"wp-caption aligncenter\"><a title=\"Playa del Silencio\" href=\"\/blog\/wp-content\/uploads\/2018\/11\/31987548398_c30de069cb.jpg\" target=\"_blank\" rel=\"noopener\"><img loading=\"lazy\" decoding=\"async\" title=\"Playa del Silencio\" src=\"\/blog\/wp-content\/uploads\/2018\/11\/31987548398_c30de069cb.jpg\" alt=\"Playa del Silencio\" width=\"500\" height=\"375\" \/><\/a><p class=\"wp-caption-text\"><a href=\"\/blog\/wp-content\/uploads\/2018\/11\/31987548398_c30de069cb.jpg\" target=\"_blank\" rel=\"noopener\">Playa del Silencio<\/a><\/p><\/div><br \/>\n<div style=\"width: 510px\" class=\"wp-caption aligncenter\"><a title=\"Playa del Silencio\" href=\"\/blog\/wp-content\/uploads\/2018\/11\/45133967604_9b645b959d.jpg\" target=\"_blank\" rel=\"noopener\"><img loading=\"lazy\" decoding=\"async\" title=\"Playa del Silencio\" src=\"\/blog\/wp-content\/uploads\/2018\/11\/45133967604_9b645b959d.jpg\" alt=\"Playa del Silencio\" width=\"500\" height=\"375\" \/><\/a><p class=\"wp-caption-text\"><a href=\"\/blog\/wp-content\/uploads\/2018\/11\/45133967604_9b645b959d.jpg\" target=\"_blank\" rel=\"noopener\">Playa del Silencio<\/a><\/p><\/div><br \/>\n<div style=\"width: 510px\" class=\"wp-caption aligncenter\"><a title=\"Playa del Silencio\" href=\"\/blog\/wp-content\/uploads\/2018\/11\/45809167872_f949fc3080.jpg\" target=\"_blank\" rel=\"noopener\"><img loading=\"lazy\" decoding=\"async\" title=\"Playa del Silencio\" src=\"\/blog\/wp-content\/uploads\/2018\/11\/45809167872_f949fc3080.jpg\" alt=\"Playa del Silencio\" width=\"500\" height=\"375\" \/><\/a><p class=\"wp-caption-text\"><a href=\"\/blog\/wp-content\/uploads\/2018\/11\/45809167872_f949fc3080.jpg\" target=\"_blank\" rel=\"noopener\">Playa del Silencio<\/a><\/p><\/div><br \/>\n<div style=\"width: 510px\" class=\"wp-caption aligncenter\"><a title=\"Playa del Silencio\" href=\"\/blog\/wp-content\/uploads\/2018\/11\/45858512471_cd57686aaf.jpg\" target=\"_blank\" rel=\"noopener\"><img loading=\"lazy\" decoding=\"async\" title=\"Playa del Silencio\" src=\"\/blog\/wp-content\/uploads\/2018\/11\/45858512471_cd57686aaf.jpg\" alt=\"Playa del Silencio\" width=\"500\" height=\"375\" \/><\/a><p class=\"wp-caption-text\"><a href=\"\/blog\/wp-content\/uploads\/2018\/11\/45858512471_cd57686aaf.jpg\" target=\"_blank\" rel=\"noopener\">Playa del Silencio<\/a><\/p><\/div><\/p>\n","protected":false},"excerpt":{"rendered":"<p>La entrada que os presento hoy pertenece a una serie que trata sobre fotograf\u00eda de costa. Pod\u00e9is ver las dos entradas anteriores aqu\u00ed: primera y segunda. Todas las fotograf\u00edas est\u00e1n realizadas en la Playa del Silencio, esta fue la \u00faltima playa que visitamos el primer d\u00eda de taller con Rafa Irusta. El tiempo no mejor\u00f3 [&hellip;]<\/p>\n","protected":false},"author":1,"featured_media":712,"comment_status":"open","ping_status":"open","sticky":false,"template":"","format":"standard","meta":{"_exactmetrics_skip_tracking":false,"_exactmetrics_sitenote_active":false,"_exactmetrics_sitenote_note":"","_exactmetrics_sitenote_category":0,"footnotes":""},"categories":[1],"tags":[261,436,293,544,265,547,249,548,256,377,555],"class_list":["post-494","post","type-post","status-publish","format-standard","has-post-thumbnail","hentry","category-sin-categoria","tag-agua","tag-asturias","tag-atardecer","tag-costa","tag-e-m1","tag-filtros","tag-fotografia","tag-nd","tag-olympus","tag-playa","tag-silencio"],"yoast_head":"<!-- This site is optimized with the Yoast SEO plugin v25.9 - https:\/\/yoast.com\/wordpress\/plugins\/seo\/ -->\n<title>Playa del Silencio - Disfrute de la fotograf\u00eda sin palabras<\/title>\n<meta name=\"description\" content=\"Fotograf\u00edas de Iv\u00e1n Ramos Mu\u00f1oz. Fotograf\u00edas realizadas en el taller de costa con Rafa Irusta. Utilizaci\u00f3n de filtros ND, filtros degradados.\" \/>\n<meta name=\"robots\" content=\"index, follow, max-snippet:-1, max-image-preview:large, max-video-preview:-1\" \/>\n<link rel=\"canonical\" href=\"https:\/\/www.fotografiassinpalabras.com\/blog\/playa-del-silencio\/\" \/>\n<meta property=\"og:locale\" content=\"es_ES\" \/>\n<meta property=\"og:type\" content=\"article\" \/>\n<meta property=\"og:title\" content=\"Playa del Silencio - Disfrute de la fotograf\u00eda sin palabras\" \/>\n<meta property=\"og:description\" content=\"Fotograf\u00edas de Iv\u00e1n Ramos Mu\u00f1oz. Fotograf\u00edas realizadas en el taller de costa con Rafa Irusta. Utilizaci\u00f3n de filtros ND, filtros degradados.\" \/>\n<meta property=\"og:url\" content=\"https:\/\/www.fotografiassinpalabras.com\/blog\/playa-del-silencio\/\" \/>\n<meta property=\"og:site_name\" content=\"Disfrute de la fotograf\u00eda sin palabras\" \/>\n<meta property=\"article:published_time\" content=\"2018-11-17T08:00:27+00:00\" \/>\n<meta property=\"article:modified_time\" content=\"2018-11-19T19:41:06+00:00\" \/>\n<meta property=\"og:image\" content=\"https:\/\/www.fotografiassinpalabras.com\/blog\/wp-content\/uploads\/2018\/11\/44945607215_78b4372da4.jpg\" \/>\n\t<meta property=\"og:image:width\" content=\"1024\" \/>\n\t<meta property=\"og:image:height\" content=\"768\" \/>\n\t<meta property=\"og:image:type\" content=\"image\/jpeg\" \/>\n<meta name=\"author\" content=\"Iv\u00e1n Ramos Mu\u00f1oz\" \/>\n<meta name=\"twitter:card\" content=\"summary_large_image\" \/>\n<meta name=\"twitter:creator\" content=\"@ivanuski9\" \/>\n<meta name=\"twitter:site\" content=\"@ivanuski9\" \/>\n<meta name=\"twitter:label1\" content=\"Escrito por\" \/>\n\t<meta name=\"twitter:data1\" content=\"Iv\u00e1n Ramos Mu\u00f1oz\" \/>\n\t<meta name=\"twitter:label2\" content=\"Tiempo de lectura\" \/>\n\t<meta name=\"twitter:data2\" content=\"2 minutos\" \/>\n<script type=\"application\/ld+json\" class=\"yoast-schema-graph\">{\"@context\":\"https:\/\/schema.org\",\"@graph\":[{\"@type\":\"Article\",\"@id\":\"https:\/\/www.fotografiassinpalabras.com\/blog\/playa-del-silencio\/#article\",\"isPartOf\":{\"@id\":\"https:\/\/www.fotografiassinpalabras.com\/blog\/playa-del-silencio\/\"},\"author\":{\"name\":\"Iv\u00e1n Ramos Mu\u00f1oz\",\"@id\":\"https:\/\/www.fotografiassinpalabras.com\/blog\/#\/schema\/person\/570c06dfae5d1ac88c889586f451770e\"},\"headline\":\"Playa del Silencio\",\"datePublished\":\"2018-11-17T08:00:27+00:00\",\"dateModified\":\"2018-11-19T19:41:06+00:00\",\"mainEntityOfPage\":{\"@id\":\"https:\/\/www.fotografiassinpalabras.com\/blog\/playa-del-silencio\/\"},\"wordCount\":448,\"commentCount\":0,\"publisher\":{\"@id\":\"https:\/\/www.fotografiassinpalabras.com\/blog\/#\/schema\/person\/570c06dfae5d1ac88c889586f451770e\"},\"image\":{\"@id\":\"https:\/\/www.fotografiassinpalabras.com\/blog\/playa-del-silencio\/#primaryimage\"},\"thumbnailUrl\":\"https:\/\/www.fotografiassinpalabras.com\/blog\/wp-content\/uploads\/2018\/11\/44945607215_78b4372da4.jpg\",\"keywords\":[\"agua\",\"asturias\",\"atardecer\",\"costa\",\"E-M1\",\"filtros\",\"fotografia\",\"ND\",\"Olympus\",\"playa\",\"Silencio\"],\"inLanguage\":\"es\",\"potentialAction\":[{\"@type\":\"CommentAction\",\"name\":\"Comment\",\"target\":[\"https:\/\/www.fotografiassinpalabras.com\/blog\/playa-del-silencio\/#respond\"]}]},{\"@type\":\"WebPage\",\"@id\":\"https:\/\/www.fotografiassinpalabras.com\/blog\/playa-del-silencio\/\",\"url\":\"https:\/\/www.fotografiassinpalabras.com\/blog\/playa-del-silencio\/\",\"name\":\"Playa del Silencio - Disfrute de la fotograf\u00eda sin palabras\",\"isPartOf\":{\"@id\":\"https:\/\/www.fotografiassinpalabras.com\/blog\/#website\"},\"primaryImageOfPage\":{\"@id\":\"https:\/\/www.fotografiassinpalabras.com\/blog\/playa-del-silencio\/#primaryimage\"},\"image\":{\"@id\":\"https:\/\/www.fotografiassinpalabras.com\/blog\/playa-del-silencio\/#primaryimage\"},\"thumbnailUrl\":\"https:\/\/www.fotografiassinpalabras.com\/blog\/wp-content\/uploads\/2018\/11\/44945607215_78b4372da4.jpg\",\"datePublished\":\"2018-11-17T08:00:27+00:00\",\"dateModified\":\"2018-11-19T19:41:06+00:00\",\"description\":\"Fotograf\u00edas de Iv\u00e1n Ramos Mu\u00f1oz. Fotograf\u00edas realizadas en el taller de costa con Rafa Irusta. Utilizaci\u00f3n de filtros ND, filtros degradados.\",\"breadcrumb\":{\"@id\":\"https:\/\/www.fotografiassinpalabras.com\/blog\/playa-del-silencio\/#breadcrumb\"},\"inLanguage\":\"es\",\"potentialAction\":[{\"@type\":\"ReadAction\",\"target\":[\"https:\/\/www.fotografiassinpalabras.com\/blog\/playa-del-silencio\/\"]}]},{\"@type\":\"ImageObject\",\"inLanguage\":\"es\",\"@id\":\"https:\/\/www.fotografiassinpalabras.com\/blog\/playa-del-silencio\/#primaryimage\",\"url\":\"https:\/\/www.fotografiassinpalabras.com\/blog\/wp-content\/uploads\/2018\/11\/44945607215_78b4372da4.jpg\",\"contentUrl\":\"https:\/\/www.fotografiassinpalabras.com\/blog\/wp-content\/uploads\/2018\/11\/44945607215_78b4372da4.jpg\",\"width\":1024,\"height\":768},{\"@type\":\"BreadcrumbList\",\"@id\":\"https:\/\/www.fotografiassinpalabras.com\/blog\/playa-del-silencio\/#breadcrumb\",\"itemListElement\":[{\"@type\":\"ListItem\",\"position\":1,\"name\":\"Portada\",\"item\":\"https:\/\/www.fotografiassinpalabras.com\/blog\/\"},{\"@type\":\"ListItem\",\"position\":2,\"name\":\"Playa del Silencio\"}]},{\"@type\":\"WebSite\",\"@id\":\"https:\/\/www.fotografiassinpalabras.com\/blog\/#website\",\"url\":\"https:\/\/www.fotografiassinpalabras.com\/blog\/\",\"name\":\"Disfrute de la fotograf\u00eda sin palabras\",\"description\":\"Este blog pretende abrir una ventana a mis fotograf\u00edas. En \u00e9l ir\u00e9 colgando las fotograf\u00edas que voy haciendo sin ning\u00fan tipo de explicaci\u00f3n, simplemente im\u00e1genes que intentar\u00e1n mostrar una historia, un lugar o simplemente instant\u00e1neas sueltas del mundo que nos rodea. #fotografiassinpalabras\",\"publisher\":{\"@id\":\"https:\/\/www.fotografiassinpalabras.com\/blog\/#\/schema\/person\/570c06dfae5d1ac88c889586f451770e\"},\"potentialAction\":[{\"@type\":\"SearchAction\",\"target\":{\"@type\":\"EntryPoint\",\"urlTemplate\":\"https:\/\/www.fotografiassinpalabras.com\/blog\/?s={search_term_string}\"},\"query-input\":{\"@type\":\"PropertyValueSpecification\",\"valueRequired\":true,\"valueName\":\"search_term_string\"}}],\"inLanguage\":\"es\"},{\"@type\":[\"Person\",\"Organization\"],\"@id\":\"https:\/\/www.fotografiassinpalabras.com\/blog\/#\/schema\/person\/570c06dfae5d1ac88c889586f451770e\",\"name\":\"Iv\u00e1n Ramos Mu\u00f1oz\",\"image\":{\"@type\":\"ImageObject\",\"inLanguage\":\"es\",\"@id\":\"https:\/\/www.fotografiassinpalabras.com\/blog\/#\/schema\/person\/image\/\",\"url\":\"https:\/\/www.fotografiassinpalabras.com\/blog\/wp-content\/uploads\/2017\/11\/3064514_1024px.jpg\",\"contentUrl\":\"https:\/\/www.fotografiassinpalabras.com\/blog\/wp-content\/uploads\/2017\/11\/3064514_1024px.jpg\",\"width\":1024,\"height\":1024,\"caption\":\"Iv\u00e1n Ramos Mu\u00f1oz\"},\"logo\":{\"@id\":\"https:\/\/www.fotografiassinpalabras.com\/blog\/#\/schema\/person\/image\/\"},\"sameAs\":[\"https:\/\/www.fotografiassinpalabras.com\/blog\",\"https:\/\/x.com\/ivanuski9\"]}]}<\/script>\n<!-- \/ Yoast SEO plugin. -->","yoast_head_json":{"title":"Playa del Silencio - Disfrute de la fotograf\u00eda sin palabras","description":"Fotograf\u00edas de Iv\u00e1n Ramos Mu\u00f1oz. Fotograf\u00edas realizadas en el taller de costa con Rafa Irusta. Utilizaci\u00f3n de filtros ND, filtros degradados.","robots":{"index":"index","follow":"follow","max-snippet":"max-snippet:-1","max-image-preview":"max-image-preview:large","max-video-preview":"max-video-preview:-1"},"canonical":"https:\/\/www.fotografiassinpalabras.com\/blog\/playa-del-silencio\/","og_locale":"es_ES","og_type":"article","og_title":"Playa del Silencio - Disfrute de la fotograf\u00eda sin palabras","og_description":"Fotograf\u00edas de Iv\u00e1n Ramos Mu\u00f1oz. Fotograf\u00edas realizadas en el taller de costa con Rafa Irusta. Utilizaci\u00f3n de filtros ND, filtros degradados.","og_url":"https:\/\/www.fotografiassinpalabras.com\/blog\/playa-del-silencio\/","og_site_name":"Disfrute de la fotograf\u00eda sin palabras","article_published_time":"2018-11-17T08:00:27+00:00","article_modified_time":"2018-11-19T19:41:06+00:00","og_image":[{"width":1024,"height":768,"url":"https:\/\/www.fotografiassinpalabras.com\/blog\/wp-content\/uploads\/2018\/11\/44945607215_78b4372da4.jpg","type":"image\/jpeg"}],"author":"Iv\u00e1n Ramos Mu\u00f1oz","twitter_card":"summary_large_image","twitter_creator":"@ivanuski9","twitter_site":"@ivanuski9","twitter_misc":{"Escrito por":"Iv\u00e1n Ramos Mu\u00f1oz","Tiempo de lectura":"2 minutos"},"schema":{"@context":"https:\/\/schema.org","@graph":[{"@type":"Article","@id":"https:\/\/www.fotografiassinpalabras.com\/blog\/playa-del-silencio\/#article","isPartOf":{"@id":"https:\/\/www.fotografiassinpalabras.com\/blog\/playa-del-silencio\/"},"author":{"name":"Iv\u00e1n Ramos Mu\u00f1oz","@id":"https:\/\/www.fotografiassinpalabras.com\/blog\/#\/schema\/person\/570c06dfae5d1ac88c889586f451770e"},"headline":"Playa del Silencio","datePublished":"2018-11-17T08:00:27+00:00","dateModified":"2018-11-19T19:41:06+00:00","mainEntityOfPage":{"@id":"https:\/\/www.fotografiassinpalabras.com\/blog\/playa-del-silencio\/"},"wordCount":448,"commentCount":0,"publisher":{"@id":"https:\/\/www.fotografiassinpalabras.com\/blog\/#\/schema\/person\/570c06dfae5d1ac88c889586f451770e"},"image":{"@id":"https:\/\/www.fotografiassinpalabras.com\/blog\/playa-del-silencio\/#primaryimage"},"thumbnailUrl":"https:\/\/www.fotografiassinpalabras.com\/blog\/wp-content\/uploads\/2018\/11\/44945607215_78b4372da4.jpg","keywords":["agua","asturias","atardecer","costa","E-M1","filtros","fotografia","ND","Olympus","playa","Silencio"],"inLanguage":"es","potentialAction":[{"@type":"CommentAction","name":"Comment","target":["https:\/\/www.fotografiassinpalabras.com\/blog\/playa-del-silencio\/#respond"]}]},{"@type":"WebPage","@id":"https:\/\/www.fotografiassinpalabras.com\/blog\/playa-del-silencio\/","url":"https:\/\/www.fotografiassinpalabras.com\/blog\/playa-del-silencio\/","name":"Playa del Silencio - Disfrute de la fotograf\u00eda sin palabras","isPartOf":{"@id":"https:\/\/www.fotografiassinpalabras.com\/blog\/#website"},"primaryImageOfPage":{"@id":"https:\/\/www.fotografiassinpalabras.com\/blog\/playa-del-silencio\/#primaryimage"},"image":{"@id":"https:\/\/www.fotografiassinpalabras.com\/blog\/playa-del-silencio\/#primaryimage"},"thumbnailUrl":"https:\/\/www.fotografiassinpalabras.com\/blog\/wp-content\/uploads\/2018\/11\/44945607215_78b4372da4.jpg","datePublished":"2018-11-17T08:00:27+00:00","dateModified":"2018-11-19T19:41:06+00:00","description":"Fotograf\u00edas de Iv\u00e1n Ramos Mu\u00f1oz. Fotograf\u00edas realizadas en el taller de costa con Rafa Irusta. Utilizaci\u00f3n de filtros ND, filtros degradados.","breadcrumb":{"@id":"https:\/\/www.fotografiassinpalabras.com\/blog\/playa-del-silencio\/#breadcrumb"},"inLanguage":"es","potentialAction":[{"@type":"ReadAction","target":["https:\/\/www.fotografiassinpalabras.com\/blog\/playa-del-silencio\/"]}]},{"@type":"ImageObject","inLanguage":"es","@id":"https:\/\/www.fotografiassinpalabras.com\/blog\/playa-del-silencio\/#primaryimage","url":"https:\/\/www.fotografiassinpalabras.com\/blog\/wp-content\/uploads\/2018\/11\/44945607215_78b4372da4.jpg","contentUrl":"https:\/\/www.fotografiassinpalabras.com\/blog\/wp-content\/uploads\/2018\/11\/44945607215_78b4372da4.jpg","width":1024,"height":768},{"@type":"BreadcrumbList","@id":"https:\/\/www.fotografiassinpalabras.com\/blog\/playa-del-silencio\/#breadcrumb","itemListElement":[{"@type":"ListItem","position":1,"name":"Portada","item":"https:\/\/www.fotografiassinpalabras.com\/blog\/"},{"@type":"ListItem","position":2,"name":"Playa del Silencio"}]},{"@type":"WebSite","@id":"https:\/\/www.fotografiassinpalabras.com\/blog\/#website","url":"https:\/\/www.fotografiassinpalabras.com\/blog\/","name":"Disfrute de la fotograf\u00eda sin palabras","description":"Este blog pretende abrir una ventana a mis fotograf\u00edas. En \u00e9l ir\u00e9 colgando las fotograf\u00edas que voy haciendo sin ning\u00fan tipo de explicaci\u00f3n, simplemente im\u00e1genes que intentar\u00e1n mostrar una historia, un lugar o simplemente instant\u00e1neas sueltas del mundo que nos rodea. #fotografiassinpalabras","publisher":{"@id":"https:\/\/www.fotografiassinpalabras.com\/blog\/#\/schema\/person\/570c06dfae5d1ac88c889586f451770e"},"potentialAction":[{"@type":"SearchAction","target":{"@type":"EntryPoint","urlTemplate":"https:\/\/www.fotografiassinpalabras.com\/blog\/?s={search_term_string}"},"query-input":{"@type":"PropertyValueSpecification","valueRequired":true,"valueName":"search_term_string"}}],"inLanguage":"es"},{"@type":["Person","Organization"],"@id":"https:\/\/www.fotografiassinpalabras.com\/blog\/#\/schema\/person\/570c06dfae5d1ac88c889586f451770e","name":"Iv\u00e1n Ramos Mu\u00f1oz","image":{"@type":"ImageObject","inLanguage":"es","@id":"https:\/\/www.fotografiassinpalabras.com\/blog\/#\/schema\/person\/image\/","url":"https:\/\/www.fotografiassinpalabras.com\/blog\/wp-content\/uploads\/2017\/11\/3064514_1024px.jpg","contentUrl":"https:\/\/www.fotografiassinpalabras.com\/blog\/wp-content\/uploads\/2017\/11\/3064514_1024px.jpg","width":1024,"height":1024,"caption":"Iv\u00e1n Ramos Mu\u00f1oz"},"logo":{"@id":"https:\/\/www.fotografiassinpalabras.com\/blog\/#\/schema\/person\/image\/"},"sameAs":["https:\/\/www.fotografiassinpalabras.com\/blog","https:\/\/x.com\/ivanuski9"]}]}},"_links":{"self":[{"href":"https:\/\/www.fotografiassinpalabras.com\/blog\/wp-json\/wp\/v2\/posts\/494","targetHints":{"allow":["GET"]}}],"collection":[{"href":"https:\/\/www.fotografiassinpalabras.com\/blog\/wp-json\/wp\/v2\/posts"}],"about":[{"href":"https:\/\/www.fotografiassinpalabras.com\/blog\/wp-json\/wp\/v2\/types\/post"}],"author":[{"embeddable":true,"href":"https:\/\/www.fotografiassinpalabras.com\/blog\/wp-json\/wp\/v2\/users\/1"}],"replies":[{"embeddable":true,"href":"https:\/\/www.fotografiassinpalabras.com\/blog\/wp-json\/wp\/v2\/comments?post=494"}],"version-history":[{"count":6,"href":"https:\/\/www.fotografiassinpalabras.com\/blog\/wp-json\/wp\/v2\/posts\/494\/revisions"}],"predecessor-version":[{"id":759,"href":"https:\/\/www.fotografiassinpalabras.com\/blog\/wp-json\/wp\/v2\/posts\/494\/revisions\/759"}],"wp:featuredmedia":[{"embeddable":true,"href":"https:\/\/www.fotografiassinpalabras.com\/blog\/wp-json\/wp\/v2\/media\/712"}],"wp:attachment":[{"href":"https:\/\/www.fotografiassinpalabras.com\/blog\/wp-json\/wp\/v2\/media?parent=494"}],"wp:term":[{"taxonomy":"category","embeddable":true,"href":"https:\/\/www.fotografiassinpalabras.com\/blog\/wp-json\/wp\/v2\/categories?post=494"},{"taxonomy":"post_tag","embeddable":true,"href":"https:\/\/www.fotografiassinpalabras.com\/blog\/wp-json\/wp\/v2\/tags?post=494"}],"curies":[{"name":"wp","href":"https:\/\/api.w.org\/{rel}","templated":true}]}}